{"id":581591,"date":"2023-04-24T00:01:26","date_gmt":"2023-04-24T06:01:26","guid":{"rendered":"https:\/\/www.diarioimagen.net\/?p=581591"},"modified":"2023-04-25T21:53:49","modified_gmt":"2023-04-26T03:53:49","slug":"extranjeros-reportan-10-detenciones-arbitrarias-en-aeropuertos-diariamente","status":"publish","type":"post","link":"https:\/\/www.diarioimagen.net\/?p=581591","title":{"rendered":"Extranjeros reportan 10 detenciones arbitrarias en aeropuertos, diariamente"},"content":{"rendered":"<p>&nbsp;<\/p>\n<h3 style=\"text-align: center;\">Quejas contra personal del INM<\/h3>\n<p>&nbsp;<\/p>\n<ul>\n<li><strong><em>Aumentan denuncias por procedimientos irregulares: organizaci\u00f3n Sin Fronteras<\/em><\/strong><\/li>\n<\/ul>\n<p>&nbsp;<\/p>\n<p><a href=\"https:\/\/www.diarioimagen.net\/?attachment_id=581645\" rel=\"attachment wp-att-581645\"><img loading=\"lazy\" decoding=\"async\" class=\"aligncenter size-full wp-image-581645\" src=\"https:\/\/www.diarioimagen.net\/wp-content\/uploads\/2023\/04\/extranjeros.jpg\" alt=\"\" width=\"460\" height=\"270\" \/><\/a><\/p>\n<p>&nbsp;<\/p>\n<p>Ante la creciente problem\u00e1tica de detenciones de personas extranjeras y devoluciones arbitrarias en los aeropuertos internacionales de M\u00e9xico, la organizaci\u00f3n Sin Fronteras puso en marcha la campa\u00f1a #VocesAeropuertoMx, con la finalidad de tener un mejor registro de casos.<\/p>\n<p>Diariamente llegan a las redes sociales de la organizaci\u00f3n al menos 10 solicitudes de ayuda por parte de quienes no tienen noticia de sus familiares que viajaban a M\u00e9xico, entre ellas, se han vuelto comunes las de estudiantes, turistas o acad\u00e9micos que permanecen en el aeropuerto m\u00e1s de uno o dos d\u00edas, se\u00f1al\u00f3 Fernanda Rivero, coordinadora de comunicaci\u00f3n de la agrupaci\u00f3n.<\/p>\n<p>Las devoluciones de personas que llegan al pa\u00eds por el Aeropuerto Internacional de la Ciudad de M\u00e9xico (AICM) se triplicaron en los \u00faltimos cinco a\u00f1os, mientras que en el aeropuerto de Canc\u00fan, desde 2021, se registra un promedio mensual ocho veces mayor que en 2017.<\/p>\n<p>A lo largo de 2022, se documentaron casos de acad\u00e9micas y turistas devueltos o retenidos por periodos superiores a los previstos en la ley, en condiciones precarias, en ambos aeropuertos. As\u00ed le sucedi\u00f3 a dos acad\u00e9micas brasile\u00f1as detenidas y deportadas en el AICM, a la turista Ruth Flores durante una escala de regreso a Nicaragua, as\u00ed como a una pareja y un periodista colombiano que viajaban a M\u00e9xico con fines tur\u00edsticos.<\/p>\n<p>Meses despu\u00e9s, en los primeros d\u00edas de febrero pasado, el acad\u00e9mico y profesor brasile\u00f1o Diego de Oliveira Souza fue detenido, separado de su familia, incomunicado y deportado desde el AICM, luego de arribar a la capital para iniciar una estancia posdoctoral en la Universidad Aut\u00f3noma de la Ciudad de M\u00e9xico (UACM).<\/p>\n<p>Desde 2017, las nacionalidades colombiana y venezolana ya ocupaban los primeros lugares, pero a partir de 2019 las devoluciones de personas peruanas, ecuatorianas y brasile\u00f1as pasaron de contarse por centenas en a\u00f1os anteriores a sumar miles para 2021 y 2022, mientras el n\u00famero de inadmisiones para las dos primeras lleg\u00f3 a quintuplicarse. En el transcurso de esos cinco a\u00f1os tambi\u00e9n se hicieron evidentes altas tasas de rechazo en otros pa\u00edses.<\/p>\n<p>Por ello, ante la necesidad de visibilizar el actuar del Instituto Nacional de Migraci\u00f3n (INM) en aeropuertos, la campa\u00f1a de Sin Fronteras no solamente se enfocar\u00e1 en la comunicaci\u00f3n, sino que consistir\u00e1 en la habilitaci\u00f3n dentro de su app Contigo Sin Fronteras, de la nueva secci\u00f3n Expr\u00e9sate en la entrada, dedicada a detenciones en aeropuertos -una de las m\u00e1s consultadas-, donde aparecer\u00e1n las instrucciones para seleccionar mensajes predeterminados por la plataforma para publicaciones en redes sociales con arroba al INM, el Conapred, la Secretar\u00eda de Gobernaci\u00f3n, la Secretar\u00eda de Relaciones Exteriores y el gobierno de M\u00e9xico.<\/p>\n<p>\u201cArrobamos tambi\u00e9n a la CNDH, y para temas de discriminaci\u00f3n, de perfilamiento racial, a Conapred, y lo que estamos buscando es que estos mensajes predeterminados, la gente los modifique, si es necesario, pero que siempre quede el arroba y el hashtag que estamos creando; lo que queremos es que se vaya generando un trending topic\u201d, explica la activista.<\/p>\n","protected":false},"excerpt":{"rendered":"<p>Ante la creciente problem\u00e1tica de detenciones de personas extranjeras y devoluciones arbitrarias en los aeropuertos internacionales de M\u00e9xico, la organizaci\u00f3n Sin Fronteras puso en marcha la campa\u00f1a #VocesAeropuertoMx, con la finalidad de tener un mejor registro de casos.<\/p>\n","protected":false},"author":3,"featured_media":581645,"comment_status":"open","ping_status":"open","sticky":false,"template":"","format":"standard","meta":{"_monsterinsights_skip_tracking":false,"_monsterinsights_sitenote_active":false,"_monsterinsights_sitenote_note":"","_monsterinsights_sitenote_category":0,"footnotes":""},"categories":[7],"tags":[97761,97737,22113,43679,43673,65903,43677],"class_list":["post-581591","post","type-post","status-publish","format-standard","has-post-thumbnail","hentry","category-seguridad","tag-aeropuert6o","tag-detenciones","tag-extranjeros","tag-mundo","tag-nacional","tag-reportan","tag-seguridad"],"_links":{"self":[{"href":"https:\/\/www.diarioimagen.net\/index.php?rest_route=\/wp\/v2\/posts\/581591","targetHints":{"allow":["GET"]}}],"collection":[{"href":"https:\/\/www.diarioimagen.net\/index.php?rest_route=\/wp\/v2\/posts"}],"about":[{"href":"https:\/\/www.diarioimagen.net\/index.php?rest_route=\/wp\/v2\/types\/post"}],"author":[{"embeddable":true,"href":"https:\/\/www.diarioimagen.net\/index.php?rest_route=\/wp\/v2\/users\/3"}],"replies":[{"embeddable":true,"href":"https:\/\/www.diarioimagen.net\/index.php?rest_route=%2Fwp%2Fv2%2Fcomments&post=581591"}],"version-history":[{"count":0,"href":"https:\/\/www.diarioimagen.net\/index.php?rest_route=\/wp\/v2\/posts\/581591\/revisions"}],"wp:featuredmedia":[{"embeddable":true,"href":"https:\/\/www.diarioimagen.net\/index.php?rest_route=\/wp\/v2\/media\/581645"}],"wp:attachment":[{"href":"https:\/\/www.diarioimagen.net\/index.php?rest_route=%2Fwp%2Fv2%2Fmedia&parent=581591"}],"wp:term":[{"taxonomy":"category","embeddable":true,"href":"https:\/\/www.diarioimagen.net\/index.php?rest_route=%2Fwp%2Fv2%2Fcategories&post=581591"},{"taxonomy":"post_tag","embeddable":true,"href":"https:\/\/www.diarioimagen.net\/index.php?rest_route=%2Fwp%2Fv2%2Ftags&post=581591"}],"curies":[{"name":"wp","href":"https:\/\/api.w.org\/{rel}","templated":true}]}}