{"id":581599,"date":"2023-04-24T00:01:38","date_gmt":"2023-04-24T06:01:38","guid":{"rendered":"https:\/\/www.diarioimagen.net\/?p=581599"},"modified":"2023-04-24T23:02:57","modified_gmt":"2023-04-25T05:02:57","slug":"la-educacion-base-de-una-mejor-sociedad-con-mas-oportunidades-afirma-mara-lezama-espinosa","status":"publish","type":"post","link":"https:\/\/www.diarioimagen.net\/?p=581599","title":{"rendered":"La educaci\u00f3n, base de una mejor sociedad con m\u00e1s oportunidades, afirma Mara Lezama Espinosa"},"content":{"rendered":"<h2>Derecho de r\u00e9plica<\/h2>\n<h5>Jos\u00e9 Luis Monta\u00f1ez<\/h5>\n<p>&nbsp;<\/p>\n<ul>\n<li><strong><em>\u201cEducadores, forjadores de la transformaci\u00f3n\u201d<\/em><\/strong><\/li>\n<\/ul>\n<p>&nbsp;<\/p>\n<div id=\"attachment_581674\" style=\"width: 450px\" class=\"wp-caption aligncenter\"><a href=\"https:\/\/www.diarioimagen.net\/?attachment_id=581674\" rel=\"attachment wp-att-581674\"><img loading=\"lazy\" decoding=\"async\" aria-describedby=\"caption-attachment-581674\" class=\"wp-image-581674\" src=\"https:\/\/www.diarioimagen.net\/wp-content\/uploads\/2023\/04\/mara-viernes.jpg\" alt=\"\" width=\"440\" height=\"293\" \/><\/a><p id=\"caption-attachment-581674\" class=\"wp-caption-text\">La gobernadora Mara Lezama encabez\u00f3 la conmemoraci\u00f3n del D\u00eda de la Educadora y del Educador, en un evento celebrado en Chetumal.<\/p><\/div>\n<p>&nbsp;<\/p>\n<p>Las y los educadores no s\u00f3lo son quienes gu\u00edan a los ni\u00f1os y ni\u00f1as, sino que tambi\u00e9n son los encargados de formar las futuras generaciones, destac\u00f3 la gobernadora Mara Lezama Espinosa.<\/p>\n<p>\u201cUstedes refuerzan los valores obtenidos en casa y dan sentido de abrigo y seguridad compartida con los padres de familia\u201d, les dijo la mandataria estatal durante la conmemoraci\u00f3n del D\u00eda de la Educadora y del Educador, en un evento celebrado en Chetumal.<\/p>\n<p>Lezama Espinosa tambi\u00e9n les hizo hincapi\u00e9 en que tienen en sus manos no s\u00f3lo a nuestros ni\u00f1os y ni\u00f1as, \u201ctienen la esperanza de un mejor futuro para nuestro querido Quintana Roo, formando ciudadanos con un gran compromiso social\u201d.<\/p>\n<p style=\"text-align: center;\"><strong>Entrega de reconocimientos<\/strong><\/p>\n<p>Tras la entrega de reconocimientos a educadores, por su labor destacada o por antig\u00fcedad, la gobernadora expres\u00f3 el por qu\u00e9 su gobierno est\u00e1 poniendo especial \u00e9nfasis en la disminuci\u00f3n de la pobreza, de la marginaci\u00f3n y de las desigualdades sociales para transformar la vida de las personas.<\/p>\n<p>\u201cVa m\u00e1s all\u00e1 de una postura pol\u00edtica, tiene que ver con sentar las bases, de una mejor sociedad, con m\u00e1s oportunidades y que nos ayude a disminuir la delincuencia para mejorar la calidad de vida de los quintanarroenses. De ah\u00ed la importancia que tiene ese primer contacto de nuestras ni\u00f1as y ni\u00f1os fuera de casa, en su k\u00ednder, por lo que es fundamental que toda la sociedad procure el desarrollo armonioso de los y las infantes; que se les respete y cultive su personalidad desde la primera infancia\u201d, se\u00f1al\u00f3.<\/p>\n<p>Reiter\u00f3, como lo ha hecho con otros grupos de la sociedad, su firme compromiso para realizar, a trav\u00e9s del Nuevo Acuerdo por el Bienestar y Desarrollo de Quintana Roo, acciones comprometidas con el sector educativo, para atender el reclamo social, pero sobre todo para potenciar el sistema de ense\u00f1anza. A\u00f1adi\u00f3 que en este gobierno humanista y progresista se gobierna de manera distinta para alcanzar resultados diferentes.<\/p>\n<p>Por eso trabaja a ras de piso, en territorio y lejos del escritorio, tomados de la mano para que nadie se quede atr\u00e1s, trabajando con programas del gobierno de M\u00e9xico como la campa\u00f1a \u201cSi te drogas, te da\u00f1as\u201d.<\/p>\n<p style=\"text-align: center;\"><strong>Felicitaciones por labor realizada<\/strong><\/p>\n<p>A nombre del gobierno del estado, Mara Lezama reconoci\u00f3 y felicit\u00f3 a todos y todas las educadoras por el trabajo realizado y dijo: \u201cPorque no s\u00f3lo estudian para ser educadores y educadoras, tambi\u00e9n tienen que ser psic\u00f3logas, pedagogas, terapistas de lenguaje, maestras, bailarinas, cantantes, actrices, pues tienen que cambiar su faceta de manera din\u00e1mica con el \u00fanico prop\u00f3sito de instrumentar, did\u00e1cticamente, cada uno de los momentos en los que tiene una relaci\u00f3n pedag\u00f3gica con los ni\u00f1os y ni\u00f1as\u201d.<\/p>\n<p>De entre los reconocimientos entregados destaca Mar\u00eda del Socorro Protonotario Villamor, supervisora de la zona 01 y con 48 a\u00f1os de servicios, y Reyna Flores Mart\u00ednez, del jard\u00edn de ni\u00f1os \u201cDora Mar\u00eda Hoy Riverol\u201d por su destacada labor como docente.<\/p>\n<p>A nombre de los y las educadoras, Mar\u00eda Paloma \u00c1lvarez Contreras dirigi\u00f3 palabras de agradecimiento con un mensaje testimonial sobre su labor.<\/p>\n<p>Previamente, el secretario de la secci\u00f3n 25 del SNTE Jos\u00e9 Arimael Salas Alcocer inform\u00f3 que en esta carrera cada d\u00eda se suman m\u00e1s varones, cuando por muchos a\u00f1os fue exclusivo para mujeres. Record\u00f3 que en M\u00e9xico la educaci\u00f3n preescolar es obligatoria desde el a\u00f1o 2002.<\/p>\n<p>Tambi\u00e9n acompa\u00f1\u00f3 a la gobernadora Mara Lezama en este evento la presidenta municipal de Oth\u00f3n P. Blanco, Yensunni Mart\u00ednez Hern\u00e1ndez.<\/p>\n<p style=\"text-align: center;\"><strong>Educaci\u00f3n, la mejor herramienta para prevenir violencia<\/strong><\/p>\n<p>La educaci\u00f3n es la base del progreso y la mejor herramienta para prevenir posibles conductas violentas y actitudes delictivas, por lo que para la gobernadora la creaci\u00f3n de m\u00e1s aulas y mejorar las ya existentes es fundamental y parte importante en el Nuevo Acuerdo por el Bienestar y Desarrollo de Quintana Roo.<\/p>\n<p>Las gestiones constantes de la mandataria estatal ante la Federaci\u00f3n dan resultados y eso se refleja con una inversi\u00f3n total de 391 millones de pesos para infraestructura educativa en todos los niveles.<\/p>\n<p>En el nivel b\u00e1sico de Nueva Creaci\u00f3n se invierten 111 millones de pesos, en siete planteles ubicados en Benito Ju\u00e1rez (4), Tulum (2) y Solidaridad (1).<\/p>\n<p>La inversi\u00f3n comprende siete planteles de nueva creaci\u00f3n, 31 aulas y un beneficio para mil 075 alumnos.<\/p>\n<p>En nivel b\u00e1sico de Consolidaci\u00f3n hay inversi\u00f3n de 53 millones de pesos con 19 ampliaciones, 2 rehabilitaciones, 19 equipamientos, 31 aulas y 21 anexos en escuelas de Cozumel, Benito Ju\u00e1rez, Felipe Carrillo Puerto, Solidaridad, Tulum y Puerto Morelos, en beneficio de mil 280 estudiantes.<\/p>\n<p>En el nivel de media superior segmento de Consolidaci\u00f3n se invierten 57 millones de pesos con 26 aulas y mil 200 alumnos de los municipios de Benito Ju\u00e1rez, Solidaridad y Puerto Morelos.<\/p>\n<p>Esta inversi\u00f3n abarca seis planteles de Cecyte, Cetmar, CBTis y Colegio de Bachilleres.<\/p>\n<p>Por \u00faltimo, en nivel superior se invierten 160 millones de pesos en 4 universidades, 3 universidades tecnol\u00f3gicas, 2 universidades polit\u00e9cnicas y 2 normales. En total, son 11 planteles en los municipios de Benito Ju\u00e1rez, Jos\u00e9 Mar\u00eda Morelos, Oth\u00f3n P. Blanco, Solidaridad y Tulum.<\/p>\n<p>Sin duda alguna, la gobernadora Lezama Espinosa est\u00e1 haciendo bien las cosas y la educaci\u00f3n es parte primordial.<\/p>\n<p><em>Escr\u00edbame a mi mail: <a href=\"mailto:montanezaguilar@gmail.com\" target=\"_blank\" rel=\"noopener noreferrer\">montanezaguilar@gmail.com<\/a><\/em><\/p>\n","protected":false},"excerpt":{"rendered":"<p><span style=\"color: #005497;\"><strong>Jos\u00e9 Luis Monta\u00f1ez<\/strong><\/span><br \/>\n<br \/>\nLas y los educadores no s\u00f3lo son quienes gu\u00edan a los ni\u00f1os y ni\u00f1as, sino que tambi\u00e9n son los encargados de formar las futuras generaciones, destac\u00f3 la gobernadora Mara Lezama Espinosa.<\/p>\n","protected":false},"author":3,"featured_media":581676,"comment_status":"open","ping_status":"open","sticky":false,"template":"","format":"standard","meta":{"_monsterinsights_skip_tracking":false,"_monsterinsights_sitenote_active":false,"_monsterinsights_sitenote_note":"","_monsterinsights_sitenote_category":0,"footnotes":""},"categories":[11622,25512],"tags":[47840,54579,43674],"class_list":["post-581599","post","type-post","status-publish","format-standard","has-post-thumbnail","hentry","category-jose-luis-montanez-aguilar","category-nacional-nacional","tag-derecho-de-replica","tag-jose-luis-montanez","tag-opinion"],"_links":{"self":[{"href":"https:\/\/www.diarioimagen.net\/index.php?rest_route=\/wp\/v2\/posts\/581599","targetHints":{"allow":["GET"]}}],"collection":[{"href":"https:\/\/www.diarioimagen.net\/index.php?rest_route=\/wp\/v2\/posts"}],"about":[{"href":"https:\/\/www.diarioimagen.net\/index.php?rest_route=\/wp\/v2\/types\/post"}],"author":[{"embeddable":true,"href":"https:\/\/www.diarioimagen.net\/index.php?rest_route=\/wp\/v2\/users\/3"}],"replies":[{"embeddable":true,"href":"https:\/\/www.diarioimagen.net\/index.php?rest_route=%2Fwp%2Fv2%2Fcomments&post=581599"}],"version-history":[{"count":0,"href":"https:\/\/www.diarioimagen.net\/index.php?rest_route=\/wp\/v2\/posts\/581599\/revisions"}],"wp:featuredmedia":[{"embeddable":true,"href":"https:\/\/www.diarioimagen.net\/index.php?rest_route=\/wp\/v2\/media\/581676"}],"wp:attachment":[{"href":"https:\/\/www.diarioimagen.net\/index.php?rest_route=%2Fwp%2Fv2%2Fmedia&parent=581599"}],"wp:term":[{"taxonomy":"category","embeddable":true,"href":"https:\/\/www.diarioimagen.net\/index.php?rest_route=%2Fwp%2Fv2%2Fcategories&post=581599"},{"taxonomy":"post_tag","embeddable":true,"href":"https:\/\/www.diarioimagen.net\/index.php?rest_route=%2Fwp%2Fv2%2Ftags&post=581599"}],"curies":[{"name":"wp","href":"https:\/\/api.w.org\/{rel}","templated":true}]}}