{"id":581753,"date":"2023-04-25T00:03:55","date_gmt":"2023-04-25T06:03:55","guid":{"rendered":"https:\/\/www.diarioimagen.net\/?p=581753"},"modified":"2023-04-25T01:56:31","modified_gmt":"2023-04-25T07:56:31","slug":"cambian-fecha-para-el-evento-ciudad-futuro-2-0-en-cuautitlan-izcalli","status":"publish","type":"post","link":"https:\/\/www.diarioimagen.net\/?p=581753","title":{"rendered":"Cambian fecha para el evento \u201cCiudad Futuro 2.0\u201d, en Cuautitl\u00e1n Izcalli"},"content":{"rendered":"<p>&nbsp;<\/p>\n<p><a href=\"https:\/\/www.diarioimagen.net\/?attachment_id=581869\" rel=\"attachment wp-att-581869\"><img loading=\"lazy\" decoding=\"async\" class=\"aligncenter size-full wp-image-581869\" src=\"https:\/\/www.diarioimagen.net\/wp-content\/uploads\/2023\/04\/cambian-fecha.jpg\" alt=\"\" width=\"460\" height=\"270\" \/><\/a><\/p>\n<p>&nbsp;<\/p>\n<p><strong>Cuautitl\u00e1n Izcalli, Estado de M\u00e9xico.\u2014 <\/strong>Debido a los tiempos electorales, la celebraci\u00f3n \u201cCiudad Futuro 2.0\u201d, programada originalmente para el pr\u00f3ximo 29 y 30 de abril, cambia de fecha para el pr\u00f3ximo mes de junio. \u201cEl festejo para celebrar a todas las ni\u00f1as y ni\u00f1os izcallenses aplazar\u00e1 su fecha de realizaci\u00f3n en acato a las normas y leyes de la entidad, no obstante, la diversi\u00f3n, la cultura y la adrenalina que envuelve a Ciudad Futuro ser\u00e1 la misma.<\/p>\n<p>Hacemos menci\u00f3n a la ciudadan\u00eda que en DIF Izcalli seguiremos trabajando por la felicidad de las y los ni\u00f1os, por eso, en estas nuevas fechas preparemos una gran festividad para las y los peque\u00f1os del hogar.<\/p>\n<p>Celebraremos a lo grande a las y los ni\u00f1os de nuestro municipio con una ciudad llena de muchas sorpresas. Pr\u00f3ximamente publicaremos las nuevas fechas de \u201cCiudad Futuro 2.0\u201d para juntos disfrutar de este gran festejo. \u00a1Nos vemos pronto!\u201d, se lee en el aviso.<\/p>\n","protected":false},"excerpt":{"rendered":"<p>Debido a los tiempos electorales, la celebraci\u00f3n \u201cCiudad Futuro 2.0\u201d, programada originalmente para el pr\u00f3ximo 29 y 30 de abril, cambia de fecha para el pr\u00f3ximo mes de junio. \u201cEl festejo para celebrar a todas las ni\u00f1as y ni\u00f1os izcallenses aplazar\u00e1 su fecha de realizaci\u00f3n en acato a las normas y leyes de la entidad, no obstante, la diversi\u00f3n, la cultura y la adrenalina que envuelve a Ciudad Futuro ser\u00e1 la misma.<\/p>\n","protected":false},"author":3,"featured_media":581869,"comment_status":"open","ping_status":"open","sticky":false,"template":"","format":"standard","meta":{"_monsterinsights_skip_tracking":false,"_monsterinsights_sitenote_active":false,"_monsterinsights_sitenote_note":"","_monsterinsights_sitenote_category":0,"footnotes":""},"categories":[5],"tags":[97769,971,43675],"class_list":["post-581753","post","type-post","status-publish","format-standard","has-post-thumbnail","hentry","category-estado-de-mexico","tag-ciudad-futuro-2-0","tag-cuautitlan-izcalli","tag-estado-de-mexico"],"_links":{"self":[{"href":"https:\/\/www.diarioimagen.net\/index.php?rest_route=\/wp\/v2\/posts\/581753","targetHints":{"allow":["GET"]}}],"collection":[{"href":"https:\/\/www.diarioimagen.net\/index.php?rest_route=\/wp\/v2\/posts"}],"about":[{"href":"https:\/\/www.diarioimagen.net\/index.php?rest_route=\/wp\/v2\/types\/post"}],"author":[{"embeddable":true,"href":"https:\/\/www.diarioimagen.net\/index.php?rest_route=\/wp\/v2\/users\/3"}],"replies":[{"embeddable":true,"href":"https:\/\/www.diarioimagen.net\/index.php?rest_route=%2Fwp%2Fv2%2Fcomments&post=581753"}],"version-history":[{"count":0,"href":"https:\/\/www.diarioimagen.net\/index.php?rest_route=\/wp\/v2\/posts\/581753\/revisions"}],"wp:featuredmedia":[{"embeddable":true,"href":"https:\/\/www.diarioimagen.net\/index.php?rest_route=\/wp\/v2\/media\/581869"}],"wp:attachment":[{"href":"https:\/\/www.diarioimagen.net\/index.php?rest_route=%2Fwp%2Fv2%2Fmedia&parent=581753"}],"wp:term":[{"taxonomy":"category","embeddable":true,"href":"https:\/\/www.diarioimagen.net\/index.php?rest_route=%2Fwp%2Fv2%2Fcategories&post=581753"},{"taxonomy":"post_tag","embeddable":true,"href":"https:\/\/www.diarioimagen.net\/index.php?rest_route=%2Fwp%2Fv2%2Ftags&post=581753"}],"curies":[{"name":"wp","href":"https:\/\/api.w.org\/{rel}","templated":true}]}}