{"id":581804,"date":"2023-04-25T00:03:54","date_gmt":"2023-04-25T06:03:54","guid":{"rendered":"https:\/\/www.diarioimagen.net\/?p=581804"},"modified":"2023-04-24T23:40:00","modified_gmt":"2023-04-25T05:40:00","slug":"refuerzos-pro-ale-del-moral","status":"publish","type":"post","link":"https:\/\/www.diarioimagen.net\/?p=581804","title":{"rendered":"Refuerzos pro Ale Del Moral"},"content":{"rendered":"<h2>Espacio Electoral<\/h2>\n<h5>Eleazar Flores<\/h5>\n<p>&nbsp;<\/p>\n<p><strong>\u00bfAYUDA O PERJUDICA?-.<\/strong> Casi desapercibidos por los medios, o cuando menos sin la atenci\u00f3n medi\u00e1tica que esperaban\u00a0 despertar como en otros tiempos, el domingo estuvieron en Huixquilucan para arropar a la candidata a gobernadora Alejandra Del Moral, figuras del sector privado y pol\u00edticas-os de partidos apoyantes PRI-PAN-PRD y Panal.<\/p>\n<p>\u00bfNOMBRES?, por supuesto, Claudio X. Gonz\u00e1lez y Margarita Zavala de Calder\u00f3n Hinojosa, nombres y apellidos multicitados frecuentes desde el p\u00falpito presidencial, pero tambi\u00e9n otros \u201cgrillos\u201d de fama reconocida como Silvano Aureoles, Enrique Vargas, fungiendo casi como anfitri\u00f3n y la \u201cacad\u00e9mica\u201d de la lengua X\u00f3chitl G\u00e1lvez que reforzando su fama dijo que \u201ces la m\u00e1s CHINGONA\u201d, refiri\u00e9ndose, no a la\u00a0 cerveza, sino a Alejandra Del Moral.<\/p>\n<p>Los mencionados y muchas personas m\u00e1s forman parte de los colectivos Frente C\u00edvico Nacional, Poder Ciudadano, Sociedad Civil M\u00e9xico, M\u00e9xico Une y Unidos por M\u00e9xico, entre otros.<\/p>\n<p>Tambi\u00e9n estuvieron presentes pol\u00edticos \u201ccaseros\u201d como el presidente del PRI mexiquense Eric Sevilla Montes de Oca, el naucalpense Enrique Jacob Rocha y Ricardo Aguilar. Un d\u00eda antes \u201carroparon\u201d a Del Moral en Nezahualc\u00f3yotl, los l\u00edderes partidistas Alejandro C\u00e1rdenas, del PRI; Jes\u00fas Zambrano, del PRD, y Marko Cort\u00e9s, del PAN.<\/p>\n<p>La concentraci\u00f3n de FIGURAS nacionales se hace para reforzar a la candidata tricolor Alejandra del Moral, luego de su DISCRETA participaci\u00f3n -por decirlo suavemente-\u00a0 en el debate del pasado 20 del presente mes en las instalaciones del Instituto Electoral del Estado de M\u00e9xico, IEEM, pues no son pocos que cuando menos no vieron derrotada a la candidata de Morena, Delfina G\u00f3mez.<\/p>\n<p>La FUERTE DEBILIDAD del PRI y asociados estriba en que creen tener im\u00e1n como para llamar la atenci\u00f3n de los medios, m\u00e1xime que sus \u00e1reas de difusi\u00f3n -la del PRI y la de la candidata-, sue\u00f1an con el comportamiento medi\u00e1tico de campa\u00f1as anteriores, que han quedado tan atr\u00e1s como los criterios de los actuales genios comunic\u00f3logos del anta\u00f1o partidazo.<\/p>\n<p>Tan desapercibidos andan tricolores y asociados que sus invitados, tanto del sector privado como de otros partidos, pasaron casi desapercibidos sin llamar la atenci\u00f3n para promover entrevistas, m\u00e1xime que Claudia X, Gonz\u00e1lez, por ejemplo, ha sido CLIENTE FRECUENTE del sermonero ma\u00f1anero, de dos o tres a\u00f1os a la fecha.<\/p>\n<p><strong>\u00bfRUMOR?-.<\/strong> Cabezas m\u00e1s o menos visibles del intestino priista mexiquense ven con pocas posibilidades hacer algunos AJUSTES a la dirigencia estatal y m\u00e1s espec\u00edficamente al numeroso equipo de campa\u00f1a\u2026 \u201cPero cuando menos ya se ventila, lo que es un consuelo\u201d, dicen algunos allegados que PUENTEAN entre dirigencia y equipo de campa\u00f1a.<\/p>\n<p>A cuarenta d\u00edas de campa\u00f1a las cosas podr\u00edan mejorar pues el ritmo de la inercia no es suficiente, m\u00e1xime que en la CASA DE ENFRENTE est\u00e1n m\u00e1s pendientes del rival que de ellos mismos, dicen.<\/p>\n<p><em><a href=\"mailto:elefa44@gmail.com\" target=\"_blank\" rel=\"noopener noreferrer\">elefa44@gmail.com<\/a><\/em><\/p>\n","protected":false},"excerpt":{"rendered":"<p><span style=\"color: #005497;\"><strong>Eleazar Flores<\/strong><\/span><\/p>\n","protected":false},"author":3,"featured_media":0,"comment_status":"open","ping_status":"open","sticky":false,"template":"","format":"standard","meta":{"_monsterinsights_skip_tracking":false,"_monsterinsights_sitenote_active":false,"_monsterinsights_sitenote_note":"","_monsterinsights_sitenote_category":0,"footnotes":""},"categories":[81743],"tags":[81744,81776,43674],"class_list":["post-581804","post","type-post","status-publish","format-standard","hentry","category-eleazar-flores","tag-eleazar-flores","tag-espacio-electoral","tag-opinion"],"_links":{"self":[{"href":"https:\/\/www.diarioimagen.net\/index.php?rest_route=\/wp\/v2\/posts\/581804","targetHints":{"allow":["GET"]}}],"collection":[{"href":"https:\/\/www.diarioimagen.net\/index.php?rest_route=\/wp\/v2\/posts"}],"about":[{"href":"https:\/\/www.diarioimagen.net\/index.php?rest_route=\/wp\/v2\/types\/post"}],"author":[{"embeddable":true,"href":"https:\/\/www.diarioimagen.net\/index.php?rest_route=\/wp\/v2\/users\/3"}],"replies":[{"embeddable":true,"href":"https:\/\/www.diarioimagen.net\/index.php?rest_route=%2Fwp%2Fv2%2Fcomments&post=581804"}],"version-history":[{"count":0,"href":"https:\/\/www.diarioimagen.net\/index.php?rest_route=\/wp\/v2\/posts\/581804\/revisions"}],"wp:attachment":[{"href":"https:\/\/www.diarioimagen.net\/index.php?rest_route=%2Fwp%2Fv2%2Fmedia&parent=581804"}],"wp:term":[{"taxonomy":"category","embeddable":true,"href":"https:\/\/www.diarioimagen.net\/index.php?rest_route=%2Fwp%2Fv2%2Fcategories&post=581804"},{"taxonomy":"post_tag","embeddable":true,"href":"https:\/\/www.diarioimagen.net\/index.php?rest_route=%2Fwp%2Fv2%2Ftags&post=581804"}],"curies":[{"name":"wp","href":"https:\/\/api.w.org\/{rel}","templated":true}]}}