{"id":581818,"date":"2023-04-25T00:10:39","date_gmt":"2023-04-25T06:10:39","guid":{"rendered":"https:\/\/www.diarioimagen.net\/?p=581818"},"modified":"2023-04-24T23:53:40","modified_gmt":"2023-04-25T05:53:40","slug":"la-salud-del-presidente-2","status":"publish","type":"post","link":"https:\/\/www.diarioimagen.net\/?p=581818","title":{"rendered":"La salud del Presidente"},"content":{"rendered":"<h2>De frente y de perfil<\/h2>\n<h5>Ram\u00f3n Zurita Sahag\u00fan<\/h5>\n<p>&nbsp;<\/p>\n<p>Si hay algo preocupante es la salud del Presidente, tr\u00e1tese de quien se trate. Conocer su estado f\u00edsico es elemental para la buena marcha del pa\u00eds.<\/p>\n<p>Regularmente, los mandatarios mexicanos han sido renuentes para que se informe su estado de salud, las intervenciones quir\u00fargicas y las enfermedades que han padecido o padecen durante su ejercicio de gobierno.<\/p>\n<p>Algunos de ellos hac\u00edan gala de su fortaleza f\u00edsica y sus panegiristas afirmaban que jam\u00e1s se enfermaban.<\/p>\n<p>Poco es lo que se conoce de ellos, aunque en pleno siglo XXI los Ejecutivos federales han permitido una mayor apertura. Vicente Fox, Felipe Calder\u00f3n y Enrique Pe\u00f1a Nieto permitieron que se divulgaran las operaciones que sufrieron durante sus respectivos mandatos.<\/p>\n<p>Ninguno de ellos se someti\u00f3 a un examen f\u00edsico para dar a conocer su estado de salud antes de tomar posesi\u00f3n como Presidente de la Rep\u00fablica.<\/p>\n<p>Andr\u00e9s Manuel L\u00f3pez Obrador tampoco lo hizo, pero de \u00e9l se sab\u00eda que hab\u00eda sufrido a\u00f1os antes un infarto y que manten\u00eda latentes otras enfermedades como presi\u00f3n alta.<\/p>\n<p>Fue hasta que el grupo Guacamayas hacke\u00f3 los archivos de la Secretar\u00eda de la Defensa Nacional que se supo que el Presidente fue trasladado desde Palenque, Chiapas, al hospital militar de la CDMX, al sufrir una descomposici\u00f3n, a causa de la presi\u00f3n.\u00a0 Debido a eso circularon muchas versiones en las que se mencionaba el preocupante estado f\u00edsico del Ejecutivo federal, debido a diversos padecimientos, lo que siempre se ha negado.<\/p>\n<p>El domingo desde Yucat\u00e1n (estado en que se encontraba el mandatario mexicano) surgi\u00f3 la versi\u00f3n de que hab\u00eda sufrido un desmayo, relacionado con su padecimiento card\u00edaco, por lo que algunos establecieron que hab\u00eda sido un infarto.<\/p>\n<p>El vocero de la Presidencia, Jes\u00fas Ram\u00edrez, fue cuestionado sobre ello y asegur\u00f3 que no hab\u00eda tal y que Ejecutivo segu\u00eda con sus planes de trabajo en esa entidad, lo que result\u00f3 falso, ya que el propio L\u00f3pez Obrador dio a conocer que sufr\u00eda nuevamente (tercera vez) de un contagio por Covid.<\/p>\n<p>Entre mensaje y mensaje surgieron decenas de versiones en las que se daba por sentada la gravedad del Presidente, dejando un vac\u00edo de informaci\u00f3n que suele tener alto impacto.<\/p>\n<p>Y es que el padecimiento tres veces de Covid seguramente dejar\u00e1 huellas. Aseguran los m\u00e9dicos que entre las secuelas de la Covid se encuentran la fibrosis pulmonar, p\u00e9rdida de la memoria, dificultad para razonar y discernir, as\u00ed como otras enfermedades. Y es que sabiendo que el Presidente padece algunas enfermedades que han dejado secuela, la preocupaci\u00f3n es grande y no s\u00f3lo para sus familiares, sino tambi\u00e9n para sus gobernados.<\/p>\n<p>\u00c9l lo sabe, tanto as\u00ed que dej\u00f3 un testamento pol\u00edtico que dio a conocer, aunque no su contenido.<\/p>\n<p>Y es que hay maledicentes que aseguran que Andr\u00e9s Manuel sabe que su padecimiento avanza a pasos agigantados, por lo que ha confesado a sus cercanos que es tal su idolatr\u00eda a Ju\u00e1rez que quiere morir como \u00e9l, en funciones presidenciales.<\/p>\n<p>Hay quienes dicen que debe bajar el ritmo de sus actividades, incluidas las dos o tres horas que dedica a la ma\u00f1anera y ser un poco m\u00e1s sosegado en su labor, aunque no hace caso de ello.<\/p>\n<p>Un gran susto provoc\u00f3 en millones de personas, la mayor\u00eda de ellos intrigados por desconocer qu\u00e9 pasar\u00eda si el Presidente en funciones falleciera.<\/p>\n<p>Sin embargo, eso no debe causar temor, ya que ante la falta de un Presidente de la Rep\u00fablica en funciones, la Constituci\u00f3n establece que asumir\u00e1 de inmediato el secretario de Gobernaci\u00f3n, quien convocar\u00e1 al Poder Legislativo para definir al que ocupar\u00e1 el espacio del ausente.<\/p>\n<p>Por lo pronto, Ad\u00e1n Augusto L\u00f3pez, secretario de Gobernaci\u00f3n, atiende las ma\u00f1aneras en ausencia del Presidente y por instrucciones de \u00e9l mismo.<\/p>\n<p style=\"text-align: center;\"><strong>\u00a0<\/strong><strong>******<\/strong><\/p>\n<p>La ma\u00f1anera sirvi\u00f3 de plataforma para que el secretario de Gobernaci\u00f3n, Ad\u00e1n Augusto L\u00f3pez, reafirmara que el padecimiento de AMLO es Covid y que con dos o tres d\u00edas de descanso estar\u00e1 listo para retomar su ruta.<\/p>\n<p><a href=\"mailto:ramonzurita44@hotmail.com\" target=\"_blank\" rel=\"noopener noreferrer\"><em>ramonzurita44@hotmail.com<\/em><\/a><\/p>\n","protected":false},"excerpt":{"rendered":"<p><span style=\"color: #005497;\"><strong>Ram\u00f3n Zurita Sahag\u00fan<\/strong><\/span><\/p>\n","protected":false},"author":3,"featured_media":0,"comment_status":"open","ping_status":"open","sticky":false,"template":"","format":"standard","meta":{"_monsterinsights_skip_tracking":false,"_monsterinsights_sitenote_active":false,"_monsterinsights_sitenote_note":"","_monsterinsights_sitenote_category":0,"footnotes":""},"categories":[234],"tags":[304,43674,43687],"class_list":["post-581818","post","type-post","status-publish","format-standard","hentry","category-ramon-zurita-sahagun","tag-de-frente-y-de-perfil","tag-opinion","tag-ramon-zurita-sahagun"],"_links":{"self":[{"href":"https:\/\/www.diarioimagen.net\/index.php?rest_route=\/wp\/v2\/posts\/581818","targetHints":{"allow":["GET"]}}],"collection":[{"href":"https:\/\/www.diarioimagen.net\/index.php?rest_route=\/wp\/v2\/posts"}],"about":[{"href":"https:\/\/www.diarioimagen.net\/index.php?rest_route=\/wp\/v2\/types\/post"}],"author":[{"embeddable":true,"href":"https:\/\/www.diarioimagen.net\/index.php?rest_route=\/wp\/v2\/users\/3"}],"replies":[{"embeddable":true,"href":"https:\/\/www.diarioimagen.net\/index.php?rest_route=%2Fwp%2Fv2%2Fcomments&post=581818"}],"version-history":[{"count":0,"href":"https:\/\/www.diarioimagen.net\/index.php?rest_route=\/wp\/v2\/posts\/581818\/revisions"}],"wp:attachment":[{"href":"https:\/\/www.diarioimagen.net\/index.php?rest_route=%2Fwp%2Fv2%2Fmedia&parent=581818"}],"wp:term":[{"taxonomy":"category","embeddable":true,"href":"https:\/\/www.diarioimagen.net\/index.php?rest_route=%2Fwp%2Fv2%2Fcategories&post=581818"},{"taxonomy":"post_tag","embeddable":true,"href":"https:\/\/www.diarioimagen.net\/index.php?rest_route=%2Fwp%2Fv2%2Ftags&post=581818"}],"curies":[{"name":"wp","href":"https:\/\/api.w.org\/{rel}","templated":true}]}}