{"id":581826,"date":"2023-04-25T00:13:00","date_gmt":"2023-04-25T06:13:00","guid":{"rendered":"https:\/\/www.diarioimagen.net\/?p=581826"},"modified":"2023-04-25T00:34:57","modified_gmt":"2023-04-25T06:34:57","slug":"paralisis-2","status":"publish","type":"post","link":"https:\/\/www.diarioimagen.net\/?p=581826","title":{"rendered":"Par\u00e1lisis"},"content":{"rendered":"<h2>Se comenta s\u00f3lo con\u2026<\/h2>\n<h5>Carlos Ramos Padilla*<\/h5>\n<p>&nbsp;<\/p>\n<p>AMLO sobrevive en m\u00e1ximas f\u00e1ciles y cortas: \u201cMi coraz\u00f3n no es bodega\u201d, \u201csoy due\u00f1o de mi silencio\u201d, \u201clo que diga mi dedito\u201d, \u201cno mentir\u201d\u2026 sin embargo ante su estado de salud precisamente se miente, se oculta con dolo. El Presidente no goza de \u201ccabal salud\u201d, AMLO tuvo que ser trasladado de urgencia, no en l\u00ednea comercial, ante su terca y medi\u00e1tica posici\u00f3n de la austeridad y negarse a viajar en aviones oficiales. Goz\u00f3 del privilegio que le otorga el cargo para ser trasladado de inmediato custodiado por mandos militares, o no fue as\u00ed con su hijo Jos\u00e9 Ram\u00f3n y su familia ante la Covid, cierto no son iguales. En contraste a las mentiras del vocero presidencial, quienes fueron testigos del lamentable evento aseguran que: AMLO presenta una hemiplejia derecha, por infarto cerebral izquierdo y qued\u00f3 temporalmente sin flujo sangu\u00edneo adecuado, presenta complicaciones cardiovasculares.<\/p>\n<p>Tiene afectada la movilidad de la mitad del cuerpo, por la hemiplejia, da\u00f1ada la sensibilidad de parte del rostro, brazo, pierna o ambos miembros de la mitad del cuerpo, podr\u00eda presentar a corto plazo problemas con la visi\u00f3n, la capacidad auditiva, el habla y la capacidad de razonamiento.<\/p>\n<p>Por lo pronto, ser\u00eda sujeto no a un tratamiento de tres d\u00edas como nos quieren hacer creer que \u00e9l mismo escribi\u00f3. La verdad es que requerir\u00eda terapia al menos 1 o 2 meses para estimular m\u00fasculos rotadores internos, flexores y supinadores. Ante esto, el gobierno no ha sido capaz de desmentir y como en ocasiones anteriores AMLO no ha videograbado un mensaje para tranquilidad de eso que odia: Las instituciones.<\/p>\n<p>Por lo pronto, en un ejercicio pragm\u00e1tico del poder, las \u201ccorcholatas\u201d se ocupan m\u00e1s de su futuro que de la salud de AMLO. Por lo mientras, el secretario de Gobernaci\u00f3n recibi\u00f3 el espaldarazo presidencial para que en estos momentos Adan sustituya temporalmente en el cargo al Ejecutivo federal. Como primer reflejo, la Secretar\u00eda de Relaciones Exteriores est\u00e1 considerando la cancelaci\u00f3n de la cumbre de la CELAC, en el calendario para los d\u00edas 6 y 7 de mayo, en Canc\u00fan, debido a los problemas de salud del Presidente. Sobre la venta (remate) del avi\u00f3n presidencial, resulta que la empresa hoy due\u00f1a de la aeronave est\u00e1 demandando al gobierno federal por la cantidad total del adeudo del arrendamiento vigente hasta 2023, as\u00ed como los car\u00edsimos gastos de hangares, salarios, combustible quemado, mantenimiento de interiores, fuselaje y motores y hangares entre otros.<\/p>\n<p>Al parecer, todo esto dej\u00f3 de pagar el gobierno, adem\u00e1s de que la aeronave no se puede vender a un precio inferior a su valor y menos a una Estado\/Gobierno financiado por il\u00edcitos como tr\u00e1fico y comercio de drogas protegido por Rusia. El TP 01 no es propiedad del gobierno. Todo esto m\u00e1s multas y demandas la administraci\u00f3n de AMLO tendr\u00eda que pagar tres veces m\u00e1s de lo que pretende vender al avi\u00f3n adem\u00e1s de que esta aeronave ya fue rifada, hubo dinero obtenido y ahora se remata lo que significa un timo. Voceros oficialistas se\u00f1alan que AMLO tiene por tercera vez Covid y que en tres d\u00edas regresar\u00e1 a sus actividades cuando los protocolos sanitarios de la Organizaci\u00f3n Mundial de la Salud indica un aislamiento de por lo menos 10 d\u00edas y el uso obligado de cubrebocas.<\/p>\n<p>El gobierno indica que fue contagiado \u201cinvoluntariamente\u201d porque tiene interacci\u00f3n cotidiana con cientos de personas, pero nada indica a cu\u00e1ntos contagi\u00f3 el mandatario por su irresponsabilidad. El aviso\/advertencia de Estados Unidos para detener las acciones de c\u00e1rteles mexicanos y el falso espect\u00e1culo del avi\u00f3n presidencial no solamente coloca contra la pared al Presidente sino que coloca en grave riesgo a su \u201cmovimiento\u201d de una honestidad valiente superficial y falsa. De igual manera los datos espectaculares que espera de la ventaja electoral de su protegida en el Estado de M\u00e9xico no le da la tranquilidad de un triunfo anticipado. Y falta que las autoridades de Estados Unidos abran expedientes nada gratos para el c\u00edrculo familiar del Presidente. \u201cNo mentir\u201d pide, promete y asegura AMLO. Pues que lo entiendan sus subalternos que caen en contradicciones y mentiras.<\/p>\n<p><a href=\"https:\/\/twitter.com\/cramospadilla?ref_src=twsrc%5Egoogle%7Ctwcamp%5Eserp%7Ctwgr%5Eauthor\" target=\"_blank\" rel=\"noopener\"><em>@cramospadilla<\/em><\/a><\/p>\n<blockquote><p><em>* Conductor del programa <strong>Va en serio<\/strong>, Mexiquense TV Canal 34.2, IZZI Canal 135 y Mexiquense Radio.<\/em><\/p><\/blockquote>\n","protected":false},"excerpt":{"rendered":"<p><span style=\"color: #005497;\"><strong>Carlos Ramos Padilla<\/strong><\/span><\/p>\n","protected":false},"author":3,"featured_media":0,"comment_status":"open","ping_status":"open","sticky":false,"template":"","format":"standard","meta":{"_monsterinsights_skip_tracking":false,"_monsterinsights_sitenote_active":false,"_monsterinsights_sitenote_note":"","_monsterinsights_sitenote_category":0,"footnotes":""},"categories":[97109],"tags":[97107],"class_list":["post-581826","post","type-post","status-publish","format-standard","hentry","category-carlos-ramos-padilla","tag-se-comenta-solo-con"],"_links":{"self":[{"href":"https:\/\/www.diarioimagen.net\/index.php?rest_route=\/wp\/v2\/posts\/581826","targetHints":{"allow":["GET"]}}],"collection":[{"href":"https:\/\/www.diarioimagen.net\/index.php?rest_route=\/wp\/v2\/posts"}],"about":[{"href":"https:\/\/www.diarioimagen.net\/index.php?rest_route=\/wp\/v2\/types\/post"}],"author":[{"embeddable":true,"href":"https:\/\/www.diarioimagen.net\/index.php?rest_route=\/wp\/v2\/users\/3"}],"replies":[{"embeddable":true,"href":"https:\/\/www.diarioimagen.net\/index.php?rest_route=%2Fwp%2Fv2%2Fcomments&post=581826"}],"version-history":[{"count":0,"href":"https:\/\/www.diarioimagen.net\/index.php?rest_route=\/wp\/v2\/posts\/581826\/revisions"}],"wp:attachment":[{"href":"https:\/\/www.diarioimagen.net\/index.php?rest_route=%2Fwp%2Fv2%2Fmedia&parent=581826"}],"wp:term":[{"taxonomy":"category","embeddable":true,"href":"https:\/\/www.diarioimagen.net\/index.php?rest_route=%2Fwp%2Fv2%2Fcategories&post=581826"},{"taxonomy":"post_tag","embeddable":true,"href":"https:\/\/www.diarioimagen.net\/index.php?rest_route=%2Fwp%2Fv2%2Ftags&post=581826"}],"curies":[{"name":"wp","href":"https:\/\/api.w.org\/{rel}","templated":true}]}}