{"id":581938,"date":"2023-04-26T00:01:00","date_gmt":"2023-04-26T06:01:00","guid":{"rendered":"https:\/\/www.diarioimagen.net\/?p=581938"},"modified":"2023-04-26T22:48:07","modified_gmt":"2023-04-27T04:48:07","slug":"preven-aumento-en-precios-de-vivienda-por-paso-de-tren-maya","status":"publish","type":"post","link":"https:\/\/www.diarioimagen.net\/?p=581938","title":{"rendered":"Prev\u00e9n aumento en precios de vivienda por paso de Tren Maya"},"content":{"rendered":"<p>&nbsp;<\/p>\n<h3 style=\"text-align: center;\">Mayor plusval\u00eda de la propiedad<\/h3>\n<p>&nbsp;<\/p>\n<ul>\n<li><strong><em>Se\u00f1ala AMPI que es importante que el sur del estado tambi\u00e9n crezca econ\u00f3micamente<\/em><\/strong><\/li>\n<\/ul>\n<p><strong>\u00a0<\/strong><\/p>\n<div id=\"attachment_581986\" style=\"width: 470px\" class=\"wp-caption aligncenter\"><a href=\"https:\/\/www.diarioimagen.net\/?attachment_id=581986\" rel=\"attachment wp-att-581986\"><img loading=\"lazy\" decoding=\"async\" aria-describedby=\"caption-attachment-581986\" class=\"size-full wp-image-581986\" src=\"https:\/\/www.diarioimagen.net\/wp-content\/uploads\/2023\/04\/INMUEBLES01.jpg\" alt=\"\" width=\"460\" height=\"270\" \/><\/a><p id=\"caption-attachment-581986\" class=\"wp-caption-text\">La AMPI anticipa que con la puesta en marcha del Tren Maya en Quintana Roo habr\u00e1 un aumento positivo sobre los costos de los bienes inmuebles.<\/p><\/div>\n<p>&nbsp;<\/p>\n<p><strong>Canc\u00fan.\u2014<\/strong> La Asociaci\u00f3n Mexicana de Profesionales Inmobiliarios (AMPI), anticipa que con la puesta en marcha del Tren Maya en Quintana Roo habr\u00e1 un aumento positivo sobre los costos de los bienes inmuebles, no obstante, advierten que el crecimiento debe ir apegado al cuidado del medio ambiente.<\/p>\n<p>Jaime Gonz\u00e1lez, presidente de la AMPI, el proyecto federal en los siguientes meses traer\u00e1 una especulaci\u00f3n positiva que se ver\u00e1 con una mayor plusval\u00eda de la propiedad en la entidad caribe\u00f1a, principalmente cuando el proyecto inicie funciones a finales de diciembre de este a\u00f1o.<\/p>\n<p>No obstante, asever\u00f3 que todo debe realizarse con plena conciencia ecol\u00f3gica. \u201cHay que cuidar mucho el tema ambiental, hay que cuidar mucho de c\u00f3mo se ira\u0301 desarrollando todo, pero en t\u00e9rminos generales, siempre genera una especulaci\u00f3n positiva este tipo de proyectos\u201d, dijo.<\/p>\n<p>Adelant\u00f3 que las principales zonas que tendr\u00e1n un impacto positivo se encuentran en los alrededores del punto donde quedara\u0301 la estaci\u00f3n del Tramo 5 Sur del Tren Maya en Playa del Carmen, en los alrededores del fraccionamiento Villas del Sol, Palma Turquesa, Los Olivos y Misi\u00f3n de las Flores. \u201cComo todas las inversiones que trae el gobierno, es muy importante que hagan parti\u0301cipe a la comunidad, pues son decisiones que nos ayudan como sector\u201d, agreg\u00f3 el inmobiliario.<\/p>\n<p>En cuanto al desarrollo del sur del estado, dijo que desde la AMPI buscan un crecimiento en zonas alejadas del norte de la entidad. \u201cApoyamos mucho la agenda de gobierno de este a\u00f1o. Es importante que el sur del estado tambi\u00e9n crezca econ\u00f3micamente, socialmente. Yo creo que la AMPI en este sentido, todas las secciones de AMPI apoyamos eso\u201d, dijo.<\/p>\n<p>Finalmente adelant\u00f3 que despu\u00e9s de la toma de protesta que tendr\u00e1 la mesa directiva en Playa del Carmen, la pr\u00f3xima semana se realizar\u00e1 una conferencia con el tema \u2018El futuro del Real Estate\u2019, impartida por el especialista en finanzas y referente en el sector Fintech, Javier Mart\u00ednez Morodo.<\/p>\n<p>\u201cLa finalidad principal es mantener a los agentes con capacitaci\u00f3n constante, promoviendo profesionales preparados y dispuestos a salvaguardar e impulsar el sector de los Bienes Rai\u0301ces\u201d, concluy\u00f3.<\/p>\n<p style=\"text-align: center;\"><strong>Entra en vigor regulaci\u00f3n de Airbnb<\/strong><\/p>\n<p>Ya se encuentra en vigor el nuevo registro de plataformas digitales de alojamiento tipo Airbnb, que hace obligatorio que las plataformas deban inscribirse en un padr\u00f3n, asimismo arranca al cobro de una tasa de 6% por ciento del impuesto al hospedaje, es decir, un punto porcentual m\u00e1s que lo que deben pagar en la hoteler\u00eda tradicional.<\/p>\n<p>El reglamento emitido por el Servicio de Administraci\u00f3n Tributaria del Estado, refiere que todos los anfitriones deber\u00e1n contar con una licencia de funcionamiento para seguir operando y asimismo, cumplir con sus obligaciones fiscales, pues de lo contrario podr\u00edan enfrentar sanciones.<\/p>\n<p>La meta es que todas las personas, f\u00edsicas o morales, que brindan hospedaje a trav\u00e9s de plataformas digitales cumplan con su obligaci\u00f3n de pagar el Impuesto al Hospedaje, que a partir de este 2023 es del 6%. Cabe destacar que hasta ahora la \u00fanica plataforma que tiene un arreglo con el gobierno estatal es Airbnb.<\/p>\n<p>Cabe destacar que hasta 2022, las rentas vacacionales en Quintana Roo sumaban ya m\u00e1s de 35 mil unidades de alojamiento con tarifas que van de los 44 hasta los 99 d\u00f3lares en promedio y desde entonces han ido en aumento.<\/p>\n<p>El presidente de la Asociaci\u00f3n de Rentas Vacacionales en el estado, Manuel Alonso \u00c1lvarez, destac\u00f3 que a nivel nacional este segmento de alojamiento suma ya m\u00e1s de 280 mil unidades.<\/p>\n<p>En 2019 el inventario de unidades oscilaba entre las 130 mil y 132 mil a nivel nacional, por lo que el repunte despu\u00e9s del 2020 ha sido de m\u00e1s del doble.<\/p>\n","protected":false},"excerpt":{"rendered":"<p>La Asociaci\u00f3n Mexicana de Profesionales Inmobiliarios (AMPI), anticipa que con la puesta en marcha del Tren Maya en Quintana Roo habr\u00e1 un aumento positivo sobre los costos de los bienes inmuebles, no obstante, advierten que el crecimiento debe ir apegado al cuidado del medio ambiente.<\/p>\n","protected":false},"author":3,"featured_media":581986,"comment_status":"open","ping_status":"open","sticky":false,"template":"","format":"standard","meta":{"_monsterinsights_skip_tracking":false,"_monsterinsights_sitenote_active":false,"_monsterinsights_sitenote_note":"","_monsterinsights_sitenote_category":0,"footnotes":""},"categories":[8],"tags":[86043,43673,76415],"class_list":["post-581938","post","type-post","status-publish","format-standard","has-post-thumbnail","hentry","category-finanzas","tag-ampi","tag-nacional","tag-tren-maya"],"_links":{"self":[{"href":"https:\/\/www.diarioimagen.net\/index.php?rest_route=\/wp\/v2\/posts\/581938","targetHints":{"allow":["GET"]}}],"collection":[{"href":"https:\/\/www.diarioimagen.net\/index.php?rest_route=\/wp\/v2\/posts"}],"about":[{"href":"https:\/\/www.diarioimagen.net\/index.php?rest_route=\/wp\/v2\/types\/post"}],"author":[{"embeddable":true,"href":"https:\/\/www.diarioimagen.net\/index.php?rest_route=\/wp\/v2\/users\/3"}],"replies":[{"embeddable":true,"href":"https:\/\/www.diarioimagen.net\/index.php?rest_route=%2Fwp%2Fv2%2Fcomments&post=581938"}],"version-history":[{"count":0,"href":"https:\/\/www.diarioimagen.net\/index.php?rest_route=\/wp\/v2\/posts\/581938\/revisions"}],"wp:featuredmedia":[{"embeddable":true,"href":"https:\/\/www.diarioimagen.net\/index.php?rest_route=\/wp\/v2\/media\/581986"}],"wp:attachment":[{"href":"https:\/\/www.diarioimagen.net\/index.php?rest_route=%2Fwp%2Fv2%2Fmedia&parent=581938"}],"wp:term":[{"taxonomy":"category","embeddable":true,"href":"https:\/\/www.diarioimagen.net\/index.php?rest_route=%2Fwp%2Fv2%2Fcategories&post=581938"},{"taxonomy":"post_tag","embeddable":true,"href":"https:\/\/www.diarioimagen.net\/index.php?rest_route=%2Fwp%2Fv2%2Ftags&post=581938"}],"curies":[{"name":"wp","href":"https:\/\/api.w.org\/{rel}","templated":true}]}}