{"id":581968,"date":"2023-04-26T00:12:22","date_gmt":"2023-04-26T06:12:22","guid":{"rendered":"https:\/\/www.diarioimagen.net\/?p=581968"},"modified":"2023-04-26T00:02:59","modified_gmt":"2023-04-26T06:02:59","slug":"va-la-3-de-3","status":"publish","type":"post","link":"https:\/\/www.diarioimagen.net\/?p=581968","title":{"rendered":"\u00bfVa la 3 de 3?"},"content":{"rendered":"<h2>Tras la puerta del poder<\/h2>\n<h5>Roberto Vizca\u00edno<\/h5>\n<p>&nbsp;<\/p>\n<p>Para no pocos en el Senado, la \u201cLey 3 de 3\u201d debe aprobarse ya y as\u00ed evitar que agresores de mujeres o deudores alimentarios puedan ser \u201cpremiados\u201d con cargos de elecci\u00f3n popular o p\u00fablicos.<\/p>\n<p>Por lo pronto, la minuta enviada al Senado por la C\u00e1mara de Diputados, que reforma y adiciona los art\u00edculos 38 y 102 de la Constituci\u00f3n Pol\u00edtica, ser\u00e1 tramitada hoy mi\u00e9rcoles en las comisiones de Puntos Constitucionales y de Estudios Legislativos del Senado.<\/p>\n<p>De entrada, propone adicionar las causales por las que los derechos o prerrogativas de los ciudadanos se suspenden, ya sea por tener sentencia firme por la comisi\u00f3n intencional de delitos contra la vida y la integridad corporal; contra la libertad y seguridad sexuales y el normal desarrollo psicosexual; por violencia familiar, violencia familiar equiparada o dom\u00e9stica o violaci\u00f3n a la intimidad sexual.<\/p>\n<p>Igual incluye lo de violencia pol\u00edtica contra las mujeres en raz\u00f3n de g\u00e9nero, en cualquiera de sus modalidades y tipos, o por ser declarada como persona deudora alimentaria morosa.<\/p>\n<p>Adem\u00e1s, establece como requisito para que se pueda ser titular de la Fiscal\u00eda General de la Rep\u00fablica, que se cuente con buena reputaci\u00f3n y no haber sido condenada por la comisi\u00f3n de delito doloso.<\/p>\n<p>Adicionalmente, esta iniciativa reduce la edad para ser diputado y\/o secretarios de Estado; y el que considera el tr\u00e1fico ilegal de armas como delito grave, indic\u00f3 <strong>Ricardo Monreal<\/strong>.<\/p>\n<p style=\"text-align: center;\"><strong>Va oootra reforma a la Ley General de Comunicaci\u00f3n Social<\/strong><\/p>\n<p>Por unanimidad, el Senado aprob\u00f3 ayer el proyecto de reforma a la Ley General de Comunicaci\u00f3n Social para dejar libres los l\u00edmites de gasto en ese rubro por parte de municipios, gobiernos estatales y las entidades federales.<\/p>\n<p>Avalada por 92 votos esa misma reforma deroga la disposici\u00f3n que fue vetada hace poco por la Corte que establec\u00eda que todos los niveles de gobierno deb\u00edan homologar sus gastos en comunicaci\u00f3n social a s\u00f3lo 0.1 por ciento del Presupuesto de Egresos Anual aprobado por sus respectivas legislaturas.<\/p>\n<p>La oposici\u00f3n siempre dijo que eso era inconstitucional y la Corte finalmente lo decret\u00f3 as\u00ed.<\/p>\n<p style=\"text-align: center;\"><strong>El sector p\u00fablico los necesita<\/strong><\/p>\n<p>Al inaugurar ayer el Parlamento Juvenil con la participaci\u00f3n de estudiantes de la Universidad de Monterrey, <strong>Ricardo Monreal<\/strong>, presidente de la Junta de Coordinaci\u00f3n Pol\u00edtica, les pidi\u00f3 a los j\u00f3venes buscar su acomodo dentro del servicio p\u00fablico y comprometerse, a actuar con humildad y sencillez, \u201cya que la arrogancia y la soberbia te alejan de la gente\u201d.<\/p>\n<p>\u00bfEn qui\u00e9n estar\u00eda pensando el zacatecano? \u00bfA qui\u00e9n envi\u00f3 el mensaje?<\/p>\n<p>S\u00f3lo \u00e9l lo sabe. Pero un par de los que est\u00e1n en el Z\u00f3calo podr\u00edan ponerse ese saco, \u00bfo no?<\/p>\n<p>Agreg\u00f3: \u201c\u2026es necesario formar una nueva generaci\u00f3n de l\u00edderes, una nueva clase de gobernantes\u201d, porque en M\u00e9xico se agotan sus liderazgos y ustedes tienen que sustituirnos y a hacer mejor las cosas que nosotros\u201d.<\/p>\n<p style=\"text-align: center;\"><strong>\u00bfAlienta Monreal la confrontaci\u00f3n?<\/strong><\/p>\n<p>Sorpresivamente, <strong>Ricardo Monreal<\/strong> aprovech\u00f3 el acto conmemorativo al 160 aniversario del nacimiento de Belisario Dom\u00ednguez para hacer un reconocimiento al pr\u00f3cer sino para felicitar a la senadora chiapaneca <strong>Sasil de Le\u00f3n<\/strong>, del inexistente PES, por haberse lanzado contra la Suprema Corte por declarar inconstitucional el pase de la Guardia Nacional a la Sedena.<\/p>\n<p>Solo que <strong>De Le\u00f3n<\/strong> lo hizo durante su discurso como presidenta de la Comisi\u00f3n que otorga la medalla Belisario Dom\u00ednguez a la escritora <strong>Elena Poniatowska,<\/strong> lo cual arm\u00f3 uno de los peores sainetes opositores que haya vivido el Senado mexicano.<\/p>\n<p>\u201cQuiero felicitarla por su valent\u00eda, por su actitud de lealtad al Presidente de M\u00e9xico, al que le deseamos todos y todas, pronta recuperaci\u00f3n\u201d, dijo Monreal.<\/p>\n<p>Ya me imagino lo que le van a decir los del PAN, PRI, PRD, MC y Grupo Plural.<\/p>\n<p style=\"text-align: center;\"><strong>M\u00e9xico, bajo ataque desde el ciberespacio<\/strong><\/p>\n<p>En M\u00e9xico ocurren m\u00e1s de 170 mil millones de ataques cibern\u00e9ticos al a\u00f1o. Las principales afectadas son las empresas y las secretar\u00edas y paraestatales del gobierno. De ah\u00ed la urgencia de crear un Centro de Ciberseguridad Industrial que se encargue de prevenir y actuar ante esta embestida, indicaron especialistas de la Asociaci\u00f3n Mexicana de Empresas de Seguridad Privada, la AMESP.<\/p>\n<p>Durante el Foro Internacional de Ciberseguridad Index, pidieron que, antes de aprobar una regulaci\u00f3n, que es analizada en Senado y C\u00e1mara de Diputados, es necesario establecer un mecanismo de prevenci\u00f3n que eviten las grandes p\u00e9rdidas econ\u00f3micas que se sufren por estos ataques.<\/p>\n<p><strong>Alberto Friedman<\/strong>, <strong>Luis Miguel Dena Escalera<\/strong>, <strong>Pablo Guti\u00e9rrez<\/strong> y <strong>Herve Hurtado<\/strong>, expertos en seguridad cibern\u00e9tica de la AMESP, afirmaron que en M\u00e9xico se cuenta con los conocimientos y la tecnolog\u00eda necesaria para hacer frente a este ataque cibern\u00e9tico masivo que da\u00f1a ya al 20 por ciento de las empresas nacionales.<\/p>\n<p><em><a href=\"mailto:rvizcainoa@gmail.com\" target=\"_blank\" rel=\"noopener noreferrer\">vizcainoa@gmail.com<\/a><a href=\"mailto:rvizcainoa@gmail.com\" target=\"_blank\" rel=\"noopener noreferrer\"><br \/>\n<\/a><a href=\"http:\/\/endirecto.mx\" target=\"_blank\" rel=\"noopener noreferrer\">www.endirecto.mx<\/a><a href=\"mailto:rvizcainoa@gmail.com\" target=\"_blank\" rel=\"noopener noreferrer\"><br \/>\n<\/a><a href=\"https:\/\/twitter.com\/_rvizcaino\" target=\"_blank\" rel=\"noopener noreferrer\">@_RVizcaino<\/a><a href=\"mailto:rvizcainoa@gmail.com\" target=\"_blank\" rel=\"noopener noreferrer\"><br \/>\n<\/a><a href=\"https:\/\/www.facebook.com\/rvizcainoa\" target=\"_blank\" rel=\"noopener noreferrer\">facebook.com\/rvizcainoa<\/a><\/em><\/p>\n","protected":false},"excerpt":{"rendered":"<p><span style=\"color: #005497;\"><strong>Roberto Vizca\u00edno<\/strong><\/span><\/p>\n","protected":false},"author":3,"featured_media":0,"comment_status":"open","ping_status":"open","sticky":false,"template":"","format":"standard","meta":{"_monsterinsights_skip_tracking":false,"_monsterinsights_sitenote_active":false,"_monsterinsights_sitenote_note":"","_monsterinsights_sitenote_category":0,"footnotes":""},"categories":[136],"tags":[43674,93,94],"class_list":["post-581968","post","type-post","status-publish","format-standard","hentry","category-roberto-vizcaino-opinion","tag-opinion","tag-roberto-vizcaino","tag-tras-la-puerta-del-poder"],"_links":{"self":[{"href":"https:\/\/www.diarioimagen.net\/index.php?rest_route=\/wp\/v2\/posts\/581968","targetHints":{"allow":["GET"]}}],"collection":[{"href":"https:\/\/www.diarioimagen.net\/index.php?rest_route=\/wp\/v2\/posts"}],"about":[{"href":"https:\/\/www.diarioimagen.net\/index.php?rest_route=\/wp\/v2\/types\/post"}],"author":[{"embeddable":true,"href":"https:\/\/www.diarioimagen.net\/index.php?rest_route=\/wp\/v2\/users\/3"}],"replies":[{"embeddable":true,"href":"https:\/\/www.diarioimagen.net\/index.php?rest_route=%2Fwp%2Fv2%2Fcomments&post=581968"}],"version-history":[{"count":0,"href":"https:\/\/www.diarioimagen.net\/index.php?rest_route=\/wp\/v2\/posts\/581968\/revisions"}],"wp:attachment":[{"href":"https:\/\/www.diarioimagen.net\/index.php?rest_route=%2Fwp%2Fv2%2Fmedia&parent=581968"}],"wp:term":[{"taxonomy":"category","embeddable":true,"href":"https:\/\/www.diarioimagen.net\/index.php?rest_route=%2Fwp%2Fv2%2Fcategories&post=581968"},{"taxonomy":"post_tag","embeddable":true,"href":"https:\/\/www.diarioimagen.net\/index.php?rest_route=%2Fwp%2Fv2%2Ftags&post=581968"}],"curies":[{"name":"wp","href":"https:\/\/api.w.org\/{rel}","templated":true}]}}