{"id":582204,"date":"2023-04-28T00:15:18","date_gmt":"2023-04-28T06:15:18","guid":{"rendered":"https:\/\/www.diarioimagen.net\/?p=582204"},"modified":"2023-04-28T00:15:18","modified_gmt":"2023-04-28T06:15:18","slug":"como-dormido","status":"publish","type":"post","link":"https:\/\/www.diarioimagen.net\/?p=582204","title":{"rendered":"Como dormido"},"content":{"rendered":"<h2>Se comenta s\u00f3lo con\u2026<\/h2>\n<h5>Carlos Ramos Padilla*<\/h5>\n<p>&nbsp;<\/p>\n<p>Una prueba m\u00e1s de la inconsistencia en la informaci\u00f3n oficial y de los medios fue cuando en Palacio Nacional se acus\u00f3 de mentiroso al <em>Diario de Yucat\u00e1n<\/em> por haber informado que el Presidente se hab\u00eda desvanecido.<\/p>\n<p>Dos d\u00edas despu\u00e9s AMLO, en un largo mensaje no solamente, acept\u00f3 que s\u00ed ocurri\u00f3, hasta lo llam\u00f3 \u201cv\u00e1guido\u201d.<\/p>\n<p>Pero tal como lo narr\u00f3 el peri\u00f3dico meridiano, fue reanimado y luego se procedi\u00f3 a interrumpir su agenda y trasladarlo a la Ciudad de M\u00e9xico. Revisando el tranquilizador mensaje presidencial el mandatario dijo: \u201cEra una reuni\u00f3n con ingenieros militares evaluando el Tren Maya y con otros servidores p\u00fablicos (Fonatur), como que me qued\u00e9 dormido. Fue una especie de v\u00e1guido (vah\u00eddo), hablando coloquialmente, y llegaron de inmediato los m\u00e9dicos y me atendieron. No perd\u00ed el conocimiento. S\u00ed tuve esa situaci\u00f3n de desmayo transitorio y por la baja de presi\u00f3n quer\u00edan llevarme en camilla y en una ambulancia al hospital.<\/p>\n<p>Le pidieron instrucciones al general secretario. El militar recomend\u00f3 una hospitalizaci\u00f3n que neg\u00f3 el tabasque\u00f1o: \u201cYo no acept\u00e9. Los charole\u00e9\u201d. Les dije:<\/p>\n<p>\u201c\u00c9l es el secretario general, pero yo soy el comandante supremo. No me van a llevar a ning\u00fan lado, aqu\u00ed en este sill\u00f3n me van a atender\u201d.<\/p>\n<p>Evidentemente esto trastorn\u00f3 en forma, calendario y fondo los planes de la sucesi\u00f3n presidencial. Las cosas ten\u00edan que cambiar y cambiaron. Por lo pronto y como lo se\u00f1al\u00f3 el secretario de Gobernaci\u00f3n, AMLO no viajar\u00e1 a Nuevo Le\u00f3n el viernes por la tarde y s\u00e1bado.<\/p>\n<p>Se empez\u00f3 con la convocatoria a miembros del gabinete para una reuni\u00f3n el viernes por la tarde para pasar revista a las condiciones de la Rep\u00fablica. Hubo reuni\u00f3n de gobernadores morenistas, pero sin videomensaje de AMLO y con la inesperada e innecesaria presencia de Alejandro Encinas.<\/p>\n<p>Ebrard aplaud\u00eda a rabiar en Tabasco las declaraciones de la esposa del Presidente. Y la pr\u00f3xima semana aparenta ser normal incluyendo la posibilidad de que regrese a las ma\u00f1aneras.<\/p>\n<p>AMLO planear\u00e1 sus estrategias de contingencia y evaluar\u00e1 el comportamiento de sus \u201ccorcholatas\u201d para afinar lo que ya hab\u00eda advertido: Su testamento pol\u00edtico. Por lo pronto, el cuestionado y muy ensayado videomensaje del Presidente logr\u00f3 apagar algunos incendios, incluso atacando nuevamente a sus \u201cdetractores\u201d.<\/p>\n<p>Pero esto no significa que los frentes y presiones abiertas por el Presidente en un conflicto con Estados Unidos y con la Suprema Corte hayan disminuido. Quiso desarticular especulaciones, pero las increment\u00f3. Quiere reorganizar el ejercicio territorial donde domina Morena y evaluar su popularidad luego del desvanecimiento. Con o sin el \u201ccabal salud\u201d, el Presidente ir\u00e1 aminorando sus actividades, pero no ingresar\u00e1 a un ejercicio de reposo. AMLO no quitar\u00e1 la fuerza a su decisi\u00f3n de desaparecer al INAI y para ello ya puso a operar a sus sabuesos en el Senado.<\/p>\n<p>Ya le informaron tambi\u00e9n que el Tren Maya no funcionar\u00e1 en su sexenio y eso lo irrit\u00f3 sobremanera. Se le acaba el tiempo de poder absoluto, su imagen se har\u00e1 peque\u00f1a para dar paso al aspirante presidencial, aun cuando \u00e9l mismo se proponga como operador y coordinador de la campa\u00f1a electoral, eso sin duda. Por lo pronto, las contradicciones y mentiras sobre su enfermedad no le ayudar\u00e1n y en algunos casos en efecto, ya parecer\u00e1 que anda \u201cmedio dormido\u201d.<\/p>\n<p><a href=\"https:\/\/twitter.com\/cramospadilla?ref_src=twsrc%5Egoogle%7Ctwcamp%5Eserp%7Ctwgr%5Eauthor\" target=\"_blank\" rel=\"noopener\"><em>@cramospadilla<\/em><\/a><\/p>\n<blockquote><p><em>* Conductor del programa <strong>Va en serio<\/strong>, Mexiquense TV Canal 34.2, IZZI Canal 135 y Mexiquense Radio.<\/em><\/p><\/blockquote>\n","protected":false},"excerpt":{"rendered":"<p><span style=\"color: #005497;\"><strong>Carlos Ramos Padilla<\/strong><\/span><\/p>\n","protected":false},"author":3,"featured_media":0,"comment_status":"open","ping_status":"open","sticky":false,"template":"","format":"standard","meta":{"_monsterinsights_skip_tracking":false,"_monsterinsights_sitenote_active":false,"_monsterinsights_sitenote_note":"","_monsterinsights_sitenote_category":0,"footnotes":""},"categories":[97109],"tags":[97108,43674,97107],"class_list":["post-582204","post","type-post","status-publish","format-standard","hentry","category-carlos-ramos-padilla","tag-carlos-ramos-padilla","tag-opinion","tag-se-comenta-solo-con"],"_links":{"self":[{"href":"https:\/\/www.diarioimagen.net\/index.php?rest_route=\/wp\/v2\/posts\/582204","targetHints":{"allow":["GET"]}}],"collection":[{"href":"https:\/\/www.diarioimagen.net\/index.php?rest_route=\/wp\/v2\/posts"}],"about":[{"href":"https:\/\/www.diarioimagen.net\/index.php?rest_route=\/wp\/v2\/types\/post"}],"author":[{"embeddable":true,"href":"https:\/\/www.diarioimagen.net\/index.php?rest_route=\/wp\/v2\/users\/3"}],"replies":[{"embeddable":true,"href":"https:\/\/www.diarioimagen.net\/index.php?rest_route=%2Fwp%2Fv2%2Fcomments&post=582204"}],"version-history":[{"count":0,"href":"https:\/\/www.diarioimagen.net\/index.php?rest_route=\/wp\/v2\/posts\/582204\/revisions"}],"wp:attachment":[{"href":"https:\/\/www.diarioimagen.net\/index.php?rest_route=%2Fwp%2Fv2%2Fmedia&parent=582204"}],"wp:term":[{"taxonomy":"category","embeddable":true,"href":"https:\/\/www.diarioimagen.net\/index.php?rest_route=%2Fwp%2Fv2%2Fcategories&post=582204"},{"taxonomy":"post_tag","embeddable":true,"href":"https:\/\/www.diarioimagen.net\/index.php?rest_route=%2Fwp%2Fv2%2Ftags&post=582204"}],"curies":[{"name":"wp","href":"https:\/\/api.w.org\/{rel}","templated":true}]}}