{"id":582265,"date":"2023-04-28T00:03:13","date_gmt":"2023-04-28T06:03:13","guid":{"rendered":"https:\/\/www.diarioimagen.net\/?p=582265"},"modified":"2023-04-28T01:57:56","modified_gmt":"2023-04-28T07:57:56","slug":"encuestas-mexiquenses-cambiantes","status":"publish","type":"post","link":"https:\/\/www.diarioimagen.net\/?p=582265","title":{"rendered":"Encuestas mexiquenses cambiantes"},"content":{"rendered":"<h2>Espacio Electoral<\/h2>\n<h5>Eleazar Flores<\/h5>\n<p><strong>\u00a0<\/strong><\/p>\n<p><strong>\u00bfENGA\u00d1OSAS?-.<\/strong> Los cuartos de guerra de las dos candidatas a la gubernatura mexiquense tienen una instrucci\u00f3n semejante, no confiarse de los datos de encuestas, tan beligerantes unas y dis\u00edmbolas otras, seg\u00fan se aprecia en sus datos, pero hay algo cierto, SE CIERRAN DIFERENCIAS.<\/p>\n<p>Como observador y de buena memoria, recuerda usted bien que hace exactamente dos semanas le anticipe que los porcentajes de preferencias entre Delfina G\u00f3mez de MORENA y aliados y Alejandra del Moral del PRI y aliados, se reduce a un d\u00edgito o a dos sin pasar del n\u00famero 10.<\/p>\n<p>El adelanto que le escrib\u00ed fue producto del TRABAJO DE CAMPO revelado por quienes recorren banquetas y tocan domicilios por todo los rincones del pa\u00eds, concentrando datos en las oficinas de sus respectivas firmas encuestadoras y entran a an\u00e1lisis de escritorio antes de poder darlas a conocer p\u00fablicamente, no es de un d\u00eda para otro.<\/p>\n<p>Recuerde que har\u00e1 cosa de dos meses las encuestas daban porcentajes muy ventajosos para Delfina G\u00f3mez, cuyos equipos de trabajo presum\u00edan un 48%, con apenas un 28 % para Alejandra del Moral, en cuyos equipos debi\u00f3 existir nerviosismo.<\/p>\n<p>Una semana antes del debate las distancias se acortaban con 45 por ciento para Delfina y MORENA y un 33, 35 por ciento para Alejandra y el PRI; pero una semana despu\u00e9s del debate cuyo desenvolvimiento y desempe\u00f1o permiti\u00f3 conocer un poco mejor a las abanderadas, vinieron otros ejercicios de apreciaci\u00f3n y preferencias.<\/p>\n<p>Puede creer o no, pues a 35 d\u00edas de las elecciones y a un mes de concluir las campa\u00f1as, los porcentajes se cierran, ya que los DE A PIE de las encuestas serias son quienes revelan que mientras la profesora Delfina G\u00f3mez baja a un 45 por ciento o menos en las preferencias, Alejandra Del Moral llega ya al 35 por ciento.<\/p>\n<p>La baja o cuando menos el estancamiento preferencial en la campa\u00f1a de la candidata de Morena, obedece, seg\u00fan los observadores, a la creencia que qued\u00f3 en el imaginario, despu\u00e9s del DEBATE, en el sentido de que la texcocana est\u00e1 sobreprotegida por sus GUARDIAS Higinio Mart\u00ednez y Horacio Duarte, declarantes medi\u00e1ticos frecuentes en lugar de la candidata.<\/p>\n<p>En el cuartel de enfrente ven m\u00e1s \u201cechada pa\u00b4delante a la oriunda de Cuautitl\u00e1n Izcalli, adem\u00e1s de que en su ret\u00f3rica aprecian propuestas m\u00e1s concretas como la reinstalaci\u00f3n del seguro popular, el salario familiar y dem\u00e1s.<\/p>\n<p>Para el SEGUNDO DEBATE, programado para el 18 de mayo, los escenarios podr\u00edan cambiar -para bien o para mal de una o de otra-, por lo que sus asesores discursivos y de imagen tendr\u00e1n que trabajar atacando debilidades y aumentando fortalezas, que ambas las tienen. \u00bfAsistir\u00e1 Delfina?<\/p>\n<p><em><a href=\"mailto:elefa44@gmail.com\" target=\"_blank\" rel=\"noopener noreferrer\">elefa44@gmail.com<\/a><\/em><\/p>\n","protected":false},"excerpt":{"rendered":"<p><span style=\"color: #005497;\"><strong>Eleazar Flores<\/strong><\/span><\/p>\n","protected":false},"author":3,"featured_media":0,"comment_status":"open","ping_status":"open","sticky":false,"template":"","format":"standard","meta":{"_monsterinsights_skip_tracking":false,"_monsterinsights_sitenote_active":false,"_monsterinsights_sitenote_note":"","_monsterinsights_sitenote_category":0,"footnotes":""},"categories":[81743],"tags":[81744,81776,43674],"class_list":["post-582265","post","type-post","status-publish","format-standard","hentry","category-eleazar-flores","tag-eleazar-flores","tag-espacio-electoral","tag-opinion"],"_links":{"self":[{"href":"https:\/\/www.diarioimagen.net\/index.php?rest_route=\/wp\/v2\/posts\/582265","targetHints":{"allow":["GET"]}}],"collection":[{"href":"https:\/\/www.diarioimagen.net\/index.php?rest_route=\/wp\/v2\/posts"}],"about":[{"href":"https:\/\/www.diarioimagen.net\/index.php?rest_route=\/wp\/v2\/types\/post"}],"author":[{"embeddable":true,"href":"https:\/\/www.diarioimagen.net\/index.php?rest_route=\/wp\/v2\/users\/3"}],"replies":[{"embeddable":true,"href":"https:\/\/www.diarioimagen.net\/index.php?rest_route=%2Fwp%2Fv2%2Fcomments&post=582265"}],"version-history":[{"count":0,"href":"https:\/\/www.diarioimagen.net\/index.php?rest_route=\/wp\/v2\/posts\/582265\/revisions"}],"wp:attachment":[{"href":"https:\/\/www.diarioimagen.net\/index.php?rest_route=%2Fwp%2Fv2%2Fmedia&parent=582265"}],"wp:term":[{"taxonomy":"category","embeddable":true,"href":"https:\/\/www.diarioimagen.net\/index.php?rest_route=%2Fwp%2Fv2%2Fcategories&post=582265"},{"taxonomy":"post_tag","embeddable":true,"href":"https:\/\/www.diarioimagen.net\/index.php?rest_route=%2Fwp%2Fv2%2Ftags&post=582265"}],"curies":[{"name":"wp","href":"https:\/\/api.w.org\/{rel}","templated":true}]}}