{"id":582294,"date":"2023-05-02T00:05:19","date_gmt":"2023-05-02T06:05:19","guid":{"rendered":"https:\/\/www.diarioimagen.net\/?p=582294"},"modified":"2023-05-03T00:38:51","modified_gmt":"2023-05-03T06:38:51","slug":"se-preparan-estudiantes-de-la-uaemex-rumbo-a-rally-universitario-giff","status":"publish","type":"post","link":"https:\/\/www.diarioimagen.net\/?p=582294","title":{"rendered":"Se preparan estudiantes de la UAEM\u00e9x rumbo a Rally Universitario GIFF"},"content":{"rendered":"<p><em>\u00a0<\/em><\/p>\n<ul>\n<li><strong><em>El proyecto \u2018El Despertar\u2019, de estudiantes de la Licenciatura en Estudios Cinematogr\u00e1ficos de la Aut\u00f3noma mexiquense, es uno de los seis seleccionados a nivel nacional para participar en el rally del Festival Internacional de Cine de Guanajuato<\/em><\/strong><\/li>\n<\/ul>\n<p><strong>\u00a0<\/strong><\/p>\n<div id=\"attachment_582384\" style=\"width: 470px\" class=\"wp-caption aligncenter\"><a href=\"https:\/\/www.diarioimagen.net\/?attachment_id=582384\" rel=\"attachment wp-att-582384\"><img loading=\"lazy\" decoding=\"async\" aria-describedby=\"caption-attachment-582384\" class=\"size-full wp-image-582384\" src=\"https:\/\/www.diarioimagen.net\/wp-content\/uploads\/2023\/05\/uaem-preparan-estudiantes.jpg\" alt=\"\" width=\"460\" height=\"270\" \/><\/a><p id=\"caption-attachment-582384\" class=\"wp-caption-text\">La UAEM\u00e9x ha sido seleccionada por cuarta ocasi\u00f3n consecutiva como participante del Rally.<\/p><\/div>\n<p>&nbsp;<\/p>\n<p><strong>Toluca, Estado de M\u00e9xico.\u2013<\/strong> Rodar y editar un cortometraje en un m\u00e1ximo de 48 horas es el reto al que se enfrentar\u00e1n estudiantes de la Licenciatura en Estudios Cinematogr\u00e1ficos de la Escuela de Artes Esc\u00e9nicas de la Universidad Aut\u00f3noma del Estado de M\u00e9xico (UAEM\u00e9x), tras ser uno de los seis equipos seleccionados, a nivel nacional, para participar en el Rally Universitario GIFF del Festival Internacional de Cine de Guanajuato, que se llevar\u00e1 a cabo del 20 al 30 de julio.<\/p>\n<p>El director y guionista del proyecto \u201cEl Despertar\u201d, Federico Cervantes Paniagua, -estudiante de 10o semestre de la Licenciatura en Estudios Cinematogr\u00e1ficos-, refiri\u00f3 que la trama de la historia versa en lo on\u00edrico y la comedia y busca llevar al espectador a la reflexi\u00f3n sobre d\u00f3nde empieza y termina la realidad y los sue\u00f1os.<\/p>\n<p>Cervantes Paniagua detall\u00f3 que desde diciembre que recibieron la noticia de ser uno de los equipos seleccionados para participar en el Rally han ido afinando el proyecto y practicando en Toluca el proceso de rodaje y edici\u00f3n que tendr\u00e1n que desarrollar en Le\u00f3n Guanajuato durante la contienda.<\/p>\n<p>\u201cEn \u2018El Despertar\u2019 son tres amigos que se re\u00fanen a tomar un caf\u00e9, pero como avanza la tarde, a trav\u00e9s de eventos extra\u00f1os que empiezan a suceder, se dan cuenta que est\u00e1n atrapados en un sue\u00f1o y es hora descubrir a qui\u00e9n pertenece el sue\u00f1o porque si se despiertan podr\u00edan desaparecer los otros dos. El cortometraje es tanto surrealista como de comedia y explora los momentos m\u00e1s raros de los sue\u00f1os, as\u00ed como la duda existencial que esto nos puede generar\u201d, explic\u00f3.<\/p>\n<p>El productor de \u201cEl Despertar\u201d, Andr\u00e9s Narv\u00e1ez Aguirre, refiri\u00f3 que los integrantes del equipo est\u00e1n afinando sus habilidades para que el proyecto triunfe en el Rally.<\/p>\n<p>\u201cNos estamos preparando para poder desarrollar el mejor trabajo posible y confiamos en cada una de las \u00e1reas que est\u00e1n a cargo de este cortometraje, que van a hacer lo mejor y van a dar todo de s\u00ed mismos para poder sobresalir y sobre todo, realzar a la entidad mexiquense y demostrar por qu\u00e9 estamos ah\u00ed y por qu\u00e9 el talento mexiquense y el cine mexicano es importante\u201d, afirm\u00f3.<\/p>\n<p>En tanto, la asistente de direcci\u00f3n, Tania S\u00e1nchez Germ\u00e1n, expres\u00f3 que el proyecto con el que compite la UAEM\u00e9x es diferente a otras ediciones, por lo que considera que existe oportunidad para tener un logro destacado en el Rally.<\/p>\n<p>\u201cAunque tenemos un reto demasiado grande porque la historia es diferente y cuando se trata de lo on\u00edrico representa un reto cinematogr\u00e1fico m\u00e1s grande, estamos muy emocionados y les prometemos muchas sorpresas\u201d.<\/p>\n<p>Uno de los est\u00edmulos que reciben los equipos seleccionados que participan en el Rally es el acceso a talleres de fotograf\u00eda, montaje, edici\u00f3n, postproducci\u00f3n, iluminaci\u00f3n, sonido, entre otros, que imparten especialistas del s\u00e9ptimo arte a nivel nacional e internacional y que nutren la formaci\u00f3n profesional de los estudiantes.<\/p>\n<p>La UAEM\u00e9x ha sido seleccionada por cuarto a\u00f1o consecutivo como participante del Rally Universitario GIFF del Festival Internacional de Cine de Guanajuato, por la calidad de las propuestas para ser parte del reto.<\/p>\n<p>Juan Pablo Mart\u00ednez S\u00e1nchez, asistente de Producci\u00f3n; Abel Cipriano Garc\u00eda, director de Fotograf\u00eda; Jorge Daniel Canales Serrano, asistente de Fotograf\u00eda; Dhamar Itzae Hern\u00e1ndez G\u00f3mez y Daniela Becerril Ram\u00edrez, en Dise\u00f1o Sonoro; Karla Fernanda Hughes Islas, en direcci\u00f3n de Arte, y Ricardo Joya Aboytes, como editor de video, son estudiantes de la UAEM\u00e9x que tambi\u00e9n integran el proyecto \u201cEl Despertar\u201d.<\/p>\n","protected":false},"excerpt":{"rendered":"<p>Rodar y editar un cortometraje en un m\u00e1ximo de 48 horas es el reto al que se enfrentar\u00e1n estudiantes de la Licenciatura en Estudios Cinematogr\u00e1ficos de la Escuela de Artes Esc\u00e9nicas de la Universidad Aut\u00f3noma del Estado de M\u00e9xico (UAEM\u00e9x), tras ser uno de los seis equipos seleccionados, a nivel nacional, para participar en el Rally Universitario GIFF del Festival Internacional de Cine de Guanajuato, que se llevar\u00e1 a cabo del 20 al 30 de julio.<\/p>\n","protected":false},"author":3,"featured_media":582384,"comment_status":"open","ping_status":"open","sticky":false,"template":"","format":"standard","meta":{"_monsterinsights_skip_tracking":false,"_monsterinsights_sitenote_active":false,"_monsterinsights_sitenote_note":"","_monsterinsights_sitenote_category":0,"footnotes":""},"categories":[5],"tags":[43675,97802,452,67878],"class_list":["post-582294","post","type-post","status-publish","format-standard","has-post-thumbnail","hentry","category-estado-de-mexico","tag-estado-de-mexico","tag-rally-universitario-giff","tag-toluca","tag-uaemex"],"_links":{"self":[{"href":"https:\/\/www.diarioimagen.net\/index.php?rest_route=\/wp\/v2\/posts\/582294","targetHints":{"allow":["GET"]}}],"collection":[{"href":"https:\/\/www.diarioimagen.net\/index.php?rest_route=\/wp\/v2\/posts"}],"about":[{"href":"https:\/\/www.diarioimagen.net\/index.php?rest_route=\/wp\/v2\/types\/post"}],"author":[{"embeddable":true,"href":"https:\/\/www.diarioimagen.net\/index.php?rest_route=\/wp\/v2\/users\/3"}],"replies":[{"embeddable":true,"href":"https:\/\/www.diarioimagen.net\/index.php?rest_route=%2Fwp%2Fv2%2Fcomments&post=582294"}],"version-history":[{"count":0,"href":"https:\/\/www.diarioimagen.net\/index.php?rest_route=\/wp\/v2\/posts\/582294\/revisions"}],"wp:featuredmedia":[{"embeddable":true,"href":"https:\/\/www.diarioimagen.net\/index.php?rest_route=\/wp\/v2\/media\/582384"}],"wp:attachment":[{"href":"https:\/\/www.diarioimagen.net\/index.php?rest_route=%2Fwp%2Fv2%2Fmedia&parent=582294"}],"wp:term":[{"taxonomy":"category","embeddable":true,"href":"https:\/\/www.diarioimagen.net\/index.php?rest_route=%2Fwp%2Fv2%2Fcategories&post=582294"},{"taxonomy":"post_tag","embeddable":true,"href":"https:\/\/www.diarioimagen.net\/index.php?rest_route=%2Fwp%2Fv2%2Ftags&post=582294"}],"curies":[{"name":"wp","href":"https:\/\/api.w.org\/{rel}","templated":true}]}}