{"id":582300,"date":"2023-05-02T00:06:30","date_gmt":"2023-05-02T06:06:30","guid":{"rendered":"https:\/\/www.diarioimagen.net\/?p=582300"},"modified":"2023-05-03T00:38:34","modified_gmt":"2023-05-03T06:38:34","slug":"erendira-munoz-investigadora-uaemex-impulsa-perspectiva-de-genero-en-museos-arqueologicos-del-estado-de-mexico","status":"publish","type":"post","link":"https:\/\/www.diarioimagen.net\/?p=582300","title":{"rendered":"Er\u00e9ndira Mu\u00f1oz, investigadora UAEM\u00e9x, impulsa perspectiva de g\u00e9nero en museos arqueol\u00f3gicos del Estado de M\u00e9xico"},"content":{"rendered":"<p>&nbsp;<\/p>\n<ul>\n<li><strong><em>Mujeres en la ciencia:<\/em> <\/strong><\/li>\n<\/ul>\n<p><strong>\u00a0<\/strong><\/p>\n<div id=\"attachment_582382\" style=\"width: 470px\" class=\"wp-caption aligncenter\"><a href=\"https:\/\/www.diarioimagen.net\/?attachment_id=582382\" rel=\"attachment wp-att-582382\"><img loading=\"lazy\" decoding=\"async\" aria-describedby=\"caption-attachment-582382\" class=\"size-full wp-image-582382\" src=\"https:\/\/www.diarioimagen.net\/wp-content\/uploads\/2023\/05\/uaem-investigadora.jpg\" alt=\"\" width=\"460\" height=\"270\" \/><\/a><p id=\"caption-attachment-582382\" class=\"wp-caption-text\">La catedr\u00e1tica e investigadora del Centro Universitario Tenancingo de la UAEM\u00e9x, Er\u00e9ndira Mu\u00f1oz Ar\u00e9yzaga, desarrolla el trabajo \u201cEnfoque de g\u00e9nero en museos arqueol\u00f3gicos mexiquenses\u201d.<\/p><\/div>\n<p>&nbsp;<\/p>\n<p><strong>Tenancingo, Estado de M\u00e9xico.\u2013<\/strong> Con la participaci\u00f3n de becarias, a quienes pretende motivar para que se desarrollen profesionalmente en el campo de la investigaci\u00f3n o, simplemente, participen en el desarrollo de un trabajo de investigaci\u00f3n y la publicaci\u00f3n de los resultados, la catedr\u00e1tica e investigadora del Centro Universitario Tenancingo de la Universidad Aut\u00f3noma del Estado de M\u00e9xico (UAEM\u00e9x), Er\u00e9ndira Mu\u00f1oz Ar\u00e9yzaga, desarrolla el trabajo \u201cEnfoque de g\u00e9nero en museos arqueol\u00f3gicos mexiquenses\u201d.<\/p>\n<p>La arque\u00f3loga universitaria, destac\u00f3 que el estudio de esta tem\u00e1tica es sumamente novedoso, ya que no se aborda demasiado en M\u00e9xico y mucho menos en los museos arqueol\u00f3gicos.<\/p>\n<p>Se trata, explic\u00f3, de entender c\u00f3mo el enfoque de g\u00e9nero se aplica o no en los museos arqueol\u00f3gicos y para ello, escogi\u00f3 el museo, \u201cDr. Rom\u00e1n Pi\u00f1a Chan\u201d, ubicado en la zona arqueol\u00f3gica de Teotenango, en Tenango del Valle, al contar con seis meses para realizar la investigaci\u00f3n.<\/p>\n<p>\u201cLos museos son un mundo que podemos crear y cuando el p\u00fablico entra a ellos los dota de credibilidad. Ahora, imaginemos que en los museos no est\u00e1n presentes las mujeres, es decir, estamos hablando de un mundo a medias\u201d, advirti\u00f3.<\/p>\n<p>Mu\u00f1oz Ar\u00e9yzaga abund\u00f3 que hay metodolog\u00edas sobre c\u00f3mo se incorpora la perspectiva de g\u00e9nero en los museos; sin embargo, el problema con la arqueolog\u00eda es que generalmente se refiere a objetos, es decir, le falta la parte humana. En los recorridos de los museos vemos objetos y no personas, asegur\u00f3.<\/p>\n<p>\u201cEse es el gran problema que tiene la arqueolog\u00eda. Necesita presentar humanos, femeninos y masculinos, necesita humanizarse. As\u00ed que lo que podemos hacer, por el momento, es analizar lo expresado para identificar qu\u00e9 parte representa a lo femenino y qu\u00e9 parte a lo masculino, visualmente o en las c\u00e9dulas, y a partir de ah\u00ed determinar si hay equilibrio\u201d, dijo.<\/p>\n<p>Tambi\u00e9n podemos analizar la colecci\u00f3n, c\u00f3mo est\u00e1 conformada, si se investiga desde una perspectiva de g\u00e9nero o en realidad es irrelevante esta perspectiva, por ejemplo, cuando se restaura una colecci\u00f3n, indic\u00f3 la integrante del Sistema Nacional de Investigadores (SNI).<\/p>\n<p>\u201cPrimero vamos a analizar lo que est\u00e1 exhibido y luego c\u00f3mo lo ve el p\u00fablico, que es la parte m\u00e1s complicada, ya que no hay una metodolog\u00eda exclusiva de estudios de p\u00fablico que analice esa perspectiva y en ese caso, es m\u00e1s complicado porque partimos de que este museo no est\u00e1 hecho con esta perspectiva\u201d, dijo.<\/p>\n<p>Adem\u00e1s, manifest\u00f3, se realizar\u00e1 un estudio de p\u00fablico en general, es decir, qu\u00e9 observan, qu\u00e9 les gusta y qu\u00e9 elementos son los que prefieren. De igual manera, sobre la perspectiva de g\u00e9nero, de c\u00f3mo el p\u00fablico se imaginar\u00eda este museo y reconocer la parte humana que le falta a la arqueolog\u00eda.<\/p>\n<p>Finalmente, Er\u00e9ndira Mu\u00f1oz Ar\u00e9yzaga afirm\u00f3 que le gustar\u00eda compartir con las autoridades del museo los hallazgos de este trabajo de investigaci\u00f3n e impactar en la exposici\u00f3n temporal o a trav\u00e9s de alg\u00fan material interactivo, mediante un resultado palpable que ayude a incorporar la perspectiva de g\u00e9nero a este museo, si es que no la tiene, as\u00ed como desarrollar, desde cero, una exposici\u00f3n con perspectiva de g\u00e9nero.<\/p>\n","protected":false},"excerpt":{"rendered":"<p>Con la participaci\u00f3n de becarias, a quienes pretende motivar para que se desarrollen profesionalmente en el campo de la investigaci\u00f3n o, simplemente, participen en el desarrollo de un trabajo de investigaci\u00f3n y la publicaci\u00f3n de los resultados, la catedr\u00e1tica e investigadora del Centro Universitario Tenancingo de la Universidad Aut\u00f3noma del Estado de M\u00e9xico (UAEM\u00e9x), Er\u00e9ndira Mu\u00f1oz Ar\u00e9yzaga, desarrolla el trabajo \u201cEnfoque de g\u00e9nero en museos arqueol\u00f3gicos mexiquenses\u201d.<\/p>\n","protected":false},"author":3,"featured_media":582382,"comment_status":"open","ping_status":"open","sticky":false,"template":"","format":"standard","meta":{"_monsterinsights_skip_tracking":false,"_monsterinsights_sitenote_active":false,"_monsterinsights_sitenote_note":"","_monsterinsights_sitenote_category":0,"footnotes":""},"categories":[5],"tags":[25269,48327,79710,67878],"class_list":["post-582300","post","type-post","status-publish","format-standard","has-post-thumbnail","hentry","category-estado-de-mexico","tag-genero","tag-impulsa","tag-perspectiva","tag-uaemex"],"_links":{"self":[{"href":"https:\/\/www.diarioimagen.net\/index.php?rest_route=\/wp\/v2\/posts\/582300","targetHints":{"allow":["GET"]}}],"collection":[{"href":"https:\/\/www.diarioimagen.net\/index.php?rest_route=\/wp\/v2\/posts"}],"about":[{"href":"https:\/\/www.diarioimagen.net\/index.php?rest_route=\/wp\/v2\/types\/post"}],"author":[{"embeddable":true,"href":"https:\/\/www.diarioimagen.net\/index.php?rest_route=\/wp\/v2\/users\/3"}],"replies":[{"embeddable":true,"href":"https:\/\/www.diarioimagen.net\/index.php?rest_route=%2Fwp%2Fv2%2Fcomments&post=582300"}],"version-history":[{"count":0,"href":"https:\/\/www.diarioimagen.net\/index.php?rest_route=\/wp\/v2\/posts\/582300\/revisions"}],"wp:featuredmedia":[{"embeddable":true,"href":"https:\/\/www.diarioimagen.net\/index.php?rest_route=\/wp\/v2\/media\/582382"}],"wp:attachment":[{"href":"https:\/\/www.diarioimagen.net\/index.php?rest_route=%2Fwp%2Fv2%2Fmedia&parent=582300"}],"wp:term":[{"taxonomy":"category","embeddable":true,"href":"https:\/\/www.diarioimagen.net\/index.php?rest_route=%2Fwp%2Fv2%2Fcategories&post=582300"},{"taxonomy":"post_tag","embeddable":true,"href":"https:\/\/www.diarioimagen.net\/index.php?rest_route=%2Fwp%2Fv2%2Ftags&post=582300"}],"curies":[{"name":"wp","href":"https:\/\/api.w.org\/{rel}","templated":true}]}}