{"id":582312,"date":"2023-05-02T00:04:22","date_gmt":"2023-05-02T06:04:22","guid":{"rendered":"https:\/\/www.diarioimagen.net\/?p=582312"},"modified":"2023-05-02T01:42:18","modified_gmt":"2023-05-02T07:42:18","slug":"lamenta-el-pan-incidente-en-evento-de-alejandra-del-moral","status":"publish","type":"post","link":"https:\/\/www.diarioimagen.net\/?p=582312","title":{"rendered":"Lamenta el PAN incidente en evento de Alejandra Del Moral"},"content":{"rendered":"<p>&nbsp;<\/p>\n<p><a href=\"https:\/\/www.diarioimagen.net\/?attachment_id=582398\" rel=\"attachment wp-att-582398\"><img loading=\"lazy\" decoding=\"async\" class=\"aligncenter size-full wp-image-582398\" src=\"https:\/\/www.diarioimagen.net\/wp-content\/uploads\/2023\/05\/lamenta-pan.jpg\" alt=\"\" width=\"460\" height=\"270\" \/><\/a><\/p>\n<p>&nbsp;<\/p>\n<p><strong>Tec\u00e1mac, Estado de M\u00e9xico.\u2014 <\/strong>El Partido Acci\u00f3n Nacional (PAN) en el Estado de M\u00e9xico acompa\u00f1a a nuestra pr\u00f3xima gobernadora del Edomex, Alejandra Del Moral Vela y lamenta profundamente que el evento en ese municipio fuera afectado por el clima, pero, ante todo, se solidariza con las mujeres y hombres que sufrieron alguna lesi\u00f3n, por fortuna nada de gravedad, l\u00edderes panistas se mantienen atentos para cualquier apoyo que sea necesario, se\u00f1al\u00f3 Anuar Azar Figueroa, lider blanquiazul en Edomex.<\/p>\n<p>Desde el primer momento, la militancia de los cuatro partidos en Tec\u00e1mac ayud\u00f3 y apoyaron a que la gente pudiera estar en un lugar seguro debido a la fuerte tolvanera que se present\u00f3 previa al evento de Alejandra Del Moral.<\/p>\n","protected":false},"excerpt":{"rendered":"<p>El Partido Acci\u00f3n Nacional (PAN) en el Estado de M\u00e9xico acompa\u00f1a a nuestra pr\u00f3xima gobernadora del Edomex, Alejandra Del Moral Vela y lamenta profundamente que el evento en ese municipio fuera afectado por el clima, pero, ante todo, se solidariza con las mujeres y hombres que sufrieron alguna lesi\u00f3n, por fortuna nada de gravedad, l\u00edderes panistas se mantienen atentos para cualquier apoyo que sea necesario, se\u00f1al\u00f3 Anuar Azar Figueroa, lider blanquiazul en Edomex.<\/p>\n","protected":false},"author":3,"featured_media":582398,"comment_status":"open","ping_status":"open","sticky":false,"template":"","format":"standard","meta":{"_monsterinsights_skip_tracking":false,"_monsterinsights_sitenote_active":false,"_monsterinsights_sitenote_note":"","_monsterinsights_sitenote_category":0,"footnotes":""},"categories":[5],"tags":[97806,982],"class_list":["post-582312","post","type-post","status-publish","format-standard","has-post-thumbnail","hentry","category-estado-de-mexico","tag-lejandra-del-moral-vela","tag-partido-accion-nacional"],"_links":{"self":[{"href":"https:\/\/www.diarioimagen.net\/index.php?rest_route=\/wp\/v2\/posts\/582312","targetHints":{"allow":["GET"]}}],"collection":[{"href":"https:\/\/www.diarioimagen.net\/index.php?rest_route=\/wp\/v2\/posts"}],"about":[{"href":"https:\/\/www.diarioimagen.net\/index.php?rest_route=\/wp\/v2\/types\/post"}],"author":[{"embeddable":true,"href":"https:\/\/www.diarioimagen.net\/index.php?rest_route=\/wp\/v2\/users\/3"}],"replies":[{"embeddable":true,"href":"https:\/\/www.diarioimagen.net\/index.php?rest_route=%2Fwp%2Fv2%2Fcomments&post=582312"}],"version-history":[{"count":0,"href":"https:\/\/www.diarioimagen.net\/index.php?rest_route=\/wp\/v2\/posts\/582312\/revisions"}],"wp:featuredmedia":[{"embeddable":true,"href":"https:\/\/www.diarioimagen.net\/index.php?rest_route=\/wp\/v2\/media\/582398"}],"wp:attachment":[{"href":"https:\/\/www.diarioimagen.net\/index.php?rest_route=%2Fwp%2Fv2%2Fmedia&parent=582312"}],"wp:term":[{"taxonomy":"category","embeddable":true,"href":"https:\/\/www.diarioimagen.net\/index.php?rest_route=%2Fwp%2Fv2%2Fcategories&post=582312"},{"taxonomy":"post_tag","embeddable":true,"href":"https:\/\/www.diarioimagen.net\/index.php?rest_route=%2Fwp%2Fv2%2Ftags&post=582312"}],"curies":[{"name":"wp","href":"https:\/\/api.w.org\/{rel}","templated":true}]}}