{"id":582339,"date":"2023-05-02T00:02:32","date_gmt":"2023-05-02T06:02:32","guid":{"rendered":"https:\/\/www.diarioimagen.net\/?p=582339"},"modified":"2023-05-02T01:45:30","modified_gmt":"2023-05-02T07:45:30","slug":"14a-edicion-de-la-expo-turismo-sustentable-se-realizara-en-tulum","status":"publish","type":"post","link":"https:\/\/www.diarioimagen.net\/?p=582339","title":{"rendered":"14\u00aa edici\u00f3n de la Expo Turismo Sustentable se realizar\u00e1 en Tulum"},"content":{"rendered":"<p>&nbsp;<\/p>\n<h3 style=\"text-align: center;\">Los d\u00edas 10 y 11 de septiembre<\/h3>\n<p>&nbsp;<\/p>\n<ul>\n<li><strong><em>Promueven el uso de tecnolog\u00edas ambientales y bio-arquitectura en el sector\u00a0<\/em><\/strong><\/li>\n<\/ul>\n<p><strong>\u00a0<\/strong><\/p>\n<div id=\"attachment_582404\" style=\"width: 470px\" class=\"wp-caption aligncenter\"><a href=\"https:\/\/www.diarioimagen.net\/?attachment_id=582404\" rel=\"attachment wp-att-582404\"><img loading=\"lazy\" decoding=\"async\" aria-describedby=\"caption-attachment-582404\" class=\"size-full wp-image-582404\" src=\"https:\/\/www.diarioimagen.net\/wp-content\/uploads\/2023\/05\/MEDIO01.jpg\" alt=\"\" width=\"460\" height=\"270\" \/><\/a><p id=\"caption-attachment-582404\" class=\"wp-caption-text\">Tulum ser\u00e1 sede de la 14\u00aa edici\u00f3n de la Expo Turismo Sustentable el pr\u00f3ximo 10 y 11 de septiembre.<\/p><\/div>\n<p>&nbsp;<\/p>\n<p>Con el objetivo de promover y hacer uso de tecnolog\u00edas ambientales y la bio arquitectura entre el sector tur\u00edstico, Tulum ser\u00e1 sede de la 14\u00aa edici\u00f3n de la Expo Turismo Sustentable el pr\u00f3ximo 10 y 11 de septiembre y donde se espera la participaci\u00f3n de 40 empresas de marca mundial.<\/p>\n<p>Lo anterior fue dado a conocer en conferencia de prensa en las oficinas de la Representaci\u00f3n del Gobierno del Estado de Quintana Roo en la Ciudad de M\u00e9xico, en la que estuvo presente la titular Euterpe Alicia Guti\u00e9rrez Valasis.<\/p>\n<p>Durante la conferencia, se dio a conocer que la 14\u00aa edici\u00f3n de Expo Turismo Sustentable se llevar\u00e1 a cabo en el hotel Dreams Tulum Resort and Spa y donde se expondr\u00e1n el uso de las tecnolog\u00edas ambientales, proyectos sociales, productivos, la bio arquitectura, los materiales naturales y muchos temas de 40 grandes, medianas y peque\u00f1as empresas que formar\u00e1n parte de un innovador piso de exposici\u00f3n.<\/p>\n<p>Por su parte Gilda Sigie, Fundadora de la Expo Turismo Sustentable, dijo que con el apoyo de organizaciones y c\u00e1maras se ha posicionado a Tulum para ser el Foro de Proveedores Sustentables para el sector tur\u00edstico y este a\u00f1o, inmobiliario.<\/p>\n<p>En conferencia de prensa se habl\u00f3 de la importante trayectoria que ha tenido este evento y su crecimiento en Quintana Roo.<\/p>\n<p>Con la participaci\u00f3n de c\u00e1maras empresariales como lo son Coparmex, CNET, AMEXME, AMPI adem\u00e1s de instituciones acad\u00e9micas como el CIIEMAD del Instituto Polit\u00e9cnico Nacional; el evento de este a\u00f1o promete ser punta de lanza para la toma de decisiones y acuerdos que lleven al empresariado de M\u00e9xico a alcanzar los objetivos de desarrollo sostenible y la Agenda 2030 de Naciones Unidas.<\/p>\n<p>Expo Turismo Sustentable es un evento empresarial que busca unir la necesidad con la soluci\u00f3n, una plataforma nacional que act\u00faa desde lo local y de manera transversal porque la sustentabilidad nos toca a todos.<\/p>\n<p>En la 14\u00aa edici\u00f3n de la Expo Turismo Sustentable Empresas se espera la participaci\u00f3n de: Tetrapak, Ecoce LIVAQ una marca que crearon 75 estudiantes mexicanos y 3 compa\u00f1\u00edas mexicanas en Estados Unidos, Equad y Lluvia S\u00f3lida, entre otras.<\/p>\n","protected":false},"excerpt":{"rendered":"<p>Con el objetivo de promover y hacer uso de tecnolog\u00edas ambientales y la bio arquitectura entre el sector tur\u00edstico, Tulum ser\u00e1 sede de la 14\u00aa edici\u00f3n de la Expo Turismo Sustentable el pr\u00f3ximo 10 y 11 de septiembre y donde se espera la participaci\u00f3n de 40 empresas de marca mundial.<\/p>\n","protected":false},"author":3,"featured_media":582404,"comment_status":"open","ping_status":"open","sticky":false,"template":"","format":"standard","meta":{"_monsterinsights_skip_tracking":false,"_monsterinsights_sitenote_active":false,"_monsterinsights_sitenote_note":"","_monsterinsights_sitenote_category":0,"footnotes":""},"categories":[11],"tags":[97812,4668,43681],"class_list":["post-582339","post","type-post","status-publish","format-standard","has-post-thumbnail","hentry","category-turismo","tag-expo-turismo-sustentable","tag-tulum","tag-turismo"],"_links":{"self":[{"href":"https:\/\/www.diarioimagen.net\/index.php?rest_route=\/wp\/v2\/posts\/582339","targetHints":{"allow":["GET"]}}],"collection":[{"href":"https:\/\/www.diarioimagen.net\/index.php?rest_route=\/wp\/v2\/posts"}],"about":[{"href":"https:\/\/www.diarioimagen.net\/index.php?rest_route=\/wp\/v2\/types\/post"}],"author":[{"embeddable":true,"href":"https:\/\/www.diarioimagen.net\/index.php?rest_route=\/wp\/v2\/users\/3"}],"replies":[{"embeddable":true,"href":"https:\/\/www.diarioimagen.net\/index.php?rest_route=%2Fwp%2Fv2%2Fcomments&post=582339"}],"version-history":[{"count":0,"href":"https:\/\/www.diarioimagen.net\/index.php?rest_route=\/wp\/v2\/posts\/582339\/revisions"}],"wp:featuredmedia":[{"embeddable":true,"href":"https:\/\/www.diarioimagen.net\/index.php?rest_route=\/wp\/v2\/media\/582404"}],"wp:attachment":[{"href":"https:\/\/www.diarioimagen.net\/index.php?rest_route=%2Fwp%2Fv2%2Fmedia&parent=582339"}],"wp:term":[{"taxonomy":"category","embeddable":true,"href":"https:\/\/www.diarioimagen.net\/index.php?rest_route=%2Fwp%2Fv2%2Fcategories&post=582339"},{"taxonomy":"post_tag","embeddable":true,"href":"https:\/\/www.diarioimagen.net\/index.php?rest_route=%2Fwp%2Fv2%2Ftags&post=582339"}],"curies":[{"name":"wp","href":"https:\/\/api.w.org\/{rel}","templated":true}]}}