{"id":582411,"date":"2023-05-02T00:04:30","date_gmt":"2023-05-02T06:04:30","guid":{"rendered":"https:\/\/www.diarioimagen.net\/?p=582411"},"modified":"2023-05-02T01:54:06","modified_gmt":"2023-05-02T07:54:06","slug":"la-autentica-division-de-poderes","status":"publish","type":"post","link":"https:\/\/www.diarioimagen.net\/?p=582411","title":{"rendered":"La aut\u00e9ntica divisi\u00f3n de poderes"},"content":{"rendered":"<h2>Desde el portal<\/h2>\n<h5>\u00c1ngel Soriano<\/h5>\n<p>&nbsp;<\/p>\n<p>Encadenada a la tribuna, la senadora X\u00f3chitl G\u00e1lvez, cuid\u00e1ndose los magistrados de la SCJN de las agresiones de los partidarios de la IV-T y las desveladas y desma\u00f1anadas de los legisladores que los traen de un lado a otro, reflejan el r\u00edspido ambiente pol\u00edtico en nuestro pa\u00eds en la disputa por la Naci\u00f3n de dos proyectos de gobierno en juego.<\/p>\n<p>Se trata, desde luego, de una aut\u00e9ntica lucha que se da en todos los frentes y que amerita recurrir a todas las instancias y estrategias para llevar a la pr\u00e1ctica los programas de gobierno que mejor convengan a la Naci\u00f3n y no a los grupos de privilegiados, como se acostumbra, lo mismo de un partido u otro, de una ideolog\u00eda u otra, aunque los hechos han demostrado que no existen.<\/p>\n<p>Porque si el PAN naci\u00f3 para combatir al PRI con un programa distinto, al final, los intereses de las c\u00fapulas y la militancia los hizo aliados para luchar en contra de una corriente distinta que los rebas\u00f3 y gobierna el pa\u00eds. El PRIAN hizo a un lado principios, programas de acci\u00f3n, postulados y convicciones para defender sus intereses.<\/p>\n<p>Y si bien nadie conceda autoridad moral para algunos integrantes del Poder Judicial, incluidos los legisladores y funcionarios del Ejecutivo, los ciudadanos tendr\u00e1n en sus manos en 2024 decidir con su voto a qui\u00e9n, de los grupos en disputa, desea al frente de las instituciones: si se reconstruyen las desaparecidas o se crean nuevas. O entra una nueva clase gobernante.<\/p>\n<p style=\"text-align: center;\"><strong>TURBULENCIAS<br \/>\nMarcelo Ebrard: Yo soy el bueno<\/strong><\/p>\n<p>El canciller Marcelo Ebrard dijo en Xalapa que ya pueden definirlo como el sucesor del presidente Andr\u00e9s Manuel L\u00f3pez Obrador, porque no s\u00f3lo va ganando las encuestas, sino porque ha realizado una carrera pol\u00edtica paralela al tabasque\u00f1o y goza de sus confianzas; en tanto, la jefa de Gobierno de la CDMX, Claudia Sheinbaum, ha reforzado su campa\u00f1a dentro y fuera del pa\u00eds y se proyecta como la puntera en la carrera presidencial, mientras el titular de la Segob, Ad\u00e1n Augusto L\u00f3pez Hern\u00e1ndez, conf\u00eda en la amistad y confianza del primer mandatario pues s\u00f3lo hace lo que le dicen, es decir, nada m\u00e1s cumple instrucciones, como Jes\u00fas Ram\u00edrez Cuevas\u2026 Adem\u00e1s de contaminar m\u00e1s el r\u00edo Atoyac, el problema de la basura en la ciudad de Oaxaca ha resultado un gran negocio para los transportistas que la llevan a municipios vecinos de otras entidades, al cobrar elevada tarifa, en tanto sigue latente el riesgo para la salud de los colonos ribere\u00f1os y es otro conflicto para el gobierno del estado al ser rechazado su proyecto en San Lorenzo Albarradas, una zona tur\u00edstica muy visitada que los lugare\u00f1os cuidan. El asunto no tiene para cuando resolverse y seguramente las autoridades actuales se ir\u00e1n sin resolver, otra vez, un problema al que no se le encuentra soluci\u00f3n\u2026 La C\u00e1mara de Comercio e Industria Francia M\u00e9xico, llevar\u00e1 a cabo por primera vez el evento \u201cMercado de Lujo: Las nuevas reglas del juego\u201d el 4 de mayo en el Hotel Hyatt Regency Insurgentes, inaugurando este evento exclusivo a un lado del World Trade Center en la ciudad de M\u00e9xico, el coraz\u00f3n cultural y ejecutivo de la CDMX\u2026 Una comisi\u00f3n de 3.99 pagar\u00e1n los env\u00edos de dinero (hasta 2,500 d\u00f3lares) a trav\u00e9s de la tarjeta Finabien, inform\u00f3 Roc\u00edo Mej\u00eda, directora de Financiera para el Bienestar al destacar que los bancos por lo general cobran hasta 10 d\u00f3lares por el mismo servicio. Se dar\u00e1 capacitaci\u00f3n a los paisanos residentes en la Uni\u00f3n Americana para la utilizaci\u00f3n r\u00e1pida de este servicio que es confiable y seguro, indic\u00f3 la funcionaria.<\/p>\n<p><u><a href=\"mailto:asorianocarrasco@yahoo.com\" target=\"_blank\" rel=\"noopener noreferrer\"><em>asorianocarrasco@yahoo.com<\/em><\/a><br \/>\n<em><a href=\"https:\/\/revistabrecha.com\" target=\"_blank\" rel=\"noopener noreferrer\">www.revistabrecha.com<\/a><br \/>\n<\/em><\/u><em>facebook oficial <a href=\"https:\/\/es-la.facebook.com\/RevistaBrecha.Oficial\" target=\"_blank\" rel=\"noopener\">@BrechaRevista<\/a><\/em><\/p>\n","protected":false},"excerpt":{"rendered":"<p><span style=\"color: #005497;\"><strong>\u00c1ngel Soriano<\/strong><\/span><\/p>\n","protected":false},"author":3,"featured_media":0,"comment_status":"open","ping_status":"open","sticky":false,"template":"","format":"standard","meta":{"_monsterinsights_skip_tracking":false,"_monsterinsights_sitenote_active":false,"_monsterinsights_sitenote_note":"","_monsterinsights_sitenote_category":0,"footnotes":""},"categories":[135],"tags":[85,86,43674],"class_list":["post-582411","post","type-post","status-publish","format-standard","hentry","category-angel-soriano-opinion","tag-angel-soriano","tag-desde-el-portal","tag-opinion"],"_links":{"self":[{"href":"https:\/\/www.diarioimagen.net\/index.php?rest_route=\/wp\/v2\/posts\/582411","targetHints":{"allow":["GET"]}}],"collection":[{"href":"https:\/\/www.diarioimagen.net\/index.php?rest_route=\/wp\/v2\/posts"}],"about":[{"href":"https:\/\/www.diarioimagen.net\/index.php?rest_route=\/wp\/v2\/types\/post"}],"author":[{"embeddable":true,"href":"https:\/\/www.diarioimagen.net\/index.php?rest_route=\/wp\/v2\/users\/3"}],"replies":[{"embeddable":true,"href":"https:\/\/www.diarioimagen.net\/index.php?rest_route=%2Fwp%2Fv2%2Fcomments&post=582411"}],"version-history":[{"count":0,"href":"https:\/\/www.diarioimagen.net\/index.php?rest_route=\/wp\/v2\/posts\/582411\/revisions"}],"wp:attachment":[{"href":"https:\/\/www.diarioimagen.net\/index.php?rest_route=%2Fwp%2Fv2%2Fmedia&parent=582411"}],"wp:term":[{"taxonomy":"category","embeddable":true,"href":"https:\/\/www.diarioimagen.net\/index.php?rest_route=%2Fwp%2Fv2%2Fcategories&post=582411"},{"taxonomy":"post_tag","embeddable":true,"href":"https:\/\/www.diarioimagen.net\/index.php?rest_route=%2Fwp%2Fv2%2Ftags&post=582411"}],"curies":[{"name":"wp","href":"https:\/\/api.w.org\/{rel}","templated":true}]}}