{"id":582447,"date":"2023-05-02T00:06:51","date_gmt":"2023-05-02T06:06:51","guid":{"rendered":"https:\/\/www.diarioimagen.net\/?p=582447"},"modified":"2023-05-02T02:19:21","modified_gmt":"2023-05-02T08:19:21","slug":"oposicion-deshecha","status":"publish","type":"post","link":"https:\/\/www.diarioimagen.net\/?p=582447","title":{"rendered":"Oposici\u00f3n deshecha"},"content":{"rendered":"<h2>Aunque pese<\/h2>\n<h5>Salvador Mart\u00ednez Garc\u00eda<\/h5>\n<p>&nbsp;<\/p>\n<p>Con la decisi\u00f3n de abandonar su responsabilidad como senadores de la Rep\u00fablica, al no acudir a la \u00faltima sesi\u00f3n del pasado periodo ordinario, la oposici\u00f3n qued\u00f3 deshecha y prob\u00f3 que no tiene fuerza para al menos fijar una posici\u00f3n coherente hacia los comicios presidenciales de 2024.<\/p>\n<p>De haber participado hubieran podido evitar los cambios constitucionales, como la reducci\u00f3n de edad requerida para ser diputado, pero eso no les import\u00f3, simplemente adoptaron la postura de ir a la Corte a impugnar un proceso legislativo que, qui\u00e9rase o no, cumpli\u00f3 con la exigencia normativa, pues los senadores ausentes no quisieron asistir.<\/p>\n<p>La fuerza pol\u00edtica de Morena y sus aliados, as\u00ed como la del Ejecutivo federal qued\u00f3 de manifiesto y habr\u00e1 de proyectarse con holgura hacia el \u00e1mbito electoral, de inmediato en el proceso para elegir gobernador o, mejor dicho, gobernadora, en el Estado de M\u00e9xico, donde se anticipa el triunfo de Delfina G\u00f3mez sobre Alejandra Del Moral.<\/p>\n<p>Quien tampoco qued\u00f3 bien parado, aunque as\u00ed lo exprese p\u00fablicamente, es el presidente de la Jucopo, Ricardo Monreal, el saltimbanqui morenista que busca caer de nuevo parado, tras sus coqueteos con la oposici\u00f3n y empresarios en su af\u00e1n de ser candidato presidencial, cuando lo que realmente desea ser es jefe de Gobierno en la Ciudad de M\u00e9xico.<\/p>\n<p>Su juego y chantaje est\u00e1n al descubierto y muy remotamente ser\u00eda el abanderado de Morena en la contienda capitalina donde Morena cuenta con personajes de mucho mayor nivel, capacidad, respetabilidad y sobre todo lealtad, como la secretaria de Seguridad y Protecci\u00f3n Ciudadana, Rosa Icela Rodr\u00edguez, para esa postulaci\u00f3n.<\/p>\n<p>Por lo pronto, a la oposici\u00f3n no le queda mucho por hacer, pues entre ellos mismos se est\u00e1n desbaratando. En el panismo Calder\u00f3n es acusado de acabar con los principios de Acci\u00f3n Nacional y \u00e9ste acusa de lo mismo a Ricardo Anaya y a Marko Cort\u00e9s. En tanto sus aliados, am\u00e9n de no representar ya casi nada, tampoco est\u00e1n muy de acuerdo en que sean los panistas los que decidan las principales candidaturas.<\/p>\n<p>Total, que la oposici\u00f3n est\u00e1 deshecha y sus posibilidades hacia el futuro son muy pocos, sobre todo porque ya no hay tiempo para reorganizarse o formar un bloque, al menos coherente, ante la ciudadan\u00eda. As\u00ed las cosas.<\/p>\n<p style=\"text-align: center;\"><strong>Susurros<\/strong><\/p>\n<p>Justo con la conmemoraci\u00f3n del D\u00eda del Trabajo se acab\u00f3 el tiempo de los sindicatos para legitimar sus contratos colectivos de trabajo con las empresas. S\u00f3lo 15,800 de los 130 mil que hab\u00edan registrados quedaron vigentes.<\/p>\n<p>Se habla de una buena depuraci\u00f3n, pues muchos de esos contratos s\u00f3lo amparaban los abusos de los patrones sobre sus trabajadores, pero tambi\u00e9n a muchos de los validados se les conoce como defensores patronales.<\/p>\n<p>Al menos, la ley da al trabajador la oportunidad de demandar cambio de representaci\u00f3n sindical en votaci\u00f3n libre, directa y secreta. El buen sindicalismo tiene la oportunidad de avanzar. Veremos.<\/p>\n<p><a href=\"mailto:salvadormartinez@visionmx.com\" target=\"_blank\" rel=\"noopener\"><em>salvadormartinez@visionmx.com<\/em><\/a><br \/>\n<em>Twitter: <a href=\"https:\/\/twitter.com\/salvador_mtz\" target=\"_blank\" rel=\"noopener\">@salvador_mtz<\/a><\/em><\/p>\n","protected":false},"excerpt":{"rendered":"<p><span style=\"color: #005497;\"><strong>Salvador Mart\u00ednez Garc\u00eda<\/strong><\/span><\/p>\n","protected":false},"author":3,"featured_media":0,"comment_status":"open","ping_status":"open","sticky":false,"template":"","format":"standard","meta":{"_monsterinsights_skip_tracking":false,"_monsterinsights_sitenote_active":false,"_monsterinsights_sitenote_note":"","_monsterinsights_sitenote_category":0,"footnotes":""},"categories":[96743],"tags":[96744,43674,96745],"class_list":["post-582447","post","type-post","status-publish","format-standard","hentry","category-salvador-martinez-garcia","tag-aunque-pese","tag-opinion","tag-salvador-martinez-garcia"],"_links":{"self":[{"href":"https:\/\/www.diarioimagen.net\/index.php?rest_route=\/wp\/v2\/posts\/582447","targetHints":{"allow":["GET"]}}],"collection":[{"href":"https:\/\/www.diarioimagen.net\/index.php?rest_route=\/wp\/v2\/posts"}],"about":[{"href":"https:\/\/www.diarioimagen.net\/index.php?rest_route=\/wp\/v2\/types\/post"}],"author":[{"embeddable":true,"href":"https:\/\/www.diarioimagen.net\/index.php?rest_route=\/wp\/v2\/users\/3"}],"replies":[{"embeddable":true,"href":"https:\/\/www.diarioimagen.net\/index.php?rest_route=%2Fwp%2Fv2%2Fcomments&post=582447"}],"version-history":[{"count":0,"href":"https:\/\/www.diarioimagen.net\/index.php?rest_route=\/wp\/v2\/posts\/582447\/revisions"}],"wp:attachment":[{"href":"https:\/\/www.diarioimagen.net\/index.php?rest_route=%2Fwp%2Fv2%2Fmedia&parent=582447"}],"wp:term":[{"taxonomy":"category","embeddable":true,"href":"https:\/\/www.diarioimagen.net\/index.php?rest_route=%2Fwp%2Fv2%2Fcategories&post=582447"},{"taxonomy":"post_tag","embeddable":true,"href":"https:\/\/www.diarioimagen.net\/index.php?rest_route=%2Fwp%2Fv2%2Ftags&post=582447"}],"curies":[{"name":"wp","href":"https:\/\/api.w.org\/{rel}","templated":true}]}}