{"id":582484,"date":"2023-05-03T00:03:04","date_gmt":"2023-05-03T06:03:04","guid":{"rendered":"https:\/\/www.diarioimagen.net\/?p=582484"},"modified":"2023-05-03T02:16:55","modified_gmt":"2023-05-03T08:16:55","slug":"liderazgos-de-otros-partidos-se-suman-al-proyecto-de-delfina-gomez","status":"publish","type":"post","link":"https:\/\/www.diarioimagen.net\/?p=582484","title":{"rendered":"Liderazgos de otros partidos se suman al proyecto de Delfina G\u00f3mez"},"content":{"rendered":"<p>&nbsp;<\/p>\n<p><a href=\"https:\/\/www.diarioimagen.net\/?attachment_id=582601\" rel=\"attachment wp-att-582601\"><img loading=\"lazy\" decoding=\"async\" class=\"aligncenter size-full wp-image-582601\" src=\"https:\/\/www.diarioimagen.net\/wp-content\/uploads\/2023\/05\/liderazgos.jpg\" alt=\"\" width=\"460\" height=\"270\" \/><\/a><\/p>\n<p>&nbsp;<\/p>\n<p><strong>Valle de M\u00e9xico.\u2014 <\/strong>Decenas de dirigentes partidistas, militantes, y ex alcaldes se sumaron al proyecto de la maestra Delfina G\u00f3mez \u00c1lvarez, candidata a gobernadora del Estado de M\u00e9xico por Morena, PT y PVEM. Quienes se sumaron durante esta semana son: Mar\u00eda de los \u00c1ngeles Andonaegui Ibarra, quien fue presidenta municipal en Temascalapa bajo las siglas del PRI; el ex panista Mauricio Cid Franco, ex presidente municipal de Otumba de G\u00f3mez Far\u00edas; la ex militante del PAN, Deyanira Balandrano, quien contendi\u00f3 como candidata a alcaldesa de San Juan Teotihuac\u00e1n; Edmundo Reveles Andrade, tambi\u00e9n ex candidato a presidente municipal de San Juan Teotihuac\u00e1n por Fuerza por M\u00e9xico.<\/p>\n<p>Asimismo, se adhirieron el ex candidato del PRD a alcalde de San Mart\u00edn de las Pir\u00e1mides, Cruz Ortega Blancas; Erika Ju\u00e1rez Mata, quien fuera s\u00edndica y candidata a presidenta municipal por PES de Acolman; el ex dirigente de PES en Edomex, Adri\u00e1n Mart\u00ednez Santill\u00e1n; y un l\u00edder municipal del PRI en Ozumba, Luis Enrique Valencia.<\/p>\n","protected":false},"excerpt":{"rendered":"<p>Decenas de dirigentes partidistas, militantes, y ex alcaldes se sumaron al proyecto de la maestra Delfina G\u00f3mez \u00c1lvarez, candidata a gobernadora del Estado de M\u00e9xico por Morena, PT y PVEM. Quienes se sumaron durante esta semana son: Mar\u00eda de los \u00c1ngeles Andonaegui Ibarra, quien fue presidenta municipal en Temascalapa bajo las siglas del PRI;<\/p>\n","protected":false},"author":3,"featured_media":582601,"comment_status":"open","ping_status":"open","sticky":false,"template":"","format":"standard","meta":{"_monsterinsights_skip_tracking":false,"_monsterinsights_sitenote_active":false,"_monsterinsights_sitenote_note":"","_monsterinsights_sitenote_category":0,"footnotes":""},"categories":[5],"tags":[57859,34],"class_list":["post-582484","post","type-post","status-publish","format-standard","has-post-thumbnail","hentry","category-estado-de-mexico","tag-delfina-gomez-alvarez","tag-valle-de-mexico"],"_links":{"self":[{"href":"https:\/\/www.diarioimagen.net\/index.php?rest_route=\/wp\/v2\/posts\/582484","targetHints":{"allow":["GET"]}}],"collection":[{"href":"https:\/\/www.diarioimagen.net\/index.php?rest_route=\/wp\/v2\/posts"}],"about":[{"href":"https:\/\/www.diarioimagen.net\/index.php?rest_route=\/wp\/v2\/types\/post"}],"author":[{"embeddable":true,"href":"https:\/\/www.diarioimagen.net\/index.php?rest_route=\/wp\/v2\/users\/3"}],"replies":[{"embeddable":true,"href":"https:\/\/www.diarioimagen.net\/index.php?rest_route=%2Fwp%2Fv2%2Fcomments&post=582484"}],"version-history":[{"count":0,"href":"https:\/\/www.diarioimagen.net\/index.php?rest_route=\/wp\/v2\/posts\/582484\/revisions"}],"wp:featuredmedia":[{"embeddable":true,"href":"https:\/\/www.diarioimagen.net\/index.php?rest_route=\/wp\/v2\/media\/582601"}],"wp:attachment":[{"href":"https:\/\/www.diarioimagen.net\/index.php?rest_route=%2Fwp%2Fv2%2Fmedia&parent=582484"}],"wp:term":[{"taxonomy":"category","embeddable":true,"href":"https:\/\/www.diarioimagen.net\/index.php?rest_route=%2Fwp%2Fv2%2Fcategories&post=582484"},{"taxonomy":"post_tag","embeddable":true,"href":"https:\/\/www.diarioimagen.net\/index.php?rest_route=%2Fwp%2Fv2%2Ftags&post=582484"}],"curies":[{"name":"wp","href":"https:\/\/api.w.org\/{rel}","templated":true}]}}