{"id":582532,"date":"2023-05-03T00:10:16","date_gmt":"2023-05-03T06:10:16","guid":{"rendered":"https:\/\/www.diarioimagen.net\/?p=582532"},"modified":"2023-05-02T23:46:46","modified_gmt":"2023-05-03T05:46:46","slug":"la-nueva-clase-sindical","status":"publish","type":"post","link":"https:\/\/www.diarioimagen.net\/?p=582532","title":{"rendered":"La nueva clase sindical"},"content":{"rendered":"<h2>De frente y de perfil<\/h2>\n<h5>Ram\u00f3n Zurita Sahag\u00fan<\/h5>\n<p>&nbsp;<\/p>\n<p>El D\u00eda del Trabajo fue el marco id\u00f3neo para que los principales dirigentes sindicales convivieran con el Presidente de la Rep\u00fablica, quien los agasaj\u00f3 con una comida en Palacio Nacional.<\/p>\n<p>Estuvieron los jerarcas de esa clase pol\u00edtica sindicalista que llega a esos cargos para defender a sus agremiados, aunque dista mucho de hacerlo, pero si se perpet\u00faan en su nombramiento hasta que una rebeli\u00f3n de los trabajadores los margina o mueran de avanzada edad.<\/p>\n<p>Si algo hacen muy bien esos dirigentes es ser fervientes aliados del gobierno, sin importar las siglas del mismo.<\/p>\n<p>Echando una revisada de qui\u00e9nes son esos sempiternos l\u00edderes, vemos que se trata, en su mayor\u00eda, de los que fueron excelentes aliados de Carlos Salinas de Gortari, Ernesto Zedillo Ponce de Le\u00f3n, Vicente Fox Quesada, Felipe Calder\u00f3n Hinojosa y Enrique Pe\u00f1a Nieto y hoy, respaldan las acciones a favor de los obreros del presidente L\u00f3pez Obrador.<\/p>\n<p>A muchos de ellos les pesa la edad y la defensa de sus agremiados pasa a un segundo lugar, pero eso s\u00ed, para responder a los llamados del gobernante en turno son avispados y veloces.<\/p>\n<p>La mayor parte de esos dirigentes sindicales han pertenecido o pertenecen al PRI, por lo que, llegando los nuevos gobernantes ajenos al poder\u00edo del partido tricolor, surgi\u00f3 un personaje que se autoproclam\u00f3 como el que mayor n\u00famero de agremiados tendr\u00eda y as\u00ed desplazar a centrales obreras a\u00f1ejas como la CTM, CROM, COR, CROC y otros m\u00e1s.<\/p>\n<p>Pedro Haces Barba, impetuoso como es, realiz\u00f3 un gran evento con sus agremiados en la CATEM, el nuevo ente gremial, al que asisti\u00f3 el presidente L\u00f3pez Obrador y asegur\u00f3 que contaba con un mill\u00f3n de afiliados, lo que result\u00f3 falso, por lo que fue marginado de los c\u00edrculos cercanos del poder p\u00fablico federal.<\/p>\n<p>Se repleg\u00f3 para fundar un partido pol\u00edtico Fuerza por M\u00e9xico, el que result\u00f3 un flan y realiz\u00f3 su debut y despedida en la elecci\u00f3n federal de 2021.<\/p>\n<p>Hoy, el sindicato no ha crecido como esperaba su dirigente y su partido no sobrevivi\u00f3 a la primera incursi\u00f3n en las urnas. Eso s\u00ed, Pedro Haces contin\u00faa ostent\u00e1ndose como senador y de esa forma realiza sus enjuagues.<\/p>\n<p>Pedro es un joven vigoroso (sexagenario) que busca convertirse en el poder sindicalista de M\u00e9xico ante el desinfle y el avance de la edad de sus pares del sindicalismo como Carlos Aceves de 80 a\u00f1os; V\u00edctor Flores Morales, 82 a\u00f1os; Francisco Hern\u00e1ndez Ju\u00e1rez supera las siete d\u00e9cadas; Joel Ayala cercano a cumplir los 77 a\u00f1os de edad; Napole\u00f3n G\u00f3mez Urrutia ronda las ocho d\u00e9cadas; Isa\u00edas Gonz\u00e1lez Cuevas, rebasando los 80 a\u00f1os y otros m\u00e1s.<\/p>\n<p>Hace mucho tiempo (cuando amarraban a los perros con longaniza y no se la com\u00edan) cuentan los que lo vivieron que Adolfo L\u00f3pez Mateos era un Presidente de M\u00e9xico amado, donde se paraba recib\u00eda calurosas ovaciones y el entonces Ejecutivo federal respond\u00eda con su ic\u00f3nica sonrisa.<\/p>\n<p>Lo mismo se aparec\u00eda en las arenas de box que en las plazas de toros, acud\u00eda a bares o restaurantes o circulaba en sus autos deportivos, siempre sin escolta y ante las constantes muestras de cari\u00f1o de sus gobernados.<\/p>\n<p>Esos tiempos se antojan lejanos, por lo que los principales pol\u00edticos, Presidentes, gobernadoras o de los considerados de talla nacional evitan su asistencia a eventos masivos, donde el p\u00fablico es libre y paga por asistir a los espect\u00e1culos de su agrado.<\/p>\n<p>Es cierto que hay pol\u00edticos que se jactan de su popularidad, pues reciben el cari\u00f1o y el aplauso de los asistentes, pero se trata de auditorios controlados y que agradecen de esa manera la presentaci\u00f3n de artistas populares, sin costos de ninguna clase.<\/p>\n<p>Claudia Sheinbaum se congratula de ello y da como prueba de su creciente popularidad el evento de la afamada cantante espa\u00f1ola, presentada ante cerca de doscientas mil personas en pleno z\u00f3calo capitalino.<\/p>\n<p>Sin embargo, el secretario de Gobernaci\u00f3n, Ad\u00e1n Augusto L\u00f3pez, tent\u00f3 a los asistentes a un partido de beisbol con su presencia y la rechifla y los abucheos no se hicieron esperar. Provoc\u00f3 al monstruo de las mil voces y fue rechazado por el mismo.<\/p>\n<p>\u00bfHabr\u00e1 otra \u201ccorcholata\u201d que se atreva a hacerlo y se presente en un espect\u00e1culo p\u00fablico de paga? Valdr\u00eda la pena intentarlo para medir su popularidad.<\/p>\n<p><a href=\"mailto:ramonzurita44@hotmail.com\" target=\"_blank\" rel=\"noopener noreferrer\"><em>ramonzurita44@hotmail.com<\/em><\/a><\/p>\n","protected":false},"excerpt":{"rendered":"<p><span style=\"color: #005497;\"><strong>Ram\u00f3n Zurita Sahag\u00fan<\/strong><\/span><\/p>\n","protected":false},"author":3,"featured_media":0,"comment_status":"open","ping_status":"open","sticky":false,"template":"","format":"standard","meta":{"_monsterinsights_skip_tracking":false,"_monsterinsights_sitenote_active":false,"_monsterinsights_sitenote_note":"","_monsterinsights_sitenote_category":0,"footnotes":""},"categories":[234],"tags":[304,43674,43687],"class_list":["post-582532","post","type-post","status-publish","format-standard","hentry","category-ramon-zurita-sahagun","tag-de-frente-y-de-perfil","tag-opinion","tag-ramon-zurita-sahagun"],"_links":{"self":[{"href":"https:\/\/www.diarioimagen.net\/index.php?rest_route=\/wp\/v2\/posts\/582532","targetHints":{"allow":["GET"]}}],"collection":[{"href":"https:\/\/www.diarioimagen.net\/index.php?rest_route=\/wp\/v2\/posts"}],"about":[{"href":"https:\/\/www.diarioimagen.net\/index.php?rest_route=\/wp\/v2\/types\/post"}],"author":[{"embeddable":true,"href":"https:\/\/www.diarioimagen.net\/index.php?rest_route=\/wp\/v2\/users\/3"}],"replies":[{"embeddable":true,"href":"https:\/\/www.diarioimagen.net\/index.php?rest_route=%2Fwp%2Fv2%2Fcomments&post=582532"}],"version-history":[{"count":0,"href":"https:\/\/www.diarioimagen.net\/index.php?rest_route=\/wp\/v2\/posts\/582532\/revisions"}],"wp:attachment":[{"href":"https:\/\/www.diarioimagen.net\/index.php?rest_route=%2Fwp%2Fv2%2Fmedia&parent=582532"}],"wp:term":[{"taxonomy":"category","embeddable":true,"href":"https:\/\/www.diarioimagen.net\/index.php?rest_route=%2Fwp%2Fv2%2Fcategories&post=582532"},{"taxonomy":"post_tag","embeddable":true,"href":"https:\/\/www.diarioimagen.net\/index.php?rest_route=%2Fwp%2Fv2%2Ftags&post=582532"}],"curies":[{"name":"wp","href":"https:\/\/api.w.org\/{rel}","templated":true}]}}