{"id":582559,"date":"2023-05-03T00:01:55","date_gmt":"2023-05-03T06:01:55","guid":{"rendered":"https:\/\/www.diarioimagen.net\/?p=582559"},"modified":"2023-05-03T02:10:33","modified_gmt":"2023-05-03T08:10:33","slug":"firman-convenio-de-la-alianza-del-mar-de-cortes-cinco-entidades-del-pais-para-generar-nuevo-proyecto-turistico","status":"publish","type":"post","link":"https:\/\/www.diarioimagen.net\/?p=582559","title":{"rendered":"Firman convenio de la alianza del Mar de Cort\u00e9s cinco entidades del pa\u00eds para generar nuevo proyecto tur\u00edstico"},"content":{"rendered":"<h2>De cinco estrellas<\/h2>\n<h5>Victoria Gonz\u00e1lez Prado<\/h5>\n<p>&nbsp;<\/p>\n<ul>\n<li><strong><em>El pr\u00f3ximo 15 de junio Avianca inicia operaciones Canc\u00fan-Quito tres veces por semana<\/em><\/strong><\/li>\n<li><strong><em>Con MG descapotable rojo, Avis M\u00e9xico da a conocer importantes novedades<\/em><\/strong><\/li>\n<\/ul>\n<p>&nbsp;<\/p>\n<div id=\"attachment_582590\" style=\"width: 470px\" class=\"wp-caption aligncenter\"><a href=\"https:\/\/www.diarioimagen.net\/?attachment_id=582590\" rel=\"attachment wp-att-582590\"><img loading=\"lazy\" decoding=\"async\" aria-describedby=\"caption-attachment-582590\" class=\"size-full wp-image-582590\" src=\"https:\/\/www.diarioimagen.net\/wp-content\/uploads\/2023\/05\/turismo.jpg\" alt=\"\" width=\"460\" height=\"270\" \/><\/a><p id=\"caption-attachment-582590\" class=\"wp-caption-text\">Tras la firma del convenio.<\/p><\/div>\n<p>&nbsp;<\/p>\n<p>Autoridades estatales de Baja California, Baja California Sur, Sonora, Sinaloa y Nayarit firman el convenio de la Alianza del Mar de Cort\u00e9s, con el objetivo de generar un nuevo proyecto tur\u00edstico regional para el pa\u00eds.<\/p>\n<p><strong>Miguel Torruco Marqu\u00e9s<\/strong>, secretario de Turismo federal asegur\u00f3 que el convenio busca determinar las bases de coordinaci\u00f3n turistica entre la federaci\u00f3n y los gobiernos estatales de esta regi\u00f3n del pa\u00eds.<\/p>\n<p>Con la alianza, dijo, se busca concretar la meta de que exista un nuevo producto regional tur\u00edstico apoyado por el gobierno federal, que sea adicional a lo que se est\u00e1 desarrollando en el sur-sureste con el Tren Maya.<\/p>\n<p>\u201cAs\u00ed como el Tren Maya conectar\u00e1 a cinco estados del sureste mexciano, el mar de Cort\u00e9s har\u00e1 lo propio v\u00eda mar\u00edtima en los litorales de los cinco estados del noroeste, teniendo como escenario al Acuario del Mundo\u201d, dijo.<\/p>\n<p>A partir del convenio, se elaborar\u00e1 un programa regional de desarrollo tur\u00edstico que incluir\u00e1 la generaci\u00f3n de nueva infraestructura, se aprovechar\u00e1n los actuales productos tur\u00edsticos y adicionalmente se crear\u00e1n las bases de datos y estad\u00edsticas enfocadas en la zona y se trabajar\u00e1 bajo tres ejes rectores: sostenibilidad, competitividad e inclusi\u00f3n.<\/p>\n<p>\u201cEn estas entidades, la regionalizaci\u00f3n de la actividad tur\u00edstica resultar\u00e1 muy exitosa, toda vez que el mosaico de atractivos tur\u00edsticos en la zona es muy vasto y variado: impresionantes desiertos, playas, islas, sierras, parques, cascadas, \u00e1reas naturales protegidas, entre muchos otros, dignos de ser admirados y disfrutados por nuestros visitantes\u201d, indic\u00f3.<\/p>\n<p>Entre los proyectos que se van a realizar, el titular de la Sectur adelant\u00f3 nuevas rutas para cruceros que deber\u00e1n pasar por los estados y se unir\u00e1n de manera directa con la costa estadounidense. La ambiciosa iniciativa que se firm\u00f3 unir\u00e1 a los estados a trav\u00e9s de cruceros que navergar\u00e1n las aguas del Golfo de California y har\u00e1n paradas en los principales puntos de inter\u00e9s de las costas e islas de la regi\u00f3n.<\/p>\n<p><strong>Torruco Marqu\u00e9s <\/strong>se\u00f1al\u00f3 que el gobierno federal tambi\u00e9n apoyar\u00e1 con asesor\u00eda t\u00e9cnica, con la integraci\u00f3n de rutas especializadas en turismo deportivo, gastron\u00f3mico, cultura y naturaleza.<\/p>\n<p>\u201cAdem\u00e1s, promoveremos y proyectaremos internacionalmente sus atractivos tur\u00edsticos. Esta regi\u00f3n lo tiene todo para despuntar en el concierto internacional. Convirt\u00e1moslo en un referente tur\u00edstico a nivel mundial\u201d.<\/p>\n<p>De acuerdo con la Secretar\u00eda de Turismo federal, los cinco estados que conforman el Mar de Cort\u00e9s representan 10.3 por ciento del Producto Interno Bruto (PIB) del pa\u00eds y 9.4 por ciento del PIB tur\u00edstico nacional; adem\u00e1s, la participaci\u00f3n de su actividad tur\u00edstica en la econom\u00eda regional es de m\u00e1s de 7.9 por ciento.<\/p>\n<p>\u201cEstamos alrededor del Mar de Cort\u00e9s que es el Acuario del Mundo. Tenemos no solamente sol y playa, tenemos los Pueblos M\u00e1gicos y tenemos turismo de aventura, turismo hist\u00f3rico. Entonces el turismo nos aglutina, existen muchas cosas en com\u00fan por lo que en la regi\u00f3n no necesitamos inventar nada\u201d, <strong>Rub\u00e9n Rocha Moya<\/strong>, gobernador de Sinaloa.<\/p>\n<p>Cabe se\u00f1alar que durante las reuniones del Tianguis Tur\u00edstico 2023 la La Conferencia Nacional de Gobernadores (Conago) y la Asociaci\u00f3n de Secretarios de Turismo de M\u00e9xico (Asetur) tuvieron como lema prioritario generar un proyecto para detonar tur\u00edsticamente a Baja California, Baja California Sur, Sonora, Sinaloa y Nayarit con acciones en las que se pueda trabajar de forma conjunta y coordinada para aprovechar el potencial tur\u00edstico del Mar de Cort\u00e9s.<\/p>\n<p>\u2730\u2730\u2730\u2730\u2730 Con la intenci\u00f3n de incrementar la conectividad punto a punto, Avianca anunci\u00f3 una nueva ruta Canc\u00fan-Quito (135 d\u00f3lares vuelo sencillo) que iniciar\u00e1 operaciones el pr\u00f3ximo 15 de junio con tres vuelos semanales y m\u00e1s de 4 mil asientos disponibles al mes en aviones <em>Airbus A320.<\/em> Con esta propuesta, M\u00e9xico abre m\u00e1s opciones de conectividad para el pasajero ecuatoriano que es altamente atra\u00eddo por la oferta tur\u00edstica de Canc\u00fan.<\/p>\n<p>Avianca opera 35 frecuencias semanales directas desde Canc\u00fan a destinos como Bogot\u00e1, Medell\u00edn, San Jos\u00e9 y San Salvador.<\/p>\n<p><strong>Juan Francisco Posada<\/strong>, gerente Comercial y <em>Country Officer <\/em>de la compa\u00f1\u00eda a\u00e9rea para M\u00e9xico dijo: \u201clas opciones para hacer turismo en M\u00e9xico y particularmente en Canc\u00fan son de gran inter\u00e9s para muchos viajeros que llegan desde Centro y Sudam\u00e9rica y a quienes hoy les estamos ofreciendo mejores opciones de conexi\u00f3n con vuelos directos muy en l\u00ednea con el nuevo modelo de negocio que la aerol\u00ednea est\u00e1 implementando para ofrecer lo mejor del mundo <em>low cost <\/em>y lo mejor de los m\u00e1s de 100 a\u00f1os de historia\u201d.<\/p>\n<p>Los pasajeros que vuelen en esta ruta podr\u00e1n escoger entre cuatro diferentes tallas para volar \u2014XS, S, M y L\u2014 seg\u00fan los atributos que necesiten para su viaje. La flota A320 ofrece tres asientos distintos:<\/p>\n<p><em>Economy:<\/em> con dise\u00f1o m\u00e1s sencillo este asiento cuenta con\u202fpre-reclinaci\u00f3n, soporte para dispositivos electr\u00f3nicos personales integrado en la mesa y puertos USB.<\/p>\n<p><em>Plus:<\/em>\u202fdisponibles para quienes prefieran estar m\u00e1s cerca de la puerta al momento de salir. Cuenta con apoyacabezas independiente con seis movimientos para mayor descanso, soporte independiente para los dispositivos electr\u00f3nicos personales, puertos USB y reclinaci\u00f3n.<\/p>\n<p><em>Premium:<\/em>\u202fmodelo desarrollado exclusivamente para Avianca ofrece un asiento m\u00e1s amplio para quienes prefieran viajar con mayor comodidad. Su dise\u00f1o contar\u00e1 con consola central con compartimentos individuales, enchufe, puerto USB y reclinaci\u00f3n.<\/p>\n<p>Avianca tambi\u00e9n cuenta con 49 vuelos desde Ciudad de M\u00e9xico a Bogot\u00e1, San Salvador, San Jos\u00e9 y Medell\u00edn con lo que ofrece una de las mayores ofertas de conectividad desde el pa\u00eds hacia Centro y Sudam\u00e9rica.<\/p>\n<p>Los boletos para esta nueva ruta ya est\u00e1n disponibles a trav\u00e9s de la p\u00e1gina web Avianca.com, aplicaci\u00f3n m\u00f3vil, puntos de venta f\u00edsicos y agencias de viajes.<\/p>\n<p>\u2730\u2730\u2730\u2730\u2730 Espectacular MG descapotable, modelo 58, color rojo, invitaba a los visitantes a tomarse la foto con \u00e9l y conocer las nuevas noticias de <em>Avis <\/em>M\u00e9xico. <strong>Eddy Breach<\/strong>, director de Marketing; <strong>Julio \u00c1lvarez<\/strong>, director de Comercial y <strong>Ren\u00e9 Quevedo<\/strong>, director de Operaciones, estuvieron en el stand para compartir las novedades de la arrendadora que busca difundir y potenciar para los amantes de los viajes por carretera.<\/p>\n<p>Dicen que es m\u00e1s \u00e1gil, r\u00e1pido y seguro, atributos del nuevo servicio de <em>Avis M\u00e9xico <\/em>al que denominan: <em>Avis Quick Pass<strong>,<\/strong><\/em> servicio gratuito que mediante el uso de la biometr\u00eda, ofrece nueva experiencia que transformar\u00e1 la manera de rentar un auto en M\u00e9xico, y donde ahora, el rostro de cada persona se convierte en la llave de su auto.<\/p>\n<p>Otra novedad es la alianza con Volaris, por medio de Ya vas, la agencia de viajes <em>online <\/em>de la aerol\u00ednea, se uni\u00f3 a la arrendadora para que, a la hora de escoger alg\u00fan destino de viaje, los usuarios tambi\u00e9n puedan disponer, en esta plataforma, de opciones de renta de autos de la marca. Todo en el mismo lugar y con exclusivas promociones para los viajeros. Tambi\u00e9n la empresa festeja 60 a\u00f1os en este 2023. Seis d\u00e9cadas de presencia y crecimiento de la compa\u00f1\u00eda en el pa\u00eds. Para celebrarlo, lanzar\u00e1, promociones para los amantes de los viajes por carretera.<\/p>\n<p>Y lees bien, hay tambi\u00e9n promoci\u00f3n nunca antes vista, pues al momento de rentar cualquier auto (v\u00eda avis.mx), tendr\u00e1s 50 por ciento de descuento en todos los autos, en todos los destinos y con un tanque de gasolina como obsequio para todos los usuarios.<\/p>\n<p>Cabe destacar, por si no lo sab\u00edas, que la arrendadora ha recibido reconocimientos como el Distintivo Nacional de Calidad, que ha logrado obtener para 10 de los principales destinos tur\u00edsticos donde opera, con el m\u00e1ximo nivel Diamante, y reconocida por sexto a\u00f1o consecutivo como Empresa Socialmente Responsable.<\/p>\n<p>&nbsp;<\/p>\n<blockquote>\n<p style=\"text-align: right;\">\u201c<strong>El<\/strong> <strong>\u00e1ngel de la fama tiene sus alas hechas de papel&#8230; peri\u00f3dico\u201d.<br \/>\n<\/strong><\/p>\n<\/blockquote>\n<p>&nbsp;<\/p>\n<p><em><span class=\"Apple-converted-space\"><a href=\"mailto:victoriagprado@gmail.com\" target=\"_blank\" rel=\"noopener noreferrer\">victoriagprado@gmail.com<\/a><br \/>\nTwitter: <a href=\"https:\/\/twitter.com\/victoriagprado\" target=\"_blank\" rel=\"noopener noreferrer\">@victoriagprado<\/a><\/span><\/em><\/p>\n","protected":false},"excerpt":{"rendered":"<p>Autoridades estatales de Baja California, Baja California Sur, Sonora, Sinaloa y Nayarit firman el convenio de la Alianza del Mar de Cort\u00e9s, con el objetivo de generar un nuevo proyecto tur\u00edstico regional para el pa\u00eds.<\/p>\n","protected":false},"author":3,"featured_media":582590,"comment_status":"open","ping_status":"open","sticky":false,"template":"","format":"standard","meta":{"_monsterinsights_skip_tracking":false,"_monsterinsights_sitenote_active":false,"_monsterinsights_sitenote_note":"","_monsterinsights_sitenote_category":0,"footnotes":""},"categories":[11],"tags":[107,43674,43681,106],"class_list":["post-582559","post","type-post","status-publish","format-standard","has-post-thumbnail","hentry","category-turismo","tag-de-cinco-estrellas","tag-opinion","tag-turismo","tag-victoria-gonzalez-prado"],"_links":{"self":[{"href":"https:\/\/www.diarioimagen.net\/index.php?rest_route=\/wp\/v2\/posts\/582559","targetHints":{"allow":["GET"]}}],"collection":[{"href":"https:\/\/www.diarioimagen.net\/index.php?rest_route=\/wp\/v2\/posts"}],"about":[{"href":"https:\/\/www.diarioimagen.net\/index.php?rest_route=\/wp\/v2\/types\/post"}],"author":[{"embeddable":true,"href":"https:\/\/www.diarioimagen.net\/index.php?rest_route=\/wp\/v2\/users\/3"}],"replies":[{"embeddable":true,"href":"https:\/\/www.diarioimagen.net\/index.php?rest_route=%2Fwp%2Fv2%2Fcomments&post=582559"}],"version-history":[{"count":0,"href":"https:\/\/www.diarioimagen.net\/index.php?rest_route=\/wp\/v2\/posts\/582559\/revisions"}],"wp:featuredmedia":[{"embeddable":true,"href":"https:\/\/www.diarioimagen.net\/index.php?rest_route=\/wp\/v2\/media\/582590"}],"wp:attachment":[{"href":"https:\/\/www.diarioimagen.net\/index.php?rest_route=%2Fwp%2Fv2%2Fmedia&parent=582559"}],"wp:term":[{"taxonomy":"category","embeddable":true,"href":"https:\/\/www.diarioimagen.net\/index.php?rest_route=%2Fwp%2Fv2%2Fcategories&post=582559"},{"taxonomy":"post_tag","embeddable":true,"href":"https:\/\/www.diarioimagen.net\/index.php?rest_route=%2Fwp%2Fv2%2Ftags&post=582559"}],"curies":[{"name":"wp","href":"https:\/\/api.w.org\/{rel}","templated":true}]}}