{"id":582626,"date":"2023-05-04T00:01:38","date_gmt":"2023-05-04T06:01:38","guid":{"rendered":"https:\/\/www.diarioimagen.net\/?p=582626"},"modified":"2023-05-04T22:31:36","modified_gmt":"2023-05-05T04:31:36","slug":"pjcdmx-protagonista-en-el-desarrollo-de-las-guias-de-conduccion-de-audiencias-penales","status":"publish","type":"post","link":"https:\/\/www.diarioimagen.net\/?p=582626","title":{"rendered":"PJCDMX, protagonista en el desarrollo de las gu\u00edas de conducci\u00f3n de audiencias penales"},"content":{"rendered":"<p>&nbsp;<\/p>\n<ul>\n<li><strong><em>Como parte del Ciclo de Conferencias de Actualizaci\u00f3n Judicial del \u00f3rgano jurisdiccional se dedic\u00f3 una ponencia para difundir la herramienta entre estudiantes, postulantes y personas servidoras p\u00fablicas<\/em><\/strong><\/li>\n<li><strong><em>El uso de las gu\u00edas impacta en la disminuci\u00f3n de tiempos de audiencia y ha incidido en la reducci\u00f3n de diferimiento de las mismas, de acuerdo a un monitoreo realizado por la Unidad para la Consolidaci\u00f3n para la Consolidaci\u00f3n del Nuevo Sistema de Justicia Penal<\/em><\/strong><\/li>\n<\/ul>\n<p>&nbsp;<\/p>\n<div id=\"attachment_582735\" style=\"width: 470px\" class=\"wp-caption aligncenter\"><a href=\"https:\/\/www.diarioimagen.net\/?attachment_id=582735\" rel=\"attachment wp-att-582735\"><img loading=\"lazy\" decoding=\"async\" aria-describedby=\"caption-attachment-582735\" class=\"wp-image-582735 size-full\" src=\"https:\/\/www.diarioimagen.net\/wp-content\/uploads\/2023\/05\/tribunal.jpg\" alt=\"\" width=\"460\" height=\"270\" \/><\/a><p id=\"caption-attachment-582735\" class=\"wp-caption-text\">El presidente del TSJCDMX, magistrado Rafael Guerra \u00c1lvarez, y la jueza Sandra Karimi Chan\u00e1n Velarde.<\/p><\/div>\n<p>&nbsp;<\/p>\n<p>Al asumirse orgulloso de que juezas, jueces, consejeros y consejeras de la Judicatura del Poder Judicial de la Ciudad de M\u00e9xico (PJCDMX) participaran activamente en el desarrollo de las Gu\u00edas Judiciales de Conducci\u00f3n de Audiencias Penales, el presidente del \u00f3rgano de justicia capitalino, magistrado Rafael Guerra \u00c1lvarez, dio la bienvenida a la ponencia dedicada a dicha herramienta como parte del m\u00f3dulo de Derecho Procesal del XXXIII Ciclo de Conferencias de Actualizaci\u00f3n Judicial.<\/p>\n<p>En las instalaciones del Instituto de Estudios Judiciales del (PJCDMX), ante el asesor jur\u00eddico de la Embajada de Estados Unidos de Am\u00e9rica, Guillermo Gonz\u00e1lez Soto, encargado de coordinar estos materiales; as\u00ed como el coordinador de log\u00edstica de la misma Embajada, Efra\u00edn Gardu\u00f1o, Guerra \u00c1lvarez refrend\u00f3 el agradecimiento de asesor\u00eda y de trabajo institucional arm\u00f3nico que concret\u00f3 este producto educativo en el que tambi\u00e9n colaboraron personas servidoras p\u00fablicas del Poder Judicial de la Federaci\u00f3n y el Poder Judicial de Puebla.<\/p>\n<p>La jueza quincuag\u00e9sima segunda de Control del Tribunal Superior de Justicia de la Ciudad de M\u00e9xico (TSJCDMX), Sandra Karimi Chan\u00e1n Velarde, estuvo a cargo de impartir la conferencia, pues represent\u00f3 a la casa de justicia capitalina en este esfuerzo.<\/p>\n<p>La juzgadora destac\u00f3 que, para la generaci\u00f3n de 79 gu\u00edas para la etapa inicial, 32 para las etapas intermedia y de juicio; y las 32 gu\u00edas espec\u00edficas para Justicia Adolescente se celebraron 100 sesiones de trabajo presencial e h\u00edbrido a lo largo de 30 meses, en los que la Oficina Internacional para el Desarrollo de Sistemas de Procuraci\u00f3n de Justicia de la Embajada de Estados Unidos y basados en la experiencia de Colombia se conform\u00f3 un compendio presentado en junio 2022, mismo que ya arroj\u00f3 los primeros resultados positivos para el sistema de justicia nacional.<\/p>\n<p>Chan\u00e1n Velarde subray\u00f3 que, de acuerdo a un monitoreo realizado de junio a diciembre de 2022 por la Unidad para la Consolidaci\u00f3n para la Consolidaci\u00f3n del Nuevo Sistema de Justicia Penal del Consejo de la Judicatura Federal, en el que se analizaron 78 mil 344 audiencias efectuadas en los Tribunales Superiores de Justicia de Chihuahua, Sonora, Ciudad de M\u00e9xico, Estado de M\u00e9xico\u00a0 Oaxaca, Puebla y Quintana Roo y Centros de Justicia Federales de las mismas entidades, las Gu\u00edas de Conducci\u00f3n han logrado reducir hasta en 4 minutos el tiempo de audiencias y han incidido en la disminuci\u00f3n de diferimiento de las mismas, pues tanto las y los juzgadores como las partes cuentan con una herramienta para saber llevar la audiencia.<\/p>\n<p>La Jueza del TSJCDMX precis\u00f3 que estos primeros resultados reflejan que se puede avanzar tambi\u00e9n en el cuidado y uso responsable de los recursos humanos y materiales al interior de los \u00f3rganos jurisdiccionales, pues en promedio, una hora de audiencia a nivel local asciende a un costo de 23 mil pesos y a nivel federal alcanza hasta 63 mil pesos.<\/p>\n<p>Inform\u00f3 que tambi\u00e9n se hizo una encuesta con mil personas servidoras p\u00fablicas y se determin\u00f3 que m\u00e1s del 70 por ciento conoce este compendio de gu\u00edas y por lo menos 50 por ciento las ocupa en el ejercicio de sus responsabilidades. Asimismo, expuso que, de un grupo de 215 personas, el 56 por ciento considera que el uso de las Gu\u00edas Judiciales de Conducci\u00f3n de Audiencias Penales da claridad en las resoluciones, mejora en la argumentaci\u00f3n y disminuye el tiempo de celebraci\u00f3n de las mismas.<\/p>\n<p>En ese sentido, Sandra Chan\u00e1n destac\u00f3 que se prev\u00e9 que estas herramientas podr\u00edan incrementar la productividad hasta 13 por ciento, ofrecer una justicia m\u00e1s transparente y lograr una mejor reducci\u00f3n de cuentas.<\/p>\n<p>La ponencia estuvo moderada por el juez tercero bifuncional de Justicia para Adolescentes del Sistema Procesal Acusatorio de la Ciudad de M\u00e9xico, Crist\u00f3bal Urrutia, quien tambi\u00e9n colabor\u00f3 en el desarrollo de las gu\u00edas especializadas en su materia.<\/p>\n<p>La conferencia dedicada a esta herramienta est\u00e1 disponible en el canal de YouTube del Poder Judicial de la Ciudad de M\u00e9xico https:\/\/youtube.com\/c\/PoderJudicialdelaCiudaddeM\u00e9xico y las Gu\u00edas Judiciales de Conducci\u00f3n de Audiencias Penales son de descarga gratuita\u00a0 https:\/\/www.cjf.gob.mx\/PJD\/guias\/Default.aspx<\/p>\n","protected":false},"excerpt":{"rendered":"<p>Al asumirse orgulloso de que juezas, jueces, consejeros y consejeras de la Judicatura del Poder Judicial de la Ciudad de M\u00e9xico (PJCDMX) participaran activamente en el desarrollo de las Gu\u00edas Judiciales de Conducci\u00f3n de Audiencias Penales, el presidente del \u00f3rgano de justicia capitalino, magistrado Rafael Guerra \u00c1lvarez, dio la bienvenida a la ponencia dedicada a dicha herramienta como parte del m\u00f3dulo de Derecho Procesal del XXXIII Ciclo de Conferencias de Actualizaci\u00f3n Judicial.<\/p>\n","protected":false},"author":3,"featured_media":582735,"comment_status":"open","ping_status":"open","sticky":false,"template":"","format":"standard","meta":{"_monsterinsights_skip_tracking":false,"_monsterinsights_sitenote_active":false,"_monsterinsights_sitenote_note":"","_monsterinsights_sitenote_category":0,"footnotes":""},"categories":[6],"tags":[95625,97826,75536,87379],"class_list":["post-582626","post","type-post","status-publish","format-standard","has-post-thumbnail","hentry","category-cd-de-mexico","tag-audiencias","tag-guias","tag-penales","tag-pjcdmx"],"_links":{"self":[{"href":"https:\/\/www.diarioimagen.net\/index.php?rest_route=\/wp\/v2\/posts\/582626","targetHints":{"allow":["GET"]}}],"collection":[{"href":"https:\/\/www.diarioimagen.net\/index.php?rest_route=\/wp\/v2\/posts"}],"about":[{"href":"https:\/\/www.diarioimagen.net\/index.php?rest_route=\/wp\/v2\/types\/post"}],"author":[{"embeddable":true,"href":"https:\/\/www.diarioimagen.net\/index.php?rest_route=\/wp\/v2\/users\/3"}],"replies":[{"embeddable":true,"href":"https:\/\/www.diarioimagen.net\/index.php?rest_route=%2Fwp%2Fv2%2Fcomments&post=582626"}],"version-history":[{"count":0,"href":"https:\/\/www.diarioimagen.net\/index.php?rest_route=\/wp\/v2\/posts\/582626\/revisions"}],"wp:featuredmedia":[{"embeddable":true,"href":"https:\/\/www.diarioimagen.net\/index.php?rest_route=\/wp\/v2\/media\/582735"}],"wp:attachment":[{"href":"https:\/\/www.diarioimagen.net\/index.php?rest_route=%2Fwp%2Fv2%2Fmedia&parent=582626"}],"wp:term":[{"taxonomy":"category","embeddable":true,"href":"https:\/\/www.diarioimagen.net\/index.php?rest_route=%2Fwp%2Fv2%2Fcategories&post=582626"},{"taxonomy":"post_tag","embeddable":true,"href":"https:\/\/www.diarioimagen.net\/index.php?rest_route=%2Fwp%2Fv2%2Ftags&post=582626"}],"curies":[{"name":"wp","href":"https:\/\/api.w.org\/{rel}","templated":true}]}}