{"id":582656,"date":"2023-05-04T00:01:54","date_gmt":"2023-05-04T06:01:54","guid":{"rendered":"https:\/\/www.diarioimagen.net\/?p=582656"},"modified":"2023-05-04T01:05:56","modified_gmt":"2023-05-04T07:05:56","slug":"cancun-entre-los-destinos-que-esperan-mayor-ocupacion-este-mes","status":"publish","type":"post","link":"https:\/\/www.diarioimagen.net\/?p=582656","title":{"rendered":"Canc\u00fan, entre los destinos que esperan mayor ocupaci\u00f3n, este mes"},"content":{"rendered":"<p>&nbsp;<\/p>\n<h3 style=\"text-align: center;\">De acuerdo con la Sectur<\/h3>\n<p>&nbsp;<\/p>\n<ul>\n<li><strong><em>La derrama por concepto de hospedaje en 2 feriados llegar\u00eda a 8 mil 398 mdp en el pa\u00eds<\/em><\/strong><\/li>\n<\/ul>\n<p><strong>\u00a0<\/strong><\/p>\n<div id=\"attachment_582749\" style=\"width: 470px\" class=\"wp-caption aligncenter\"><a href=\"https:\/\/www.diarioimagen.net\/?attachment_id=582749\" rel=\"attachment wp-att-582749\"><img loading=\"lazy\" decoding=\"async\" aria-describedby=\"caption-attachment-582749\" class=\"size-full wp-image-582749\" src=\"https:\/\/www.diarioimagen.net\/wp-content\/uploads\/2023\/05\/TURISMO01.jpg\" alt=\"\" width=\"460\" height=\"270\" \/><\/a><p id=\"caption-attachment-582749\" class=\"wp-caption-text\">De acuerdo con la Sectur,\u00a0Canc\u00fan se encuentra entre los destinos que esperan mayor ocupaci\u00f3n en los d\u00edas feriados de mayo.<\/p><\/div>\n<p>&nbsp;<\/p>\n<p>El titular de la Secretar\u00eda de Turismo (Sectur) indic\u00f3 que durante los d\u00edas feriados de mayo, correspondientes a la conmemoraci\u00f3n del D\u00eda del Trabajo y de la Batalla de Puebla, tan s\u00f3lo la derrama conjunta por concepto de hospedaje se prev\u00e9 sea de 8 mil 398 millones de pesos en el pa\u00eds.<\/p>\n<p>Indic\u00f3 que, en este periodo, que comprendi\u00f3 del 28 de abril al 1\u00ba de mayo y posteriormente del 4 al 7 de mayo de 2023, se estima la llegada de 2 millones 872 mil turistas a hotel, de los cuales 2 millones 217 mil ser\u00e1n turistas nacionales, lo que representa un 77.2% del total en ambos \u2018puentes\u2019.<\/p>\n<p>Torruco Marqu\u00e9s se\u00f1al\u00f3 que se espera una ocupaci\u00f3n hotelera promedio general a nivel nacional de 63.2% durante estos dos fines de semana de mayo. Adicionalmente, en estos dos periodos en conjunto, se estima que 3 millones 410 mil turistas nacionales se alojen en otra forma hospedaje como es con familiares y amigos, as\u00ed como en segundas residencias, arrojando un total de 5.6 millones de turistas nacionales durante los dos fines de semana largos.<\/p>\n<p>Coment\u00f3 que se prev\u00e9 que se hospeden en alojamiento de econom\u00edas compartidas 556 mil turistas tanto nacionales como extranjeros.<\/p>\n<p>El secretario de Turismo precis\u00f3 que el porcentaje de ocupaci\u00f3n estimado promedio que se alcanzar\u00e1 en 12 centros seleccionados para estos dos puentes ser\u00e1n: Puerto Vallarta, con el 84%; Canc\u00fan, con el 82.1%; Los Cabos, con el 79.6%; Acapulco, con el 77%; Aguascalientes, con el 73.4%; Quer\u00e9taro, con el 66.4%; Ciudad de M\u00e9xico, con el 64.3%; Puebla, con el 61.5%; Villahermosa, con el 51.1%; San Miguel de Allende, con el 49.9%; Tuxtla Guti\u00e9rrez, con el 47.6% y San Crist\u00f3bal de las Casas, con el 43.7%.<\/p>\n<p>El titular de Sectur reiter\u00f3 que para los turistas que transiten por las carreteras del pa\u00eds, la Direcci\u00f3n General de Servicios al Turista \u00c1ngeles Verdes brinda asistencia mec\u00e1nica y asesor\u00eda tur\u00edstica en m\u00e1s de 37 mil kil\u00f3metros, en 199 tramos carreteros, mediante el n\u00famero gratuito 078 y en la aplicaci\u00f3n m\u00f3vil, disponible en iOS y Android. Desde el Centro de Geointeligencia \u201cAlfonso Garc\u00eda Gonz\u00e1lez\u201d se ubica a la unidad m\u00e1s cercana que brindar\u00e1 la atenci\u00f3n.<\/p>\n","protected":false},"excerpt":{"rendered":"<p>El titular de la Secretar\u00eda de Turismo (Sectur) indic\u00f3 que durante los d\u00edas feriados de mayo, correspondientes a la conmemoraci\u00f3n del D\u00eda del Trabajo y de la Batalla de Puebla, tan s\u00f3lo la derrama conjunta por concepto de hospedaje se prev\u00e9 sea de 8 mil 398 millones de pesos en el pa\u00eds.<\/p>\n","protected":false},"author":3,"featured_media":582749,"comment_status":"open","ping_status":"open","sticky":false,"template":"","format":"standard","meta":{"_monsterinsights_skip_tracking":false,"_monsterinsights_sitenote_active":false,"_monsterinsights_sitenote_note":"","_monsterinsights_sitenote_category":0,"footnotes":""},"categories":[11],"tags":[47212,22016,43681],"class_list":["post-582656","post","type-post","status-publish","format-standard","has-post-thumbnail","hentry","category-turismo","tag-destino","tag-ocupacion","tag-turismo"],"_links":{"self":[{"href":"https:\/\/www.diarioimagen.net\/index.php?rest_route=\/wp\/v2\/posts\/582656","targetHints":{"allow":["GET"]}}],"collection":[{"href":"https:\/\/www.diarioimagen.net\/index.php?rest_route=\/wp\/v2\/posts"}],"about":[{"href":"https:\/\/www.diarioimagen.net\/index.php?rest_route=\/wp\/v2\/types\/post"}],"author":[{"embeddable":true,"href":"https:\/\/www.diarioimagen.net\/index.php?rest_route=\/wp\/v2\/users\/3"}],"replies":[{"embeddable":true,"href":"https:\/\/www.diarioimagen.net\/index.php?rest_route=%2Fwp%2Fv2%2Fcomments&post=582656"}],"version-history":[{"count":0,"href":"https:\/\/www.diarioimagen.net\/index.php?rest_route=\/wp\/v2\/posts\/582656\/revisions"}],"wp:featuredmedia":[{"embeddable":true,"href":"https:\/\/www.diarioimagen.net\/index.php?rest_route=\/wp\/v2\/media\/582749"}],"wp:attachment":[{"href":"https:\/\/www.diarioimagen.net\/index.php?rest_route=%2Fwp%2Fv2%2Fmedia&parent=582656"}],"wp:term":[{"taxonomy":"category","embeddable":true,"href":"https:\/\/www.diarioimagen.net\/index.php?rest_route=%2Fwp%2Fv2%2Fcategories&post=582656"},{"taxonomy":"post_tag","embeddable":true,"href":"https:\/\/www.diarioimagen.net\/index.php?rest_route=%2Fwp%2Fv2%2Ftags&post=582656"}],"curies":[{"name":"wp","href":"https:\/\/api.w.org\/{rel}","templated":true}]}}