{"id":582798,"date":"2023-05-05T00:04:59","date_gmt":"2023-05-05T06:04:59","guid":{"rendered":"https:\/\/www.diarioimagen.net\/?p=582798"},"modified":"2023-05-05T02:02:55","modified_gmt":"2023-05-05T08:02:55","slug":"con-voto-informado-ganaremos-la-eleccion-mexiquense-del-moral-vela","status":"publish","type":"post","link":"https:\/\/www.diarioimagen.net\/?p=582798","title":{"rendered":"Con voto informado ganaremos la elecci\u00f3n mexiquense: Del Moral Vela"},"content":{"rendered":"<p>&nbsp;<\/p>\n<ul>\n<li><em><strong>Llama a redoblar esfuerzo<\/strong><\/em><\/li>\n<\/ul>\n<p>&nbsp;<\/p>\n<div id=\"attachment_582855\" style=\"width: 470px\" class=\"wp-caption aligncenter\"><a href=\"https:\/\/www.diarioimagen.net\/?attachment_id=582855\" rel=\"attachment wp-att-582855\"><img loading=\"lazy\" decoding=\"async\" aria-describedby=\"caption-attachment-582855\" class=\"size-full wp-image-582855\" src=\"https:\/\/www.diarioimagen.net\/wp-content\/uploads\/2023\/05\/voto-informado.jpg\" alt=\"\" width=\"460\" height=\"270\" \/><\/a><p id=\"caption-attachment-582855\" class=\"wp-caption-text\">Alejandra Del Moral agradeci\u00f3 el apoyo de militantes y simpatizantes del PAN, PRI, PRD y Nueva Alianza, pero sobre todo, de la sociedad civil organizada.<\/p><\/div>\n<p>&nbsp;<\/p>\n<p><strong>Valle de M\u00e9xico.\u2014<\/strong> El pr\u00f3ximo 4 de junio, los mexiquenses emitir\u00e1n un voto informado y reflexionado, por lo que la alianza Va por el Estado de M\u00e9xico seguir\u00e1 caminando con contundencia y sin descanso para defender lo logrado en la entidad, asegur\u00f3 Alejandra Del Moral Vela.<\/p>\n<p>La candidata del PAN, PRI, PRD y Nueva Alianza a la gubernatura, llam\u00f3 a los simpatizantes y militantes de estas fuerzas pol\u00edticas a estar \u201ccerca de nuestros vecinos y nuestra comunidad, organizados, unidos y haciendo lo que nos toca, para obtener el triunfo\u201d.<\/p>\n<p>Arropada por vecinos del Distrito 42 de Ecatepec, puntualiz\u00f3 la importancia de construir juntos un mejor futuro para el municipio, por ello dijo que la coalici\u00f3n electoral que encabeza representa la \u00fanica opci\u00f3n de cercan\u00eda y de resultados, \u201ctenemos que redoblar el paso, para detener a Morena y defender a la naci\u00f3n\u201d.<\/p>\n<p>Al grito de \u201cfuera Morena\u201d, la abanderada aliancista destac\u00f3 las malas decisiones que hacen gobernando en los municipios y en diferentes entidades del pa\u00eds. Ellos son una desgracia para M\u00e9xico y no permitiremos que vulneren a las familias mexiquenses, agreg\u00f3.<\/p>\n<p>Al destacar que nunca ha sido sancionada en su quehacer como servidora p\u00fablica, la abanderada aliancista sostuvo que ella s\u00ed puede pedir el voto y la confianza para trabajar por las familias mexiquenses.<\/p>\n<p>Acompa\u00f1ada por el dirigente estatal del PRI, Eric Sevilla, la ex funcionaria agradeci\u00f3 el apoyo de militantes y simpatizantes del PAN, PRI, PRD y Nueva Alianza, pero sobre todo, de la sociedad civil organizada que abraza y camina en esta campa\u00f1a a su lado.<\/p>\n<p>En el Distrito 42, la abanderada aliancista se comprometi\u00f3 en trabajar en la rehabilitaci\u00f3n de aproximadamente 20 mil luminarias en las avenidas principales. Se har\u00e1 la repavimentaci\u00f3n de la Avenida Sagitario, desde Avenida Central hasta el Circuito Exterior Mexiquense, prometi\u00f3.<\/p>\n","protected":false},"excerpt":{"rendered":"<p>El pr\u00f3ximo 4 de junio, los mexiquenses emitir\u00e1n un voto informado y reflexionado, por lo que la alianza Va por el Estado de M\u00e9xico seguir\u00e1 caminando con contundencia y sin descanso para defender lo logrado en la entidad, asegur\u00f3 Alejandra Del Moral Vela.<\/p>\n","protected":false},"author":3,"featured_media":582855,"comment_status":"open","ping_status":"open","sticky":false,"template":"","format":"standard","meta":{"_monsterinsights_skip_tracking":false,"_monsterinsights_sitenote_active":false,"_monsterinsights_sitenote_note":"","_monsterinsights_sitenote_category":0,"footnotes":""},"categories":[5],"tags":[9453,41048,97760,34],"class_list":["post-582798","post","type-post","status-publish","format-standard","has-post-thumbnail","hentry","category-estado-de-mexico","tag-alianza","tag-esfuerzo","tag-paulina-alejandra-del-moral-vela","tag-valle-de-mexico"],"_links":{"self":[{"href":"https:\/\/www.diarioimagen.net\/index.php?rest_route=\/wp\/v2\/posts\/582798","targetHints":{"allow":["GET"]}}],"collection":[{"href":"https:\/\/www.diarioimagen.net\/index.php?rest_route=\/wp\/v2\/posts"}],"about":[{"href":"https:\/\/www.diarioimagen.net\/index.php?rest_route=\/wp\/v2\/types\/post"}],"author":[{"embeddable":true,"href":"https:\/\/www.diarioimagen.net\/index.php?rest_route=\/wp\/v2\/users\/3"}],"replies":[{"embeddable":true,"href":"https:\/\/www.diarioimagen.net\/index.php?rest_route=%2Fwp%2Fv2%2Fcomments&post=582798"}],"version-history":[{"count":0,"href":"https:\/\/www.diarioimagen.net\/index.php?rest_route=\/wp\/v2\/posts\/582798\/revisions"}],"wp:featuredmedia":[{"embeddable":true,"href":"https:\/\/www.diarioimagen.net\/index.php?rest_route=\/wp\/v2\/media\/582855"}],"wp:attachment":[{"href":"https:\/\/www.diarioimagen.net\/index.php?rest_route=%2Fwp%2Fv2%2Fmedia&parent=582798"}],"wp:term":[{"taxonomy":"category","embeddable":true,"href":"https:\/\/www.diarioimagen.net\/index.php?rest_route=%2Fwp%2Fv2%2Fcategories&post=582798"},{"taxonomy":"post_tag","embeddable":true,"href":"https:\/\/www.diarioimagen.net\/index.php?rest_route=%2Fwp%2Fv2%2Ftags&post=582798"}],"curies":[{"name":"wp","href":"https:\/\/api.w.org\/{rel}","templated":true}]}}