{"id":582897,"date":"2023-05-05T00:03:15","date_gmt":"2023-05-05T06:03:15","guid":{"rendered":"https:\/\/www.diarioimagen.net\/?p=582897"},"modified":"2023-05-05T02:27:15","modified_gmt":"2023-05-05T08:27:15","slug":"ministra-pina-cambian-formato-en-edomex","status":"publish","type":"post","link":"https:\/\/www.diarioimagen.net\/?p=582897","title":{"rendered":"Ministra Pi\u00f1a. Cambian formato en Edomex"},"content":{"rendered":"<h2>Espacio Electoral<\/h2>\n<h5>Eleazar Flores<\/h5>\n<p>&nbsp;<\/p>\n<p><strong>FRASES INMORTALES-<\/strong>. \u201cSin Informaci\u00f3n no hay libertad, sin libertad no hay pa\u00eds, de este tama\u00f1o es nuestra responsabilidad\u201d fue parte del\u00a0 discurso con reporteros de la fuente,\u00a0 de la presidenta de la Suprema Corte de Justicia de la Naci\u00f3n Norma Pi\u00f1a, seguramente por conmemorarse el D\u00cdA DE LA LIBERTAD DE PRENSA.<\/p>\n<p>\u201cCompartimos mucho y, en el marco de esta vinculaci\u00f3n, les invito a combatir la desinformaci\u00f3n, a formar una mejor PEDAGOG\u00cdA POL\u00cdTICA (las may\u00fasculas son mi responsabilidad), que muestre a la ciudadan\u00eda en el ejercicio de sus derechos y consecuentemente en la forma de vivir cada una de sus vidas\u201d, a\u00f1adi\u00f3 la ministra presidenta de la Suprema Corte Norma Luc\u00eda Pi\u00f1a Hern\u00e1ndez.<\/p>\n<p>\u201cComuniquemos lo que es en el habla de lo que somos\u201d, remat\u00f3 la presidenta ante la fuente que cubre al Poder Judicial, quienes cuando menos tienen estad\u00eda breve en su \u201cfuente\u201d y, adem\u00e1s, escuchan pronunciamientos s\u00f3lidos en relaci\u00f3n a lo que sucede en otros lugares, LAS MA\u00d1ANERAS por ejemplo, salvo la mejor opini\u00f3n, que es la suya.<\/p>\n<p>Palabra que congratula y reconforta\u00a0 es la opini\u00f3n de la presidenta de la Suprema Corte de Justicia de la Naci\u00f3n, en relaci\u00f3n al trascendental papel de todos los medios de comunicaci\u00f3n, literalmente atacados por el sermonero ma\u00f1anero, un d\u00eda y otro tambi\u00e9n. Va el \u00faltimo ejemplo.<\/p>\n<p>El comandante guinda se\u00f1al\u00f3 por sus nombres al \u201cteacher\u201d Joaqu\u00edn L\u00f3pez-D\u00f3riga -\u00a1qu\u00e9 manera de felicitarlo por sus 29 conduciendo el noticiero teleradiof\u00f3nico m\u00e1s escuchado!-, y a Carlos Loret de Mola, a quien incluso \u201cbalcone\u00f3\u201d y ret\u00f3 por su propiedades. Olvida el tabasque\u00f1o que por no ser FUNCIONARIO P\u00daBLICO no tiene obligaci\u00f3n de declarar sus bienes ante el gobierno.<\/p>\n<p>Eso s\u00ed, Loret seguro que est\u00e1 al corriente con el SAT, pues de lo contrario, \u00a1imag\u00ednese!, y todo por la denuncia del columnista en LATINUS y <em>EL UNIVERSAL<\/em>, respecto a las propiedades de un hijo del Presidente y las amistades del otro hijo con contratistas beneficiados por el actual gobierno.<\/p>\n<p><strong>CAMBIOS EN DEBATE-.<\/strong> Para el segundo y \u00faltimo debate entre las candidatas a la gubernatura del Estado de M\u00e9xico, Delfina G\u00f3mez y Alejandra Del Moral, habr\u00e1 cambios, de forma y de fondo, a petici\u00f3n de dirigentes partidistas y representantes de Morena ante el Instituto Electoral del Estado de M\u00e9xico, IEEM.<\/p>\n<p>El primer cambio es de la moderadora Pamela Cerdeira y el segundo es que ya no habr\u00e1 acceso de simpatizantes -como sucedi\u00f3 en el primero-, al interior del IEEM, para evitar ambientes proselitistas en favor o en contra.<\/p>\n<p>Incluso se propuso a una CONDUCTORA LOCAL, lo que se decidir\u00e1 en la sesi\u00f3n del Consejo General del IEEM programada para hoy.<\/p>\n<p>Si le digo qui\u00e9n ser\u00e1\u2026. la vetar\u00edan, as\u00ed que\u2026 a esperar.<\/p>\n<p><em><a href=\"mailto:elefa44@gmail.com\" target=\"_blank\" rel=\"noopener noreferrer\">elefa44@gmail.com<\/a><\/em><\/p>\n","protected":false},"excerpt":{"rendered":"<p><span style=\"color: #005497;\"><strong>Eleazar Flores<\/strong><\/span><\/p>\n","protected":false},"author":3,"featured_media":0,"comment_status":"open","ping_status":"open","sticky":false,"template":"","format":"standard","meta":{"_monsterinsights_skip_tracking":false,"_monsterinsights_sitenote_active":false,"_monsterinsights_sitenote_note":"","_monsterinsights_sitenote_category":0,"footnotes":""},"categories":[81743],"tags":[81744,81776,43674],"class_list":["post-582897","post","type-post","status-publish","format-standard","hentry","category-eleazar-flores","tag-eleazar-flores","tag-espacio-electoral","tag-opinion"],"_links":{"self":[{"href":"https:\/\/www.diarioimagen.net\/index.php?rest_route=\/wp\/v2\/posts\/582897","targetHints":{"allow":["GET"]}}],"collection":[{"href":"https:\/\/www.diarioimagen.net\/index.php?rest_route=\/wp\/v2\/posts"}],"about":[{"href":"https:\/\/www.diarioimagen.net\/index.php?rest_route=\/wp\/v2\/types\/post"}],"author":[{"embeddable":true,"href":"https:\/\/www.diarioimagen.net\/index.php?rest_route=\/wp\/v2\/users\/3"}],"replies":[{"embeddable":true,"href":"https:\/\/www.diarioimagen.net\/index.php?rest_route=%2Fwp%2Fv2%2Fcomments&post=582897"}],"version-history":[{"count":0,"href":"https:\/\/www.diarioimagen.net\/index.php?rest_route=\/wp\/v2\/posts\/582897\/revisions"}],"wp:attachment":[{"href":"https:\/\/www.diarioimagen.net\/index.php?rest_route=%2Fwp%2Fv2%2Fmedia&parent=582897"}],"wp:term":[{"taxonomy":"category","embeddable":true,"href":"https:\/\/www.diarioimagen.net\/index.php?rest_route=%2Fwp%2Fv2%2Fcategories&post=582897"},{"taxonomy":"post_tag","embeddable":true,"href":"https:\/\/www.diarioimagen.net\/index.php?rest_route=%2Fwp%2Fv2%2Ftags&post=582897"}],"curies":[{"name":"wp","href":"https:\/\/api.w.org\/{rel}","templated":true}]}}