{"id":582922,"date":"2023-05-08T00:05:54","date_gmt":"2023-05-08T06:05:54","guid":{"rendered":"https:\/\/www.diarioimagen.net\/?p=582922"},"modified":"2023-05-09T01:55:42","modified_gmt":"2023-05-09T07:55:42","slug":"presentan-en-uaemex-libro-orquideas-de-la-region-sur-del-estado-de-mexico","status":"publish","type":"post","link":"https:\/\/www.diarioimagen.net\/?p=582922","title":{"rendered":"Presentan en UAEM\u00e9x libro <em>Orqu\u00eddeas de la regi\u00f3n sur del Estado de M\u00e9xico<\/em>"},"content":{"rendered":"<p>&nbsp;<\/p>\n<ul>\n<li><strong><em>La secretaria de Investigaci\u00f3n y Estudios Avanzados de la UAEM\u00e9x, Martha Patricia Zarza Delgado, encabez\u00f3 la presentaci\u00f3n de la obra, editada por la universidad<\/em><\/strong><\/li>\n<\/ul>\n<p><strong>\u00a0<\/strong><\/p>\n<div id=\"attachment_583017\" style=\"width: 470px\" class=\"wp-caption aligncenter\"><a href=\"https:\/\/www.diarioimagen.net\/?attachment_id=583017\" rel=\"attachment wp-att-583017\"><img loading=\"lazy\" decoding=\"async\" aria-describedby=\"caption-attachment-583017\" class=\"size-full wp-image-583017\" src=\"https:\/\/www.diarioimagen.net\/wp-content\/uploads\/2023\/05\/uaem-presentan.jpg\" alt=\"\" width=\"460\" height=\"270\" \/><\/a><p id=\"caption-attachment-583017\" class=\"wp-caption-text\">La secretaria de Investigaci\u00f3n y Estudios Avanzados de la UAEM\u00e9x, Martha Patricia Zarza Delgado, encabez\u00f3 la presentaci\u00f3n del libro Orqu\u00eddeas de la regi\u00f3n sur del Estado de M\u00e9xico, editado por la UAEM\u00e9x.<\/p><\/div>\n<p>&nbsp;<\/p>\n<p><strong>Toluca, Estado de M\u00e9xico.\u2013<\/strong> Como cierre de las actividades del Programa \u201cAbril, mes de la lectura\u201d 2023 de la Universidad Aut\u00f3noma del Estado de M\u00e9xico (UAEM\u00e9x), en la Galer\u00eda \u201cFernando Cano\u201d del Edificio de Rector\u00eda fue presentado el libro Orqu\u00eddeas de la regi\u00f3n sur del Estado de M\u00e9xico, acto que encabez\u00f3 la secretaria de Investigaci\u00f3n y Estudios Avanzados, Martha Patricia Zarza Delgado.<\/p>\n<p>La obra Orqu\u00eddeas de la regi\u00f3n sur del Estado de M\u00e9xico fue coordinada por los investigadores Napole\u00f3n Fillat Ord\u00f3\u00f1ez y Enrique Leopoldo Islas Flores, y es un llamado a apreciar el valor ecosist\u00e9mico, cultural e hist\u00f3rico de estos ejemplares que suman alrededor de 3 mil 500 especies, cuya funci\u00f3n en el equilibrio ecol\u00f3gico es insustituible.<\/p>\n<p>El libro, que va acompa\u00f1ado de im\u00e1genes e ilustraciones de estas plantas, busca presentar su diversidad natural, sus polinizadores, \u00e9poca de floraci\u00f3n, usos culturales y principales amenazas.<\/p>\n<p>Durante la presentaci\u00f3n de Orqu\u00eddeas de la regi\u00f3n sur del Estado de M\u00e9xico, el autor-coordinador de la obra, Enrique Leopoldo Islas Flores, refiri\u00f3 que el libro es resultado de un trabajo de siete a\u00f1os de investigaci\u00f3n, desde 2015, registrando las zonas donde se pueden encontrar las orqu\u00eddeas, con el prop\u00f3sito de establecer pol\u00edticas de conservaci\u00f3n a corto plazo para estas especies.<\/p>\n<p>Al respecto, el director de la Facultad de Planeaci\u00f3n Urbana y Regional de la UAEM\u00e9x, Isidro Rogel Fajardo, expres\u00f3 que la obra muestra un recorrido de campo de las orqu\u00eddeas y de paisajes espectaculares que invita a apreciar la gran diversidad con la que cuenta el sur de la entidad.<\/p>\n<p>En tanto, el investigador del Instituto de Ecolog\u00eda de la Universidad Nacional Aut\u00f3noma de M\u00e9xico (UNAM), Gerardo Jorge Ceballos Gonz\u00e1lez, dijo que el libro es oportuno y necesario en una entidad como el Estado de M\u00e9xico, que al tener abundancia en su biodiversidad tiene poca informaci\u00f3n sobre su flora y fauna.<\/p>\n<p>Orqu\u00eddeas de la regi\u00f3n sur del Estado de M\u00e9xico es un libro editado por la UAEM\u00e9x.<\/p>\n","protected":false},"excerpt":{"rendered":"<p>Como cierre de las actividades del Programa \u201cAbril, mes de la lectura\u201d 2023 de la Universidad Aut\u00f3noma del Estado de M\u00e9xico (UAEM\u00e9x), en la Galer\u00eda \u201cFernando Cano\u201d del Edificio de Rector\u00eda fue presentado el libro Orqu\u00eddeas de la regi\u00f3n sur del Estado de M\u00e9xico, acto que encabez\u00f3 la secretaria de Investigaci\u00f3n y Estudios Avanzados, Martha Patricia Zarza Delgado.<\/p>\n","protected":false},"author":3,"featured_media":583017,"comment_status":"open","ping_status":"open","sticky":false,"template":"","format":"standard","meta":{"_monsterinsights_skip_tracking":false,"_monsterinsights_sitenote_active":false,"_monsterinsights_sitenote_note":"","_monsterinsights_sitenote_category":0,"footnotes":""},"categories":[5],"tags":[7545,67073,67878],"class_list":["post-582922","post","type-post","status-publish","format-standard","has-post-thumbnail","hentry","category-estado-de-mexico","tag-libro","tag-presenta","tag-uaemex"],"_links":{"self":[{"href":"https:\/\/www.diarioimagen.net\/index.php?rest_route=\/wp\/v2\/posts\/582922","targetHints":{"allow":["GET"]}}],"collection":[{"href":"https:\/\/www.diarioimagen.net\/index.php?rest_route=\/wp\/v2\/posts"}],"about":[{"href":"https:\/\/www.diarioimagen.net\/index.php?rest_route=\/wp\/v2\/types\/post"}],"author":[{"embeddable":true,"href":"https:\/\/www.diarioimagen.net\/index.php?rest_route=\/wp\/v2\/users\/3"}],"replies":[{"embeddable":true,"href":"https:\/\/www.diarioimagen.net\/index.php?rest_route=%2Fwp%2Fv2%2Fcomments&post=582922"}],"version-history":[{"count":0,"href":"https:\/\/www.diarioimagen.net\/index.php?rest_route=\/wp\/v2\/posts\/582922\/revisions"}],"wp:featuredmedia":[{"embeddable":true,"href":"https:\/\/www.diarioimagen.net\/index.php?rest_route=\/wp\/v2\/media\/583017"}],"wp:attachment":[{"href":"https:\/\/www.diarioimagen.net\/index.php?rest_route=%2Fwp%2Fv2%2Fmedia&parent=582922"}],"wp:term":[{"taxonomy":"category","embeddable":true,"href":"https:\/\/www.diarioimagen.net\/index.php?rest_route=%2Fwp%2Fv2%2Fcategories&post=582922"},{"taxonomy":"post_tag","embeddable":true,"href":"https:\/\/www.diarioimagen.net\/index.php?rest_route=%2Fwp%2Fv2%2Ftags&post=582922"}],"curies":[{"name":"wp","href":"https:\/\/api.w.org\/{rel}","templated":true}]}}