{"id":582933,"date":"2023-05-08T00:04:47","date_gmt":"2023-05-08T06:04:47","guid":{"rendered":"https:\/\/www.diarioimagen.net\/?p=582933"},"modified":"2023-05-08T02:05:29","modified_gmt":"2023-05-08T08:05:29","slug":"aplauden-consejos-ciudadanos-trabajo-del-gobierno-de-naucalpan","status":"publish","type":"post","link":"https:\/\/www.diarioimagen.net\/?p=582933","title":{"rendered":"Aplauden consejos ciudadanos trabajo del gobierno de Naucalpan"},"content":{"rendered":"<p>&nbsp;<\/p>\n<ul>\n<li><em><strong>\u201cDevuelven el brillo a la corona\u201d<\/strong><\/em><\/li>\n<\/ul>\n<p><strong>\u00a0<\/strong><\/p>\n<h6>Arturo Baena<\/h6>\n<p>&nbsp;<\/p>\n<div id=\"attachment_583027\" style=\"width: 470px\" class=\"wp-caption aligncenter\"><a href=\"https:\/\/www.diarioimagen.net\/?attachment_id=583027\" rel=\"attachment wp-att-583027\"><img loading=\"lazy\" decoding=\"async\" aria-describedby=\"caption-attachment-583027\" class=\"size-full wp-image-583027\" src=\"https:\/\/www.diarioimagen.net\/wp-content\/uploads\/2023\/05\/aplauden-consejos.jpg\" alt=\"\" width=\"460\" height=\"270\" \/><\/a><p id=\"caption-attachment-583027\" class=\"wp-caption-text\">Delegados y Consejos de Participaci\u00f3n Ciudadana de diferentes colonias de Naucalpan destacaron el trabajo de la alcaldesa Ang\u00e9lica Moya Mar\u00edn.<\/p><\/div>\n<p>&nbsp;<\/p>\n<p><strong>Naucalpan, Estado de M\u00e9xico.\u2014<\/strong> \u201cLa de Ang\u00e9lica Moya Mar\u00edn, ha sido una administraci\u00f3n de trabajo y acciones en favor de las familias naucalpenses y pese a que recibi\u00f3 un gobierno en quiebra, la alcaldesa ha cumplido al pie de la letra con sus promesas y est\u00e1 regresando al municipio, la tranquilidad social y pol\u00edtica que tanto necesitamos\u201d.<\/p>\n<p>As\u00ed lo aseguraron por separado, delegados y Consejos de Participaci\u00f3n Ciudadana (Copacis) de diferentes colonias que conforman el municipio, al tiempo de destacar que \u201cpoco a poco se est\u00e1 devolviendo el brillo a la corona\u201d.<\/p>\n<p>Las autoridades auxiliares, en voz de Mar\u00eda del Socorro Ortiz, destacaron que \u201cunidos, sociedad y gobierno, podemos realizar acciones encaminadas para regresar al municipio de Naucalpan a los primeros lugares, no s\u00f3lo del Estado de M\u00e9xico, sino del pa\u00eds. Vamos caminado con paso firme\u201d. Por otra parte, las y los naucalpenses, aseguraron que \u201cgracias al trabajo que han realizado las \u00e1reas de gobierno, tesorer\u00eda, desarrollo social, patrimonio municipal, obras p\u00fablicas, etc\u00e9tera, hoy vamos por buen camino para consolidar un gobierno transparente y eficaz\u201d.<\/p>\n<p>Asimismo, los Copacis, reiteraron su respaldo y apoyo a los trabajos que ha hecho el gobierno de Ang\u00e9lica Moya, el cual \u201cha actuado con mano dura para combatir la corrupci\u00f3n en todos los \u00e1mbitos de su administraci\u00f3n. Hoy, Naucalpan, tiene otro rostro\u201d.<\/p>\n<p>Finalmente, las y los naucalpenses destacaron que, \u201ces cierto, a\u00fan falta mucho por hacer, pero unidos sociedad y gobierno, saldremos del atolladero que nos dejaron\u201d, concluyeron.<\/p>\n","protected":false},"excerpt":{"rendered":"<p>\u201cLa de Ang\u00e9lica Moya Mar\u00edn, ha sido una administraci\u00f3n de trabajo y acciones en favor de las familias naucalpenses y pese a que recibi\u00f3 un gobierno en quiebra, la alcaldesa ha cumplido al pie de la letra con sus promesas y est\u00e1 regresando al municipio, la tranquilidad social y pol\u00edtica que tanto necesitamos\u201d.<\/p>\n","protected":false},"author":3,"featured_media":583027,"comment_status":"open","ping_status":"open","sticky":false,"template":"","format":"standard","meta":{"_monsterinsights_skip_tracking":false,"_monsterinsights_sitenote_active":false,"_monsterinsights_sitenote_note":"","_monsterinsights_sitenote_category":0,"footnotes":""},"categories":[5],"tags":[9231,84615,43675,970],"class_list":["post-582933","post","type-post","status-publish","format-standard","has-post-thumbnail","hentry","category-estado-de-mexico","tag-brillo","tag-copacis","tag-estado-de-mexico","tag-naucalpan"],"_links":{"self":[{"href":"https:\/\/www.diarioimagen.net\/index.php?rest_route=\/wp\/v2\/posts\/582933","targetHints":{"allow":["GET"]}}],"collection":[{"href":"https:\/\/www.diarioimagen.net\/index.php?rest_route=\/wp\/v2\/posts"}],"about":[{"href":"https:\/\/www.diarioimagen.net\/index.php?rest_route=\/wp\/v2\/types\/post"}],"author":[{"embeddable":true,"href":"https:\/\/www.diarioimagen.net\/index.php?rest_route=\/wp\/v2\/users\/3"}],"replies":[{"embeddable":true,"href":"https:\/\/www.diarioimagen.net\/index.php?rest_route=%2Fwp%2Fv2%2Fcomments&post=582933"}],"version-history":[{"count":0,"href":"https:\/\/www.diarioimagen.net\/index.php?rest_route=\/wp\/v2\/posts\/582933\/revisions"}],"wp:featuredmedia":[{"embeddable":true,"href":"https:\/\/www.diarioimagen.net\/index.php?rest_route=\/wp\/v2\/media\/583027"}],"wp:attachment":[{"href":"https:\/\/www.diarioimagen.net\/index.php?rest_route=%2Fwp%2Fv2%2Fmedia&parent=582933"}],"wp:term":[{"taxonomy":"category","embeddable":true,"href":"https:\/\/www.diarioimagen.net\/index.php?rest_route=%2Fwp%2Fv2%2Fcategories&post=582933"},{"taxonomy":"post_tag","embeddable":true,"href":"https:\/\/www.diarioimagen.net\/index.php?rest_route=%2Fwp%2Fv2%2Ftags&post=582933"}],"curies":[{"name":"wp","href":"https:\/\/api.w.org\/{rel}","templated":true}]}}