{"id":582936,"date":"2023-05-08T00:03:25","date_gmt":"2023-05-08T06:03:25","guid":{"rendered":"https:\/\/www.diarioimagen.net\/?p=582936"},"modified":"2023-05-08T02:06:44","modified_gmt":"2023-05-08T08:06:44","slug":"listas-las-abanderadas-de-morena-y-de-pri-pan-prd-para-segundo-debate","status":"publish","type":"post","link":"https:\/\/www.diarioimagen.net\/?p=582936","title":{"rendered":"Listas, las abanderadas de Morena y de PRI-PAN-PRD para segundo debate"},"content":{"rendered":"<p>&nbsp;<\/p>\n<ul>\n<li><strong><em>Se realizar\u00e1 el 18 de mayo en el IEEM<\/em><\/strong><\/li>\n<\/ul>\n<p><strong>\u00a0<\/strong><\/p>\n<h6>Arturo Baena<\/h6>\n<p>&nbsp;<\/p>\n<div id=\"attachment_583031\" style=\"width: 470px\" class=\"wp-caption aligncenter\"><a href=\"https:\/\/www.diarioimagen.net\/?attachment_id=583031\" rel=\"attachment wp-att-583031\"><img loading=\"lazy\" decoding=\"async\" aria-describedby=\"caption-attachment-583031\" class=\"size-full wp-image-583031\" src=\"https:\/\/www.diarioimagen.net\/wp-content\/uploads\/2023\/05\/listas-abanderadas.jpg\" alt=\"\" width=\"460\" height=\"270\" \/><\/a><p id=\"caption-attachment-583031\" class=\"wp-caption-text\">Delfina G\u00f3mez \u00c1lvarez y Alejandra Del Moral Vela se reportaron listas para el segundo debate, este 18 de mayo.<\/p><\/div>\n<p>&nbsp;<\/p>\n<p><strong>Valle de M\u00e9xico.\u2014<\/strong> Las candidatas a la gubernatura del Estado de M\u00e9xico por ambas coaliciones o alianzas, Delfina G\u00f3mez \u00c1lvarez y Alejandra Del Moral Vela, se reportaron listas para el pr\u00f3ximo debate, no sin antes clarificar que esperan un mejor escenario con mejores condiciones para que la ciudadan\u00eda conozca las propuestas y haya una moderaci\u00f3n responsable.<\/p>\n<p>La abanderada de Juntos Haremos Historia del Estado de M\u00e9xico, Delfina G\u00f3mez \u00c1lvarez, confirm\u00f3 que su representante ante Comit\u00e9 Especial de Debates solicit\u00f3 algunas modificaciones en el segundo debate p\u00fablico programado para el 18 de mayo, entre ellos, garantizar que haya respeto y empat\u00eda entre la moderadora y las participantes.<\/p>\n<p>\u201cSolicit\u00e9 que hubiera respeto y empat\u00eda, como mujeres creo que debe haber empat\u00eda y tambi\u00e9n con los asistentes, la que lleve el proceso de moderadora no debe caer en una situaci\u00f3n de dar una opini\u00f3n porque al final son moderadoras\u201d, sostuvo.<\/p>\n<p>La candidata de la coalici\u00f3n Va por el Estado de M\u00e9xico, Alejandra Del Moral Vela, sostuvo que se encuentra lista para debatir en el momento que quieran, en el formato que propongan y en el espacio que decidan, para que la ciudadan\u00eda pueda comparar perfiles y propuestas.<\/p>\n<p>Dej\u00f3 en claro que quien pierde al no haber debate es la ciudadan\u00eda mexiquense, ya que restringe la oportunidad de comparar a las candidatas y sus propuestas para llevar a buen puerto al Estado de M\u00e9xico, \u201cvamos por el debate\u201d, reiter\u00f3.<\/p>\n<p>Al llamar a la poblaci\u00f3n a ejercer un voto informado, sostuvo que, si bien hay retos por delante, la coalici\u00f3n del PRI, PAN, PRD y Nueva Alianza es la opci\u00f3n, \u201cno necesitamos un cambio de colores, necesitamos un cambio de fondo, un cambio que entienda que no queremos que todo sea un partido y que todo siga igual\u201d.<\/p>\n","protected":false},"excerpt":{"rendered":"<p>Las candidatas a la gubernatura del Estado de M\u00e9xico por ambas coaliciones o alianzas, Delfina G\u00f3mez \u00c1lvarez y Alejandra Del Moral Vela, se reportaron listas para el pr\u00f3ximo debate, no sin antes clarificar que esperan un mejor escenario con mejores condiciones para que la ciudadan\u00eda conozca las propuestas y haya una moderaci\u00f3n responsable.<\/p>\n","protected":false},"author":3,"featured_media":583031,"comment_status":"open","ping_status":"open","sticky":false,"template":"","format":"standard","meta":{"_monsterinsights_skip_tracking":false,"_monsterinsights_sitenote_active":false,"_monsterinsights_sitenote_note":"","_monsterinsights_sitenote_category":0,"footnotes":""},"categories":[5],"tags":[2833,13751,57859],"class_list":["post-582936","post","type-post","status-publish","format-standard","has-post-thumbnail","hentry","category-estado-de-mexico","tag-alejandra-del-moral-vela","tag-debate","tag-delfina-gomez-alvarez"],"_links":{"self":[{"href":"https:\/\/www.diarioimagen.net\/index.php?rest_route=\/wp\/v2\/posts\/582936","targetHints":{"allow":["GET"]}}],"collection":[{"href":"https:\/\/www.diarioimagen.net\/index.php?rest_route=\/wp\/v2\/posts"}],"about":[{"href":"https:\/\/www.diarioimagen.net\/index.php?rest_route=\/wp\/v2\/types\/post"}],"author":[{"embeddable":true,"href":"https:\/\/www.diarioimagen.net\/index.php?rest_route=\/wp\/v2\/users\/3"}],"replies":[{"embeddable":true,"href":"https:\/\/www.diarioimagen.net\/index.php?rest_route=%2Fwp%2Fv2%2Fcomments&post=582936"}],"version-history":[{"count":0,"href":"https:\/\/www.diarioimagen.net\/index.php?rest_route=\/wp\/v2\/posts\/582936\/revisions"}],"wp:featuredmedia":[{"embeddable":true,"href":"https:\/\/www.diarioimagen.net\/index.php?rest_route=\/wp\/v2\/media\/583031"}],"wp:attachment":[{"href":"https:\/\/www.diarioimagen.net\/index.php?rest_route=%2Fwp%2Fv2%2Fmedia&parent=582936"}],"wp:term":[{"taxonomy":"category","embeddable":true,"href":"https:\/\/www.diarioimagen.net\/index.php?rest_route=%2Fwp%2Fv2%2Fcategories&post=582936"},{"taxonomy":"post_tag","embeddable":true,"href":"https:\/\/www.diarioimagen.net\/index.php?rest_route=%2Fwp%2Fv2%2Ftags&post=582936"}],"curies":[{"name":"wp","href":"https:\/\/api.w.org\/{rel}","templated":true}]}}