{"id":583005,"date":"2023-05-08T00:09:50","date_gmt":"2023-05-08T06:09:50","guid":{"rendered":"https:\/\/www.diarioimagen.net\/?p=583005"},"modified":"2023-05-08T23:38:56","modified_gmt":"2023-05-09T05:38:56","slug":"fernando-aboitiz-soy-totalmente-marcelo-ebrard","status":"publish","type":"post","link":"https:\/\/www.diarioimagen.net\/?p=583005","title":{"rendered":"Fernando Aboitiz: soy totalmente Marcelo Ebrard"},"content":{"rendered":"<p>&nbsp;<\/p>\n<p><a href=\"https:\/\/www.diarioimagen.net\/si-alito-piensa-que-en-el-estado-de-mexico-va-a-imponer-al-candidato-del-pri-a-la-gubernatura-para-el-ano-2023-se-va-a-topar-con-pared\/herodes-10\/\" rel=\"attachment wp-att-550480\"><img loading=\"lazy\" decoding=\"async\" class=\"alignleft wp-image-550480\" src=\"https:\/\/www.diarioimagen.net\/wp-content\/uploads\/2022\/06\/Herodes.jpg\" alt=\"\" width=\"99\" height=\"99\" \/><\/a><\/p>\n<h2>La ley de Herodes<\/h2>\n<h5>Jos\u00e9 Luis Monta\u00f1ez<\/h5>\n<p>&nbsp;<\/p>\n<p>&nbsp;<\/p>\n<p>&nbsp;<\/p>\n<ul>\n<li><strong><em>Que su apuesta es por el canciller, en su b\u00fasqueda por la candidatura<\/em><\/strong><\/li>\n<\/ul>\n<p>&nbsp;<\/p>\n<div id=\"attachment_583012\" style=\"width: 470px\" class=\"wp-caption aligncenter\"><a href=\"https:\/\/www.diarioimagen.net\/?attachment_id=583012\" rel=\"attachment wp-att-583012\"><img loading=\"lazy\" decoding=\"async\" aria-describedby=\"caption-attachment-583012\" class=\"size-full wp-image-583012\" src=\"https:\/\/www.diarioimagen.net\/wp-content\/uploads\/2023\/05\/herodes.jpg\" alt=\"\" width=\"460\" height=\"270\" \/><\/a><p id=\"caption-attachment-583012\" class=\"wp-caption-text\">Fernando Aboitiz Saro se declara marcelista de hueso colorado, en la carrera por la candidatura presidencial.<\/p><\/div>\n<p>&nbsp;<\/p>\n<p>Es tiempo de lealtades de picar piedra, de aguantar vara, de sudar la camiseta, de las intrigas de los cambios de camiseta o de jugar con dos cartas, dos bandos, dos partidos, para asegurar el \u201chueso\u201d en la sucesi\u00f3n presidencial de 2024.<\/p>\n<p>Aclara Fernando Aboitiz Saro, ex delegado pol\u00edtico en Miguel Hidalgo en la CDMX, ex diputado federal y nada menos que ex secretario de Obra P\u00fablica, cuando Marcelo Ebrard Casaubon se desempe\u00f1\u00f3 como jefe de Gobierno de la capital del pa\u00eds.<\/p>\n<p>Afirma, confirma y reafirma Aboitiz, con la mano en el coraz\u00f3n, que su apuesta es \u00fanicamente por el titular de Relaciones Exteriores, Marcelo Ebrard Casaubon, una de las tres \u201ccorcholatas\u201d destapadas por el presidente L\u00f3pez Obrador en su juego sucesorio.<\/p>\n<p>Bien, que Aboitiz aclare los malos entendidos y se declare marcelista de hueso colorado rumbo a la contienda presidencial de 2024, que se ve que en Morena se va a poner de a peso.<\/p>\n<p>Fernando Aboitiz Saro tiene entre otras encomiendas la de organizar los cuadros marcelistas en Quintana Roo, donde la gobernadora parece tener su corazoncito pintado de #EsClaudia.<\/p>\n<p>Este pasado fin de semana, Marcelo Ebrard debi\u00f3 haberse reunido con pescadores de Isla Mujeres, quienes, por cierto, ya no sienten lo duro, sino lo tupido con los cobros de \u201cpiso\u201d que les ha fijado el crimen organizado para poder laborar en paz, h\u00e1game usted el favor caro y querido lector.<\/p>\n<p>Y es que en este para\u00edso terrenal la delincuencia ha sentado sus reales y parece que cogobierna en los cuatro puntos cardinales, cobrando cuotas fijas o \u201cpiso\u201d para poder dejar trabajar sin ser molestado en sus comercios, empresas o embarcaciones, por no cubrir la renta que les imponen grupos delictivos.<\/p>\n<p>O sea que un comercio mediano grande o peque\u00f1o tiene que \u201centrarle con su cuerno\u201d porque de lo contrario puede sufrir las consecuencias.<\/p>\n<p>Adem\u00e1s, el sufrido empresario, emprendedor, gerente o encargado del lugar deber\u00e1 estar a las \u201cvivas\u201d para evitar sufrir da\u00f1os en sus locales o instrumentos de trabajo, pues en un abrir y cerrar de ojos puede ser v\u00edctima de un incendio o ataque con armas de fuego.<\/p>\n<p>Este problema ya ha cobrado innumerables v\u00edctimas, tanto f\u00edsicas como materiales, mientras las autoridades correspondientes salen con el sobado cuento de que se investigar\u00e1 hasta sus \u00faltimas consecuencias y\u00a0 \u201ccaiga quien caiga\u201d, sin que se aplique en serio la ley contra estos vivales.<\/p>\n<p>Esto ha hecho que el cobro de \u201cpiso\u201d se generalice por todas partes, en Canc\u00fan, Playa del Carmen, Cozumel, Tulum, Chetumal y anexas.<\/p>\n<p>Una pregunta es qu\u00e9 va a pasar cuando ya nadie quiera pagar impuestos al gobierno porque la autoridad no cumple con su deber de cuidar y velar por el ciudadano y sus bienes y sea el crimen organizado el que proporcione seguridad y los dem\u00e1s servicios a la comunidad.<\/p>\n<p>Vivimos en un pa\u00eds donde todo puede suceder, hasta que los hijos de los capos se diviertan en lujosos espacios conviviendo \u201csanamente\u201d con los v\u00e1stagos de nuestras m\u00e1ximas autoridades.<\/p>\n<p>Qu\u00e9 pa\u00eds..! Qu\u00e9 pa\u00eds..!<\/p>\n<p><strong>\u00a0<\/strong><em><a href=\"mailto:montanezaguilar@gmail.com\">montanezaguilar@gmail.com<\/a><\/em><\/p>\n","protected":false},"excerpt":{"rendered":"<p><span style=\"color: #005497;\"><strong>Jos\u00e9 Luis Monta\u00f1ez<\/strong><\/span><br \/>\n<br \/>\nEs tiempo de lealtades de picar piedra, de aguantar vara, de sudar la camiseta, de las intrigas de los cambios de camiseta o de jugar con dos cartas, dos bandos, dos partidos, para asegurar el \u201chueso\u201d en la sucesi\u00f3n presidencial de 2024.<\/p>\n","protected":false},"author":3,"featured_media":583012,"comment_status":"open","ping_status":"open","sticky":false,"template":"","format":"standard","meta":{"_monsterinsights_skip_tracking":false,"_monsterinsights_sitenote_active":false,"_monsterinsights_sitenote_note":"","_monsterinsights_sitenote_category":0,"footnotes":""},"categories":[11622],"tags":[54579,57256,43674],"class_list":["post-583005","post","type-post","status-publish","format-standard","has-post-thumbnail","hentry","category-jose-luis-montanez-aguilar","tag-jose-luis-montanez","tag-la-ley-de-herodes","tag-opinion"],"_links":{"self":[{"href":"https:\/\/www.diarioimagen.net\/index.php?rest_route=\/wp\/v2\/posts\/583005","targetHints":{"allow":["GET"]}}],"collection":[{"href":"https:\/\/www.diarioimagen.net\/index.php?rest_route=\/wp\/v2\/posts"}],"about":[{"href":"https:\/\/www.diarioimagen.net\/index.php?rest_route=\/wp\/v2\/types\/post"}],"author":[{"embeddable":true,"href":"https:\/\/www.diarioimagen.net\/index.php?rest_route=\/wp\/v2\/users\/3"}],"replies":[{"embeddable":true,"href":"https:\/\/www.diarioimagen.net\/index.php?rest_route=%2Fwp%2Fv2%2Fcomments&post=583005"}],"version-history":[{"count":0,"href":"https:\/\/www.diarioimagen.net\/index.php?rest_route=\/wp\/v2\/posts\/583005\/revisions"}],"wp:featuredmedia":[{"embeddable":true,"href":"https:\/\/www.diarioimagen.net\/index.php?rest_route=\/wp\/v2\/media\/583012"}],"wp:attachment":[{"href":"https:\/\/www.diarioimagen.net\/index.php?rest_route=%2Fwp%2Fv2%2Fmedia&parent=583005"}],"wp:term":[{"taxonomy":"category","embeddable":true,"href":"https:\/\/www.diarioimagen.net\/index.php?rest_route=%2Fwp%2Fv2%2Fcategories&post=583005"},{"taxonomy":"post_tag","embeddable":true,"href":"https:\/\/www.diarioimagen.net\/index.php?rest_route=%2Fwp%2Fv2%2Ftags&post=583005"}],"curies":[{"name":"wp","href":"https:\/\/api.w.org\/{rel}","templated":true}]}}