{"id":583072,"date":"2023-05-09T00:03:18","date_gmt":"2023-05-09T06:03:18","guid":{"rendered":"https:\/\/www.diarioimagen.net\/?p=583072"},"modified":"2023-05-09T02:15:14","modified_gmt":"2023-05-09T08:15:14","slug":"vamos-a-ganar-edomex-coahuila-y-la-presidencia-enrique-vargas-del-villar","status":"publish","type":"post","link":"https:\/\/www.diarioimagen.net\/?p=583072","title":{"rendered":"Vamos a ganar Edomex, Coahuila y la Presidencia: Enrique Vargas del Villar"},"content":{"rendered":"<p>&nbsp;<\/p>\n<p><a href=\"https:\/\/www.diarioimagen.net\/?attachment_id=583171\" rel=\"attachment wp-att-583171\"><img loading=\"lazy\" decoding=\"async\" class=\"aligncenter size-full wp-image-583171\" src=\"https:\/\/www.diarioimagen.net\/wp-content\/uploads\/2023\/05\/vamos-a-ganar.jpg\" alt=\"\" width=\"460\" height=\"270\" \/><\/a><\/p>\n<p>&nbsp;<\/p>\n<p><strong>Huixquiluc\u00e1n, Estado de M\u00e9xico.\u2014<\/strong> Enrique Vargas del Villar, coordinador nacional de los diputados y diputadas locales de Acci\u00f3n Nacional, durante una reuni\u00f3n plenaria de legisladores, reiter\u00f3 que el PAN es la primera fuerza de oposici\u00f3n en los congresos del pa\u00eds y eso es muestra de que la ciudadan\u00eda conf\u00eda en ellos.<\/p>\n<p>Acompa\u00f1ado del dirigente del Comit\u00e9 Ejecutivo Nacional del PAN, Marko Cort\u00e9s, del ex presidente de la Rep\u00fablica, Vicente Fox Quesada y del diputado Santiago Creel Miranda, destac\u00f3 que Acci\u00f3n Nacional est\u00e1 listo para ganar la Presidencia de la Rep\u00fablica en 2024 frente a un partido que todos los d\u00edas desde la ma\u00f1anera, le miente al pa\u00eds.<\/p>\n<p>\u201cEn el 2024 vamos a volver a ganar la Presidencia de M\u00e9xico, porque el pa\u00eds ya no aguanta m\u00e1s a este gobierno federal que miente todos los d\u00edas a los mexicanos\u201d.<\/p>\n","protected":false},"excerpt":{"rendered":"<p>Enrique Vargas del Villar, coordinador nacional de los diputados y diputadas locales de Acci\u00f3n Nacional, durante una reuni\u00f3n plenaria de legisladores, reiter\u00f3 que el PAN es la primera fuerza de oposici\u00f3n en los congresos del pa\u00eds y eso es muestra de que la ciudadan\u00eda conf\u00eda en ellos.<\/p>\n","protected":false},"author":3,"featured_media":583171,"comment_status":"open","ping_status":"open","sticky":false,"template":"","format":"standard","meta":{"_monsterinsights_skip_tracking":false,"_monsterinsights_sitenote_active":false,"_monsterinsights_sitenote_note":"","_monsterinsights_sitenote_category":0,"footnotes":""},"categories":[5],"tags":[38,47218],"class_list":["post-583072","post","type-post","status-publish","format-standard","has-post-thumbnail","hentry","category-estado-de-mexico","tag-coahuila","tag-enrique-vargas-del-villar"],"_links":{"self":[{"href":"https:\/\/www.diarioimagen.net\/index.php?rest_route=\/wp\/v2\/posts\/583072","targetHints":{"allow":["GET"]}}],"collection":[{"href":"https:\/\/www.diarioimagen.net\/index.php?rest_route=\/wp\/v2\/posts"}],"about":[{"href":"https:\/\/www.diarioimagen.net\/index.php?rest_route=\/wp\/v2\/types\/post"}],"author":[{"embeddable":true,"href":"https:\/\/www.diarioimagen.net\/index.php?rest_route=\/wp\/v2\/users\/3"}],"replies":[{"embeddable":true,"href":"https:\/\/www.diarioimagen.net\/index.php?rest_route=%2Fwp%2Fv2%2Fcomments&post=583072"}],"version-history":[{"count":0,"href":"https:\/\/www.diarioimagen.net\/index.php?rest_route=\/wp\/v2\/posts\/583072\/revisions"}],"wp:featuredmedia":[{"embeddable":true,"href":"https:\/\/www.diarioimagen.net\/index.php?rest_route=\/wp\/v2\/media\/583171"}],"wp:attachment":[{"href":"https:\/\/www.diarioimagen.net\/index.php?rest_route=%2Fwp%2Fv2%2Fmedia&parent=583072"}],"wp:term":[{"taxonomy":"category","embeddable":true,"href":"https:\/\/www.diarioimagen.net\/index.php?rest_route=%2Fwp%2Fv2%2Fcategories&post=583072"},{"taxonomy":"post_tag","embeddable":true,"href":"https:\/\/www.diarioimagen.net\/index.php?rest_route=%2Fwp%2Fv2%2Ftags&post=583072"}],"curies":[{"name":"wp","href":"https:\/\/api.w.org\/{rel}","templated":true}]}}