{"id":583204,"date":"2023-05-09T00:06:52","date_gmt":"2023-05-09T06:06:52","guid":{"rendered":"https:\/\/www.diarioimagen.net\/?p=583204"},"modified":"2023-05-09T02:49:11","modified_gmt":"2023-05-09T08:49:11","slug":"abierta-confrontacion","status":"publish","type":"post","link":"https:\/\/www.diarioimagen.net\/?p=583204","title":{"rendered":"Abierta confrontaci\u00f3n"},"content":{"rendered":"<h2>Aunque pese<\/h2>\n<h5>Salvador Mart\u00ednez Garc\u00eda<\/h5>\n<p>&nbsp;<\/p>\n<p>Los tres Poderes de la Uni\u00f3n, conforman en su conjunto al gobierno federal de M\u00e9xico y de acuerdo con el esp\u00edritu de las leyes de Montesquieu, recogido en la Constituci\u00f3n de la Rep\u00fablica, se dividen en Ejecutivo, Legislativo y Judicial.<\/p>\n<p>La intenci\u00f3n de esta divisi\u00f3n pol\u00edtica es el equilibrio de poderes con funciones muy espec\u00edficas: La administraci\u00f3n del gobierno por parte del Ejecutivo, la elaboraci\u00f3n de leyes y el marco jur\u00eddico por el Legislativo y la administraci\u00f3n de la justicia por parte del Judicial.<\/p>\n<p>La armon\u00eda entre ambos poderes es sustancial para un sano desarrollo de la naci\u00f3n, su divisi\u00f3n no debe implicar confrontaci\u00f3n, llegar a ella es elevado riesgo para el pa\u00eds mismo.<\/p>\n<p>Este lunes se llev\u00f3 a cabo en la Suprema Corte de Justicia de la Naci\u00f3n (SCJN) una sesi\u00f3n del pleno de ministros en el que se debi\u00f3 determinar la vigencia de las Reformas Legislativas de la primera parte del llamado \u201cplan B\u201d Electoral, las leyes generales de comunicaci\u00f3n social y de responsabilidades administrativas, mismas que el Poder Judicial declar\u00f3 inv\u00e1lidas \u201cpor violaciones graves al procedimiento legislativo\u201d.<\/p>\n<p>Ya antes, la Consejer\u00eda Jur\u00eddica de la Presidencia de la Rep\u00fablica hab\u00eda advertido que invalidar esas leyes violar\u00eda \u201cel principio de divisi\u00f3n de poderes y el equilibrio que debe existir entre estos\u201d.<\/p>\n<p>Despu\u00e9s de conocerse la decisi\u00f3n de la Corte, el gobierno federal, a trav\u00e9s del secretario de Gobernaci\u00f3n, Ad\u00e1n Augusto L\u00f3pez, critic\u00f3 la decisi\u00f3n y sostuvo que con ella defendi\u00f3 intereses particulares y no hizo respetar \u201cla voluntad de los representantes populares\u201d.<\/p>\n<p>Concluy\u00f3 que \u201cel pueblo mexicano busca recuperar la confianza en sus instituciones, pero la SCJN decidi\u00f3 seguir protegiendo intereses particulares\u201d.<\/p>\n<p>Esto marca una abierta confrontaci\u00f3n entre los poderes en M\u00e9xico que podr\u00eda agravarse cuando se resuelvan las reformas aprobadas el 22 de febrero pasado que complementan el llamado \u201cplan B\u201d electoral, ya impugnado por la oposici\u00f3n ante la Suprema Corte, que deber\u00e1 resolver en breve. La lucha hoy est\u00e1 clara, es m\u00e1s pol\u00edtico-ideol\u00f3gica, que jur\u00eddica. Veremos.<\/p>\n<p style=\"text-align: center;\"><strong>Susurros<\/strong><\/p>\n<p>Otra dif\u00edcil ruta ya iniciada es la de la lucha por conquistar la candidatura presidencial por Morena. Los esfuerzos de Mario Delgado por contener las ansias de las llamadas \u201ccorcholatas\u201d parecen in\u00fatiles.<\/p>\n<p>No s\u00f3lo se ahondar\u00e1n los golpes bajo la mesa, sino tambi\u00e9n arriba de ella, como ya lo hace Marcelo Ebrard al advertir que de no haber reglas claras en Morena el proceso se convertir\u00e1 en \u201cla ley de la selva\u201d.<\/p>\n<p>La unidad es b\u00e1sica en cualquier partido pol\u00edtico, m\u00e1s a\u00fan en el gobierno, pero hoy est\u00e1 amenazada.<\/p>\n<p><a href=\"mailto:salvadormartinez@visionmx.com\" target=\"_blank\" rel=\"noopener\"><em>salvadormartinez@visionmx.com<\/em><\/a><br \/>\n<em>Twitter: <a href=\"https:\/\/twitter.com\/salvador_mtz\" target=\"_blank\" rel=\"noopener\">@salvador_mtz<\/a><\/em><\/p>\n","protected":false},"excerpt":{"rendered":"<p><span style=\"color: #005497;\"><strong>Salvador Mart\u00ednez Garc\u00eda<\/strong><\/span><\/p>\n","protected":false},"author":3,"featured_media":0,"comment_status":"open","ping_status":"open","sticky":false,"template":"","format":"standard","meta":{"_monsterinsights_skip_tracking":false,"_monsterinsights_sitenote_active":false,"_monsterinsights_sitenote_note":"","_monsterinsights_sitenote_category":0,"footnotes":""},"categories":[96743],"tags":[96744,43674,96745],"class_list":["post-583204","post","type-post","status-publish","format-standard","hentry","category-salvador-martinez-garcia","tag-aunque-pese","tag-opinion","tag-salvador-martinez-garcia"],"_links":{"self":[{"href":"https:\/\/www.diarioimagen.net\/index.php?rest_route=\/wp\/v2\/posts\/583204","targetHints":{"allow":["GET"]}}],"collection":[{"href":"https:\/\/www.diarioimagen.net\/index.php?rest_route=\/wp\/v2\/posts"}],"about":[{"href":"https:\/\/www.diarioimagen.net\/index.php?rest_route=\/wp\/v2\/types\/post"}],"author":[{"embeddable":true,"href":"https:\/\/www.diarioimagen.net\/index.php?rest_route=\/wp\/v2\/users\/3"}],"replies":[{"embeddable":true,"href":"https:\/\/www.diarioimagen.net\/index.php?rest_route=%2Fwp%2Fv2%2Fcomments&post=583204"}],"version-history":[{"count":0,"href":"https:\/\/www.diarioimagen.net\/index.php?rest_route=\/wp\/v2\/posts\/583204\/revisions"}],"wp:attachment":[{"href":"https:\/\/www.diarioimagen.net\/index.php?rest_route=%2Fwp%2Fv2%2Fmedia&parent=583204"}],"wp:term":[{"taxonomy":"category","embeddable":true,"href":"https:\/\/www.diarioimagen.net\/index.php?rest_route=%2Fwp%2Fv2%2Fcategories&post=583204"},{"taxonomy":"post_tag","embeddable":true,"href":"https:\/\/www.diarioimagen.net\/index.php?rest_route=%2Fwp%2Fv2%2Ftags&post=583204"}],"curies":[{"name":"wp","href":"https:\/\/api.w.org\/{rel}","templated":true}]}}