{"id":583223,"date":"2023-05-10T00:01:50","date_gmt":"2023-05-10T06:01:50","guid":{"rendered":"https:\/\/www.diarioimagen.net\/?p=583223"},"modified":"2023-05-10T23:10:10","modified_gmt":"2023-05-11T05:10:10","slug":"propondra-lopez-obrador-que-ministros-de-la-scjn-sean-electos-por-voto-popular","status":"publish","type":"post","link":"https:\/\/www.diarioimagen.net\/?p=583223","title":{"rendered":"Propondr\u00e1 L\u00f3pez Obrador que ministros de la SCJN sean electos por voto popular"},"content":{"rendered":"<p>&nbsp;<\/p>\n<h3 style=\"text-align: center;\">Llama AMLO a ir por todo en 2024<\/h3>\n<p>&nbsp;<\/p>\n<ul>\n<li><em><strong>Acus\u00f3 el Presidente que el Poder Judicial est\u00e1 podrido y busca que regresen los conservadores<\/strong> <\/em><\/li>\n<\/ul>\n<p>&nbsp;<\/p>\n<div id=\"attachment_583298\" style=\"width: 470px\" class=\"wp-caption aligncenter\"><a href=\"https:\/\/www.diarioimagen.net\/?attachment_id=583298\" rel=\"attachment wp-att-583298\"><img loading=\"lazy\" decoding=\"async\" aria-describedby=\"caption-attachment-583298\" class=\"size-full wp-image-583298\" src=\"https:\/\/www.diarioimagen.net\/wp-content\/uploads\/2023\/05\/amlo-2.jpg\" alt=\"\" width=\"460\" height=\"270\" \/><\/a><p id=\"caption-attachment-583298\" class=\"wp-caption-text\">Andr\u00e9s Manuel L\u00f3pez Obrador acus\u00f3 que el Poder Judicial busca que los conservadores regresen, por lo que en 2024 propondr\u00e1 que los ministros sean electos por voto popular.<\/p><\/div>\n<p>&nbsp;<\/p>\n<p>Luego que la Suprema Corte de Justicia de la Naci\u00f3n (SCJN) sepultara la primera parte de su llamado \u201cplan B\u201d electoral por violaciones en el proceso legislativo, el presidente Andr\u00e9s Manuel L\u00f3pez Obrador acus\u00f3 este martes en su ma\u00f1anera que el Poder Judicial est\u00e1 podrido, por lo que en septiembre de 2024, con un nuevo Congreso, propondr\u00e1 que los ministros sean electos por voto popular directo.<\/p>\n<p>\u201cEl Poder Judicial no tiene remedio, est\u00e1 podrido. Est\u00e1n actuando de manera facciosa, imag\u00ednense componerle la plana al Poder Legislativo, es de sentido com\u00fan, de juicio pr\u00e1ctico.<\/p>\n<p>\u201cEl Poder Ejecutivo lo elige el pueblo, al Poder Legislativo lo mismo, se elige a diputados y senadores, el Poder Ejecutivo y Legislativo nombran a los ministros de la Corte y esos se\u00f1ores que forman parte del supremo poder conservador que est\u00e1n dedicados a obstaculizar la transformaci\u00f3n del pa\u00eds para sostener el viejo r\u00e9gimen de corrupci\u00f3n y privilegios.<\/p>\n<p>\u201cEllos deciden que una ley enviada, una iniciativa enviada por el Ejecutivo y aprobada por el Congreso no es v\u00e1lida porque los legisladores violaron procedimientos internos que ellos, los legisladores tienen aprobados de manera aut\u00f3noma e independiente; no violaron nada\u201d, se\u00f1al\u00f3 el jefe del Ejecutivo federal.<\/p>\n<p>El primer mandatario dijo que el \u201cplan C\u201d consistir\u00e1 en que su movimiento de transformaci\u00f3n pueda lograr la mayor\u00eda calificada en el Congreso y con ello se puedan promover iniciativas de reforma constitucional sin el apoyo de los partidos de oposici\u00f3n.<\/p>\n<p>\u201c\u00bfQu\u00e9 es lo que se tiene que hacer? Pues primero que se tenga mayor\u00eda calificada en el Congreso para que se puedan hacer reformas a la Constituci\u00f3n porque la mayor\u00eda simple no permite que haya reformas a la Constituci\u00f3n. Quienes est\u00e1n por la transformaci\u00f3n tienen mayor\u00eda pero no tienen mayor\u00eda calificada. Hay que ir por los 334 en la pr\u00f3xima elecci\u00f3n para poder llevar a cabo reformas constitucionales ese es el plan \u2018C\u2019\u201d, pidi\u00f3.<\/p>\n<p>Aunque en el pasado hab\u00eda descartado una reforma al Poder Judicial ya que buscaba que desde el interior se promovieran cambios a la estructura de elecci\u00f3n de jueces y magistrados, con la anulaci\u00f3n de las reformas a las leyes electorales termin\u00f3 por decantar a L\u00f3pez Obrador por un cambio desde el Poder Ejecutivo.<\/p>\n<p>\u201cPrimero tener mayor\u00eda calificada, que cuando se vaya a votar se piense en eso. Si se est\u00e1 contra del clasismo, el racismo y la corrupci\u00f3n, se piense eso al votar, que se piense en eso al elegir al presidente o presidenta, que sea parejo.<\/p>\n<p>\u201cA la hora de votar no se est\u00e9 pensando s\u00f3lo porque el presidente o la presidenta, no, el Congreso es important\u00edsimo y s\u00ed se puede alcanzar, si hoy fueran las elecciones se alcanzar\u00eda porque la gente est\u00e1 a favor de la transformaci\u00f3n\u201d, sostuvo.<\/p>\n<p>El lunes, el pleno de la Suprema Corte invalid\u00f3 el llamado \u201cplan B\u201d en materia electoral al considerar que hubo violaciones graves al procedimiento legislativo con el cual fue aprobado en el Congreso de la Uni\u00f3n el primer decreto de la reciente reforma electoral.<\/p>\n<p>Nueve ministros se pronunciaron a favor del proyecto de Alberto P\u00e9rez Day\u00e1n, el cual invalid\u00f3 las reformas a las leyes generales de Comunicaci\u00f3n Social y de Responsabilidades Administrativas. Las \u00fanicas dos ministras que votaron en contra del proyecto fueron Yasm\u00edn Esquivel y Loretta Ortiz.<\/p>\n","protected":false},"excerpt":{"rendered":"<p>Luego que la Suprema Corte de Justicia de la Naci\u00f3n (SCJN) sepultara la primera parte de su llamado \u201cplan B\u201d electoral por violaciones en el proceso legislativo, el presidente Andr\u00e9s Manuel L\u00f3pez Obrador acus\u00f3 este martes en su ma\u00f1anera que el Poder Judicial est\u00e1 podrido, por lo que en septiembre de 2024, con un nuevo Congreso, propondr\u00e1 que los ministros sean electos por voto popular directo.<\/p>\n","protected":false},"author":3,"featured_media":583298,"comment_status":"open","ping_status":"open","sticky":false,"template":"","format":"standard","meta":{"_monsterinsights_skip_tracking":false,"_monsterinsights_sitenote_active":false,"_monsterinsights_sitenote_note":"","_monsterinsights_sitenote_category":0,"footnotes":""},"categories":[3],"tags":[2545,97858,2852],"class_list":["post-583223","post","type-post","status-publish","format-standard","has-post-thumbnail","hentry","category-nacional","tag-amlo","tag-reves","tag-scjn"],"_links":{"self":[{"href":"https:\/\/www.diarioimagen.net\/index.php?rest_route=\/wp\/v2\/posts\/583223","targetHints":{"allow":["GET"]}}],"collection":[{"href":"https:\/\/www.diarioimagen.net\/index.php?rest_route=\/wp\/v2\/posts"}],"about":[{"href":"https:\/\/www.diarioimagen.net\/index.php?rest_route=\/wp\/v2\/types\/post"}],"author":[{"embeddable":true,"href":"https:\/\/www.diarioimagen.net\/index.php?rest_route=\/wp\/v2\/users\/3"}],"replies":[{"embeddable":true,"href":"https:\/\/www.diarioimagen.net\/index.php?rest_route=%2Fwp%2Fv2%2Fcomments&post=583223"}],"version-history":[{"count":0,"href":"https:\/\/www.diarioimagen.net\/index.php?rest_route=\/wp\/v2\/posts\/583223\/revisions"}],"wp:featuredmedia":[{"embeddable":true,"href":"https:\/\/www.diarioimagen.net\/index.php?rest_route=\/wp\/v2\/media\/583298"}],"wp:attachment":[{"href":"https:\/\/www.diarioimagen.net\/index.php?rest_route=%2Fwp%2Fv2%2Fmedia&parent=583223"}],"wp:term":[{"taxonomy":"category","embeddable":true,"href":"https:\/\/www.diarioimagen.net\/index.php?rest_route=%2Fwp%2Fv2%2Fcategories&post=583223"},{"taxonomy":"post_tag","embeddable":true,"href":"https:\/\/www.diarioimagen.net\/index.php?rest_route=%2Fwp%2Fv2%2Ftags&post=583223"}],"curies":[{"name":"wp","href":"https:\/\/api.w.org\/{rel}","templated":true}]}}