{"id":583231,"date":"2023-05-10T00:03:08","date_gmt":"2023-05-10T06:03:08","guid":{"rendered":"https:\/\/www.diarioimagen.net\/?p=583231"},"modified":"2023-05-10T02:21:18","modified_gmt":"2023-05-10T08:21:18","slug":"transporte-seguro-y-mas-eficiente-en-el-estado-promete-delfina-gomez","status":"publish","type":"post","link":"https:\/\/www.diarioimagen.net\/?p=583231","title":{"rendered":"Transporte seguro y m\u00e1s eficiente en el estado, promete Delfina G\u00f3mez"},"content":{"rendered":"<p>&nbsp;<\/p>\n<ul>\n<li><em><strong>Dice que crear\u00e1 nuevas rutas<\/strong><\/em><\/li>\n<\/ul>\n<p>&nbsp;<\/p>\n<div id=\"attachment_583326\" style=\"width: 470px\" class=\"wp-caption aligncenter\"><a href=\"https:\/\/www.diarioimagen.net\/?attachment_id=583326\" rel=\"attachment wp-att-583326\"><img loading=\"lazy\" decoding=\"async\" aria-describedby=\"caption-attachment-583326\" class=\"size-full wp-image-583326\" src=\"https:\/\/www.diarioimagen.net\/wp-content\/uploads\/2023\/05\/transporte-seguro.jpg\" alt=\"\" width=\"460\" height=\"270\" \/><\/a><p id=\"caption-attachment-583326\" class=\"wp-caption-text\">Delfina G\u00f3mez promete la creaci\u00f3n de nuevas rutas de transporte p\u00fablico, a fin de que se incremente la frecuencia y la capacidad del servicio.<\/p><\/div>\n<p>&nbsp;<\/p>\n<p><strong>Toluca, Estado de M\u00ebxico.\u2014<\/strong> Delfina G\u00f3mez, candidata a gobernadora del Estado de M\u00e9xico por Morena, PT y PVEM, asegur\u00f3 que fomentar\u00e1 y mejorar\u00e1 el transporte p\u00fablico y la conectividad en la entidad a trav\u00e9s de la creaci\u00f3n de nuevas rutas y la implementaci\u00f3n de una tarjeta \u00fanica, lo cual facilitar\u00e1 la movilidad de las y los mexiquenses.<\/p>\n<p>La candidata morenista indic\u00f3 que la falta de conectividad y la congesti\u00f3n vehicular, que se vive diariamente en el Estado de M\u00e9xico, se han convertido en los principales problemas de la entidad. \u201cEl tr\u00e1fico en la zona metropolitana impacta de manera negativa en la calidad de vida de las y los mexiquenses, ya que una persona puede perder m\u00e1s de 900 horas en el tr\u00e1nsito e invertir m\u00e1s de 12 mil pesos al a\u00f1o\u201d, se\u00f1al\u00f3.<\/p>\n<p>De acuerdo con sus \u201cPropuestas del Pueblo para el Cambio\u201d, Delfina G\u00f3mez implementar\u00e1 la creaci\u00f3n de nuevas rutas de transporte p\u00fablico a fin de que se incremente la frecuencia y la capacidad del servicio en la entidad.<\/p>\n<p>\u201cPensamos en millones de personas que diariamente salen a trabajar y que requieren de un transporte m\u00e1s eficiente y humano. Reordenaremos las rutas con visi\u00f3n metropolitana para que exista un transporte p\u00fablico m\u00e1s eficaz y accesible para todas y todos los mexiquenses\u201d, dijo Delfina G\u00f3mez.<\/p>\n<p>La candidata a Delfina G\u00f3mez agreg\u00f3 que tambi\u00e9n implementar\u00e1 una tarjeta \u00fanica para todas las modalidades de transporte urbano en el Estado de M\u00e9xico, a fin de que los usuarios puedan acceder a diferentes tipos de transporte, lo cual facilitar\u00e1 su uso y fomentar\u00e1 la movilidad urbana.<\/p>\n<p>Asimismo, la maestra Delfina G\u00f3mez destac\u00f3 que las inversiones en infraestructura de transporte son fundamentales para impulsar la econom\u00eda y mejorar la calidad de vida de los mexiquenses.<\/p>\n<p>\u201cLas administraciones pasadas han invertido poco en materia de infraestructura y han dejado inconclusas diversas obras, carreteras y espacios p\u00fablicos. Por lo tanto, la inversi\u00f3n debe enfocarse principalmente en fomentar la movilidad urbana impulsando diversos medios de transporte p\u00fablico\u201d, explic\u00f3 la maestra.<\/p>\n","protected":false},"excerpt":{"rendered":"<p>Delfina G\u00f3mez, candidata a gobernadora del Estado de M\u00e9xico por Morena, PT y PVEM, asegur\u00f3 que fomentar\u00e1 y mejorar\u00e1 el transporte p\u00fablico y la conectividad en la entidad a trav\u00e9s de la creaci\u00f3n de nuevas rutas y la implementaci\u00f3n de una tarjeta \u00fanica, lo cual facilitar\u00e1 la movilidad de las y los mexiquenses.<\/p>\n","protected":false},"author":3,"featured_media":583326,"comment_status":"open","ping_status":"open","sticky":false,"template":"","format":"standard","meta":{"_monsterinsights_skip_tracking":false,"_monsterinsights_sitenote_active":false,"_monsterinsights_sitenote_note":"","_monsterinsights_sitenote_category":0,"footnotes":""},"categories":[5],"tags":[57859,43675,452],"class_list":["post-583231","post","type-post","status-publish","format-standard","has-post-thumbnail","hentry","category-estado-de-mexico","tag-delfina-gomez-alvarez","tag-estado-de-mexico","tag-toluca"],"_links":{"self":[{"href":"https:\/\/www.diarioimagen.net\/index.php?rest_route=\/wp\/v2\/posts\/583231","targetHints":{"allow":["GET"]}}],"collection":[{"href":"https:\/\/www.diarioimagen.net\/index.php?rest_route=\/wp\/v2\/posts"}],"about":[{"href":"https:\/\/www.diarioimagen.net\/index.php?rest_route=\/wp\/v2\/types\/post"}],"author":[{"embeddable":true,"href":"https:\/\/www.diarioimagen.net\/index.php?rest_route=\/wp\/v2\/users\/3"}],"replies":[{"embeddable":true,"href":"https:\/\/www.diarioimagen.net\/index.php?rest_route=%2Fwp%2Fv2%2Fcomments&post=583231"}],"version-history":[{"count":0,"href":"https:\/\/www.diarioimagen.net\/index.php?rest_route=\/wp\/v2\/posts\/583231\/revisions"}],"wp:featuredmedia":[{"embeddable":true,"href":"https:\/\/www.diarioimagen.net\/index.php?rest_route=\/wp\/v2\/media\/583326"}],"wp:attachment":[{"href":"https:\/\/www.diarioimagen.net\/index.php?rest_route=%2Fwp%2Fv2%2Fmedia&parent=583231"}],"wp:term":[{"taxonomy":"category","embeddable":true,"href":"https:\/\/www.diarioimagen.net\/index.php?rest_route=%2Fwp%2Fv2%2Fcategories&post=583231"},{"taxonomy":"post_tag","embeddable":true,"href":"https:\/\/www.diarioimagen.net\/index.php?rest_route=%2Fwp%2Fv2%2Ftags&post=583231"}],"curies":[{"name":"wp","href":"https:\/\/api.w.org\/{rel}","templated":true}]}}