{"id":583239,"date":"2023-05-10T00:01:04","date_gmt":"2023-05-10T06:01:04","guid":{"rendered":"https:\/\/www.diarioimagen.net\/?p=583239"},"modified":"2023-05-10T22:24:07","modified_gmt":"2023-05-11T04:24:07","slug":"cede-inflacion-en-mexico-suma-tres-meses-a-la-baja-y-llega-a-6-25","status":"publish","type":"post","link":"https:\/\/www.diarioimagen.net\/?p=583239","title":{"rendered":"Cede inflaci\u00f3n en M\u00e9xico; suma tres meses a la baja y llega a 6.25%"},"content":{"rendered":"<p>&nbsp;<\/p>\n<h3 style=\"text-align: center;\">Habr\u00eda finalizado el endurecimiento de Banxico<\/h3>\n<p>&nbsp;<\/p>\n<ul>\n<li><strong><em>Abril es su nivel m\u00e1s bajo desde octubre de 2021, de acuerdo con el Inegi<\/em><\/strong><\/li>\n<\/ul>\n<p>&nbsp;<\/p>\n<div id=\"attachment_583307\" style=\"width: 470px\" class=\"wp-caption aligncenter\"><a href=\"https:\/\/www.diarioimagen.net\/?attachment_id=583307\" rel=\"attachment wp-att-583307\"><img loading=\"lazy\" decoding=\"async\" aria-describedby=\"caption-attachment-583307\" class=\"size-full wp-image-583307\" src=\"https:\/\/www.diarioimagen.net\/wp-content\/uploads\/2023\/05\/CEDE-INFLACION.jpg\" alt=\"\" width=\"460\" height=\"270\" \/><\/a><p id=\"caption-attachment-583307\" class=\"wp-caption-text\">El \u00edndice general de precios al consumidor se ubic\u00f3 en un 6.25% interanual, su nivel m\u00e1s bajo desde octubre de 2021.<\/p><\/div>\n<p>&nbsp;<\/p>\n<p>La inflaci\u00f3n interanual de M\u00e9xico desaceler\u00f3 en abril, por lo que el \u00edndice general de precios al consumidor se ubic\u00f3 en un 6.25% interanual, su nivel m\u00e1s bajo desde octubre de 2021, de acuerdo con cifras divulgadas este martes por el Instituto Nacional de Estad\u00edstica y Geograf\u00eda (Inegi). Analistas anticipaban una tasa de un 6.23%.<\/p>\n<p>La inflaci\u00f3n subyacente, considerada un mejor par\u00e1metro para medir la trayectoria de los precios, tambi\u00e9n descendi\u00f3 a un 7.67%, su menor nivel desde julio de 2022.<\/p>\n<p>A fines de marzo, el banco central increment\u00f3 la tasa clave en 25 puntos base a un nuevo m\u00e1ximo de un 11.25%, moderando el ritmo de su ciclo alcista, y advirti\u00f3 que su siguiente decisi\u00f3n programada para el 18 de mayo estar\u00eda en funci\u00f3n del panorama inflacionario. Una encuesta divulgada el viernes por Citibanamex mostr\u00f3 que la mayor\u00eda del mercado espera que Banxico, mantenga la tasa de inter\u00e9s sin cambios en su anuncio de la pr\u00f3xima semana, para luego comenzar a disminuirla. Banco de M\u00e9xico ha subido la tasa de fondeo en 725 puntos b\u00e1sicos desde mediados de 2021, luego de que la inflaci\u00f3n empez\u00f3 a acelerarse.<\/p>\n<p>S\u00f3lo en abril, los precios disminuyeron un 0.02% respecto al mes previo, mientras que el \u00edndice subyacente arroj\u00f3 una tasa del 0.39%.<\/p>\n<p>Por r\u00fabricas, los mayores incrementos interanuales se dieron nuevamente entre los alimentos y las bebidas no alcoh\u00f3licas (12.1%, ocho d\u00e9cimas menos que en marzo), mercanc\u00edas (9.54%, casi seis d\u00e9cimas por debajo) y otros servicios (7.10%, seis d\u00e9cimas menos que en el mes anterior).<\/p>\n<p style=\"text-align: center;\"><strong>Mercanc\u00edas presionan<\/strong><\/p>\n<p>\u00a0Si bien se espera que la desaceleraci\u00f3n en la inflaci\u00f3n contin\u00fae, el rubro de mercanc\u00edas contin\u00faa presionando al \u00edndice general.<\/p>\n<p>En abril, el rubro de mercanc\u00edas report\u00f3 un aumento de precios anual de 9.54 por ciento. El incremento se debi\u00f3, en mayor medida, al encarecimiento en 12.14% de los alimentos, bebidas y tabaco.<\/p>\n<p>En el caso de los servicios, la inflaci\u00f3n reportada fue de 5.46 por ciento.<\/p>\n<p>Con lo anterior, la inflaci\u00f3n subyacente, que elimina de su c\u00e1lculo los bienes y servicios con precios m\u00e1s vol\u00e1tiles, se ubic\u00f3 en 7.67%, desaceler\u00e1ndose significativamente desde el dato de marzo de 8.09 por ciento.<\/p>\n<p>En el caso de la inflaci\u00f3n no subyacente, esta se desaceler\u00f3 a 2.12% anual en abril, desde el dato previo de 3.27 por ciento.<\/p>\n<p>Dentro de sus rubros, los agropecuarios presentaron un aumento de precios de 6.13%, mientras que los energ\u00e9ticos y tarifas autorizadas por el gobierno disminuyeron 1.08 por ciento.<\/p>\n","protected":false},"excerpt":{"rendered":"<p>La inflaci\u00f3n interanual de M\u00e9xico desaceler\u00f3 en abril, por lo que el \u00edndice general de precios al consumidor se ubic\u00f3 en un 6.25% interanual, su nivel m\u00e1s bajo desde octubre de 2021, de acuerdo con cifras divulgadas este martes por el Instituto Nacional de Estad\u00edstica y Geograf\u00eda (Inegi). Analistas anticipaban una tasa de un 6.23%.<\/p>\n","protected":false},"author":3,"featured_media":583307,"comment_status":"open","ping_status":"open","sticky":false,"template":"","format":"standard","meta":{"_monsterinsights_skip_tracking":false,"_monsterinsights_sitenote_active":false,"_monsterinsights_sitenote_note":"","_monsterinsights_sitenote_category":0,"footnotes":""},"categories":[8],"tags":[1519,43678,932],"class_list":["post-583239","post","type-post","status-publish","format-standard","has-post-thumbnail","hentry","category-finanzas","tag-banxico","tag-finanzas","tag-inflacion"],"_links":{"self":[{"href":"https:\/\/www.diarioimagen.net\/index.php?rest_route=\/wp\/v2\/posts\/583239","targetHints":{"allow":["GET"]}}],"collection":[{"href":"https:\/\/www.diarioimagen.net\/index.php?rest_route=\/wp\/v2\/posts"}],"about":[{"href":"https:\/\/www.diarioimagen.net\/index.php?rest_route=\/wp\/v2\/types\/post"}],"author":[{"embeddable":true,"href":"https:\/\/www.diarioimagen.net\/index.php?rest_route=\/wp\/v2\/users\/3"}],"replies":[{"embeddable":true,"href":"https:\/\/www.diarioimagen.net\/index.php?rest_route=%2Fwp%2Fv2%2Fcomments&post=583239"}],"version-history":[{"count":0,"href":"https:\/\/www.diarioimagen.net\/index.php?rest_route=\/wp\/v2\/posts\/583239\/revisions"}],"wp:featuredmedia":[{"embeddable":true,"href":"https:\/\/www.diarioimagen.net\/index.php?rest_route=\/wp\/v2\/media\/583307"}],"wp:attachment":[{"href":"https:\/\/www.diarioimagen.net\/index.php?rest_route=%2Fwp%2Fv2%2Fmedia&parent=583239"}],"wp:term":[{"taxonomy":"category","embeddable":true,"href":"https:\/\/www.diarioimagen.net\/index.php?rest_route=%2Fwp%2Fv2%2Fcategories&post=583239"},{"taxonomy":"post_tag","embeddable":true,"href":"https:\/\/www.diarioimagen.net\/index.php?rest_route=%2Fwp%2Fv2%2Ftags&post=583239"}],"curies":[{"name":"wp","href":"https:\/\/api.w.org\/{rel}","templated":true}]}}