{"id":583364,"date":"2023-05-10T00:08:05","date_gmt":"2023-05-10T06:08:05","guid":{"rendered":"https:\/\/www.diarioimagen.net\/?p=583364"},"modified":"2023-05-10T02:50:12","modified_gmt":"2023-05-10T08:50:12","slug":"fin-de-la-emergencia-sanitaria","status":"publish","type":"post","link":"https:\/\/www.diarioimagen.net\/?p=583364","title":{"rendered":"Fin de la emergencia sanitaria"},"content":{"rendered":"<h2>Punto por punto<\/h2>\n<h5>Augusto Corro<\/h5>\n<p>&nbsp;<\/p>\n<p>Las autoridades sanitarias pusieron fin a la emergencia sanitaria establecida por la pandemia de Covid-19.<\/p>\n<p>Debe quedar claro que el virus fue controlado y seguir\u00e1 como enfermedad con car\u00e1cter estacional, como la influenza.<\/p>\n<p>Las vacunas fueron determinantes para enfrentar al contagio de Covid-19 y sus derivados, como la variante \u00d3micron.<\/p>\n<p>Fueron millones de personas las que perecieron al ser contagiadas por el mencionado virus.<\/p>\n<p>La pandemia tom\u00f3 desprevenidas a las autoridades sanitarias y a la poblaci\u00f3n.\u00a0 Al inicio de la pandemia no se contaba con la medicina para atacar al virus, tampoco se ten\u00edan los conocimientos para abatirlo.<\/p>\n<p>Tuvieron que pasar varios meses para que se empezaran a controlar los contagios del mencionado virus.<\/p>\n<p>Ahora, lo importante es aprovechar las experiencias que nos deja la pandemia: Vacunarse a tiempo, usar cubrebocas y aplicar las medidas sanitarias necesarias.<\/p>\n<p>Otro punto importante que debe tenerse presente es la atenci\u00f3n a las personas que no tienen defensas para evitar los contagios.<\/p>\n<p>M\u00e9xico tiene una poblaci\u00f3n con elevado \u00edndice de enfermedades que son campo propicio para el desarrollo del virus.<\/p>\n<p>Me refiero a quienes padecen enfermedades del coraz\u00f3n, diabetes, etc.<\/p>\n<p>Por Covid-19 millones de familias perdieron a sus seres queridos; predomin\u00f3 el aislamiento y se alteraron las relaciones sociales.<\/p>\n<p>Se trat\u00f3 de una experiencia amarga llena de dolor y tristeza en todo el mundo, que vuelve a respirar tranquilidad.<\/p>\n<p style=\"text-align: center;\"><strong>La paz en los partidos pol\u00edticos<\/strong><\/p>\n<p>Los priistas aprobaron que su dirigente, Alejandro Moreno C\u00e1rdenas (a) \u201cAlito\u201d contin\u00fae al frente del partido hasta el 2024.<\/p>\n<p>Inmediatamente, el l\u00edder tricolor advirti\u00f3 que no se admitir\u00e1n presiones internas para obtener dividendos pol\u00edticos. Entre las responsabilidades de jefe del PRI, a \u201cAlito\u201d le corresponder\u00e1 hacer frente al proceso electoral de 2024. Deber\u00e1 designar al representante ante la alianza Va por M\u00e9xico para que compita con los aspirantes de los otros partidos.\u00a0 En teor\u00eda, el acuerdo de la coalici\u00f3n es nombrar al precandidato que participe en las presidenciales de 2024.<\/p>\n<p>A la fecha, priva una relativa armon\u00eda entre la oposici\u00f3n que a\u00fan no tiene al abanderado que enfrente a las \u201ccorcholatas\u201d del partido Movimiento de Regeneraci\u00f3n Nacional (Morena).<\/p>\n<p>Cabe se\u00f1alar que los priistas le dieron el poder suficiente a \u201cAlito\u201d, quien podr\u00e1 decidir la suerte de quienes pretenden participar en las candidaturas para diputados y senadores.<\/p>\n<p>El propio l\u00edder priista levant\u00f3 la mano para que lo tomen en cuenta como precandidato presidencial.<\/p>\n<p style=\"text-align: center;\"><strong>La oposici\u00f3n, apagada<\/strong><\/p>\n<p>Mientras que en Morena est\u00e1 claro quien o quienes est\u00e1n en la lista de las \u201ccorcholatas\u201d, es decir aspirantes oficiales a la precandidatura presidencial, en la oposici\u00f3n siguen sin br\u00fajula.<\/p>\n<p>Son los morenistas quienes festejan que los aspirantes a la silla presidencial sean personajes que nada tienen que hacer en la pol\u00edtica.<\/p>\n<p>Entre los opositores se citan los nombres de Lilly T\u00e9llez y Santiago Creel. La primera es reconocida por sus esc\u00e1ndalos y sus discursos de extrema derecha.<\/p>\n<p>A Santiago Creel le lleg\u00f3 su segundo aire para continuar en la pol\u00edtica con sus mensajes apolillados.<\/p>\n<p>Lilly y Santiago empezaron bien en sus promociones y ambiciones pol\u00edticas, pero alguien los aconsej\u00f3 mal y se sometieron a la manera de hacer pol\u00edtica del ex presidente Vicente Fox.<\/p>\n<p>El guanajuatense les dio la bendici\u00f3n y los proclam\u00f3 \u201clos mes\u00edas\u201d que salvar\u00e1n a M\u00e9xico.<\/p>\n<p>Otros panistas se encuentran en la lista de aspirantes presidenciales, pero no los toman en cuenta.<\/p>\n<p>Quiz\u00e1s, la escasez de precandidatos blanquiazules mejore con la participaci\u00f3n de alg\u00fan personaje de la sociedad civil.<\/p>\n<p>En el PRI, la lucha interna se agudizar\u00e1 conforme se avance a las campa\u00f1as electorales de 2024.<\/p>\n<p>El Revolucionario Institucional se encuentra en la lona. En los comicios del pr\u00f3ximo mes de junio, es probable que gane el gobierno de Coahuila, pero a cambio perder\u00e1 su \u00faltimo basti\u00f3n, el Estado de M\u00e9xico.<\/p>\n<p>A los partidos que integran la alianza Va por M\u00e9xico (PAN, PRI y PRD, m\u00e1s que competir, lo que les interesa es sobrevivir.<\/p>\n<p>\u00bfUsted qu\u00e9 opina amable lector?<\/p>\n<p><a href=\"mailto:augustocorro2742@gmail.com\" target=\"_blank\" rel=\"noopener\"><em>augustocorro2742@gmail.com<\/em><\/a><\/p>\n","protected":false},"excerpt":{"rendered":"<p><span style=\"color: #005497;\"><strong>Augusto Corro<\/strong><\/span><\/p>\n","protected":false},"author":3,"featured_media":0,"comment_status":"open","ping_status":"open","sticky":false,"template":"","format":"standard","meta":{"_monsterinsights_skip_tracking":false,"_monsterinsights_sitenote_active":false,"_monsterinsights_sitenote_note":"","_monsterinsights_sitenote_category":0,"footnotes":""},"categories":[157],"tags":[43686,43674,11515],"class_list":["post-583364","post","type-post","status-publish","format-standard","hentry","category-augusto-corro","tag-augusto-corro","tag-opinion","tag-punto-por-punto"],"_links":{"self":[{"href":"https:\/\/www.diarioimagen.net\/index.php?rest_route=\/wp\/v2\/posts\/583364","targetHints":{"allow":["GET"]}}],"collection":[{"href":"https:\/\/www.diarioimagen.net\/index.php?rest_route=\/wp\/v2\/posts"}],"about":[{"href":"https:\/\/www.diarioimagen.net\/index.php?rest_route=\/wp\/v2\/types\/post"}],"author":[{"embeddable":true,"href":"https:\/\/www.diarioimagen.net\/index.php?rest_route=\/wp\/v2\/users\/3"}],"replies":[{"embeddable":true,"href":"https:\/\/www.diarioimagen.net\/index.php?rest_route=%2Fwp%2Fv2%2Fcomments&post=583364"}],"version-history":[{"count":0,"href":"https:\/\/www.diarioimagen.net\/index.php?rest_route=\/wp\/v2\/posts\/583364\/revisions"}],"wp:attachment":[{"href":"https:\/\/www.diarioimagen.net\/index.php?rest_route=%2Fwp%2Fv2%2Fmedia&parent=583364"}],"wp:term":[{"taxonomy":"category","embeddable":true,"href":"https:\/\/www.diarioimagen.net\/index.php?rest_route=%2Fwp%2Fv2%2Fcategories&post=583364"},{"taxonomy":"post_tag","embeddable":true,"href":"https:\/\/www.diarioimagen.net\/index.php?rest_route=%2Fwp%2Fv2%2Ftags&post=583364"}],"curies":[{"name":"wp","href":"https:\/\/api.w.org\/{rel}","templated":true}]}}