{"id":583410,"date":"2023-05-11T00:02:56","date_gmt":"2023-05-11T06:02:56","guid":{"rendered":"https:\/\/www.diarioimagen.net\/?p=583410"},"modified":"2023-05-12T01:55:08","modified_gmt":"2023-05-12T07:55:08","slug":"madres-buscadoras-celebran-el-10-de-mayo-con-marchas-en-el-pais","status":"publish","type":"post","link":"https:\/\/www.diarioimagen.net\/?p=583410","title":{"rendered":"Madres buscadoras \u201ccelebran\u201d el 10 de mayo con marchas en el pa\u00eds"},"content":{"rendered":"<p>&nbsp;<\/p>\n<ul>\n<li><em><strong>Afirman que no hay nada qu\u00e9 festejar<\/strong><\/em><\/li>\n<\/ul>\n<p>&nbsp;<\/p>\n<div id=\"attachment_583515\" style=\"width: 470px\" class=\"wp-caption aligncenter\"><a href=\"https:\/\/www.diarioimagen.net\/?attachment_id=583515\" rel=\"attachment wp-att-583515\"><img loading=\"lazy\" decoding=\"async\" aria-describedby=\"caption-attachment-583515\" class=\"size-full wp-image-583515\" src=\"https:\/\/www.diarioimagen.net\/wp-content\/uploads\/2023\/05\/MADRES-BUSCADORAS.jpg\" alt=\"\" width=\"460\" height=\"270\" \/><\/a><p id=\"caption-attachment-583515\" class=\"wp-caption-text\">Con protestas y marchas en distintas ciudades, madres buscadoras exigieron este 10 mayo la b\u00fasqueda de sus hijos e hijas desaparecidas.<\/p><\/div>\n<p>&nbsp;<\/p>\n<p>Con protestas y marchas en varias ciudades del pa\u00eds, madres buscadoras conmemoraron este 10 de mayo, pues aseguran que no hay nada que celebrar en un pa\u00eds con m\u00e1s de 100 mil personas desaparecidas.<\/p>\n<p>\u201cLa realidad es que no hay nada qu\u00e9 celebrar porque las autoridades han incumplido y m\u00e1s bien ponen obst\u00e1culos para quienes buscamos a nuestros hijos, por eso exigimos, el regreso de nuestros hijos e hijas es el regalo que queremos\u201d, dijo Mar\u00eda de la Luz L\u00f3pez Castruita, coordinadora General de la B\u00fasqueda Nacional en Vida por Nuestros Desaparecidos.<\/p>\n<p>La \u201cXII Marcha de la Dignidad Nacional madres buscando a sus hijas e hijos\u201d se realiz\u00f3 este 10 de mayo en la Ciudad de M\u00e9xico. El punto de encuentro fue el Monumento a la Madre ubicado en Avenida Insurgentes y Manuel Villalong\u00edn, en la alcald\u00eda Cuauht\u00e9moc, y avanzaron al \u00c1ngel de la Independencia.<\/p>\n<p>Tambi\u00e9n rindieron homenaje a las madres que han sido asesinadas en su labor de b\u00fasqueda, en particular, exigieron justicia por Teresa Magueyal, asesinada el 2 de mayo; as\u00ed como a las cinco madres buscadoras que fueron asesinadas en 2022.<\/p>\n<p>De acuerdo con Mar\u00eda de la Luz L\u00f3pez, quien realiza labores de b\u00fasqueda en campo, ante la falta de atenci\u00f3n y de inter\u00e9s de las autoridades, las familias salen a buscar a sus desaparecidos, \u201cy no s\u00f3lo nos exponemos a la indiferencia de autoridades y sociedad, si no a la violencia, inseguridad y amenazas del crimen organizado\u201d.<\/p>\n<p>En la movilizaci\u00f3n tambi\u00e9n participaron diversos familiares de personas v\u00edctimas de desaparici\u00f3n como padres, hermanas, hermanos, esposas, esposos, hijas e hijos. El contingente estuvo encabezado por diversas colectivas de madres buscadoras de diversas regiones del pa\u00eds. En Puebla, el colectivo Voz de los Desaparecidos inici\u00f3 su marcha a las 10:00 horas en la Fiscal\u00eda General del Estado.<\/p>\n<p>En Acapulco, Guerrero, familias en busca de desaparecidos realizaron una concentraci\u00f3n en la Diana Cazadora.<\/p>\n<p>El colectivo de \u201cBuscadoras por la paz\u201d convocaron a un acto en el municipio de Hermosillo, Sonora. Que inici\u00f3 en la Plaza Emiliana de Zubeld\u00eda, a las 17:00 horas y culmin\u00f3 en la Plaza Ignacio Zaragoza.<\/p>\n<p>En Oaxaca, el colectivo Oaxaque\u00f1os buscando a los nuestros, convocaron a una marcha del Parque Ju\u00e1rez hacia el Z\u00f3calo.<\/p>\n<p>En Coahuila, el colectivo Fuerzas Unidas por Nuestros Desaparecidos convoc\u00f3 a las 9 de la ma\u00f1ana en la Plaza Mayor de Torre\u00f3n y caminaron al \u00c1rbol de la Esperanza.<\/p>\n<p>En Veracruz, diferentes colectivos se reunieron en el Tranv\u00eda del Recuerdo a las 9 de la ma\u00f1ana, hasta llegar al faro Venustiano Carranza.<\/p>\n<p>Mientras tanto, Madres buscadoras de Chiapas realizaron una concentraci\u00f3n p\u00fablica en la plaza central de San Crist\u00f3bal de las Casas.<\/p>\n","protected":false},"excerpt":{"rendered":"<p>Con protestas y marchas en varias ciudades del pa\u00eds, madres buscadoras conmemoraron este 10 de mayo, pues aseguran que no hay nada que celebrar en un pa\u00eds con m\u00e1s de 100 mil personas desaparecidas.<\/p>\n","protected":false},"author":3,"featured_media":583515,"comment_status":"open","ping_status":"open","sticky":false,"template":"","format":"standard","meta":{"_monsterinsights_skip_tracking":false,"_monsterinsights_sitenote_active":false,"_monsterinsights_sitenote_note":"","_monsterinsights_sitenote_category":0,"footnotes":""},"categories":[3],"tags":[97866,52693,52278,43673],"class_list":["post-583410","post","type-post","status-publish","format-standard","has-post-thumbnail","hentry","category-nacional","tag-buscan","tag-celebran","tag-madres","tag-nacional"],"_links":{"self":[{"href":"https:\/\/www.diarioimagen.net\/index.php?rest_route=\/wp\/v2\/posts\/583410","targetHints":{"allow":["GET"]}}],"collection":[{"href":"https:\/\/www.diarioimagen.net\/index.php?rest_route=\/wp\/v2\/posts"}],"about":[{"href":"https:\/\/www.diarioimagen.net\/index.php?rest_route=\/wp\/v2\/types\/post"}],"author":[{"embeddable":true,"href":"https:\/\/www.diarioimagen.net\/index.php?rest_route=\/wp\/v2\/users\/3"}],"replies":[{"embeddable":true,"href":"https:\/\/www.diarioimagen.net\/index.php?rest_route=%2Fwp%2Fv2%2Fcomments&post=583410"}],"version-history":[{"count":0,"href":"https:\/\/www.diarioimagen.net\/index.php?rest_route=\/wp\/v2\/posts\/583410\/revisions"}],"wp:featuredmedia":[{"embeddable":true,"href":"https:\/\/www.diarioimagen.net\/index.php?rest_route=\/wp\/v2\/media\/583515"}],"wp:attachment":[{"href":"https:\/\/www.diarioimagen.net\/index.php?rest_route=%2Fwp%2Fv2%2Fmedia&parent=583410"}],"wp:term":[{"taxonomy":"category","embeddable":true,"href":"https:\/\/www.diarioimagen.net\/index.php?rest_route=%2Fwp%2Fv2%2Fcategories&post=583410"},{"taxonomy":"post_tag","embeddable":true,"href":"https:\/\/www.diarioimagen.net\/index.php?rest_route=%2Fwp%2Fv2%2Ftags&post=583410"}],"curies":[{"name":"wp","href":"https:\/\/api.w.org\/{rel}","templated":true}]}}