{"id":583416,"date":"2023-05-11T00:01:09","date_gmt":"2023-05-11T06:01:09","guid":{"rendered":"https:\/\/www.diarioimagen.net\/?p=583416"},"modified":"2023-05-11T01:35:46","modified_gmt":"2023-05-11T07:35:46","slug":"la-sociedad-bien-informada-dara-el-triunfo-a-alejandra-del-moral-afirma-lider-del-pan","status":"publish","type":"post","link":"https:\/\/www.diarioimagen.net\/?p=583416","title":{"rendered":"La sociedad bien informada dar\u00e1 el triunfo a Alejandra Del Moral, afirma l\u00edder del PAN"},"content":{"rendered":"<p>&nbsp;<\/p>\n<ul>\n<li><em><strong>\u201cTiene el mejor proyecto de gobierno\u201d<\/strong><\/em><\/li>\n<\/ul>\n<p><strong>\u00a0<\/strong><\/p>\n<h6>Arturo Baena<\/h6>\n<p>&nbsp;<\/p>\n<div id=\"attachment_583499\" style=\"width: 470px\" class=\"wp-caption aligncenter\"><a href=\"https:\/\/www.diarioimagen.net\/?attachment_id=583499\" rel=\"attachment wp-att-583499\"><img loading=\"lazy\" decoding=\"async\" aria-describedby=\"caption-attachment-583499\" class=\"size-full wp-image-583499\" src=\"https:\/\/www.diarioimagen.net\/wp-content\/uploads\/2023\/05\/sociedad-bien-informada.jpg\" alt=\"\" width=\"460\" height=\"270\" \/><\/a><p id=\"caption-attachment-583499\" class=\"wp-caption-text\">Anuar Azar Figueroa, l\u00edder del PAN en Edomex, afirma que ganar\u00e1 Alejandra Del Moral porque tiene el mejor proyecto de gobierno.<\/p><\/div>\n<p>&nbsp;<\/p>\n<p><strong>Naucalpan, Estado de M\u00e9xico.\u2014<\/strong> En la elecci\u00f3n del 4 de junio se juega el futuro de los pr\u00f3ximos 30 a\u00f1os en el Estado de M\u00e9xico y ganar\u00e1 Alejandra Del Moral porque tiene el mejor proyecto de gobierno, el mejor perfil y es la m\u00e1s capacitada para gobernar y lo volver\u00e1 a demostrar en el segundo debate.<\/p>\n<p>As\u00ed lo afirm\u00f3 el diputado federal Anuar Azar Figueroa, presidente del Partido Acci\u00f3n Nacional en el Estado de M\u00e9xico, al tiempo de expresar que \u201clos mexiquenses no queremos vivir como se est\u00e1 viviendo en Tamaulipas, Zacatecas o Colima, queremos que el Edomex siga teniendo tranquilidad\u201d.<\/p>\n<p>Indic\u00f3 que el proyecto de gobierno que representa Alejandra Del Moral ser\u00e1 un gobierno de coalici\u00f3n del PAN-PRI-PRD y NA, es un cambio real, un cambio de forma no s\u00f3lo un cambio de color. \u201cAle es la que conoce el estado, tiene el mejor proyecto y la capacidad para gobernar a las y los mexiquenses\u201d, dijo.<\/p>\n<p>\u201cSabemos que hay muchos pendientes, sabemos que hay muchos retos, que hay que trabajar en temas como seguridad, feminicidios, creaci\u00f3n de empleos y mejorar la infraestructura del Estado de M\u00e9xico. Pero tenemos claro que el cambio, no es un cambio de color, sino de c\u00f3mo gobernar y este proyecto no es un gobierno del PRI, es un gobierno de coalici\u00f3n, donde el PAN-PRI-PRD y NA, pero sobre todo la sociedad civil tendr\u00e1 una participaci\u00f3n real de poder de decisi\u00f3n\u201d, reiter\u00f3 Anuar Azar. Revel\u00f3 que la tendencia de Alejandra es en ascenso cada d\u00eda y ya alcanz\u00f3 a la otra candidata y le va a ganar.<\/p>\n<p>La sociedad est\u00e1 informada, es una sociedad que analiza lo que sucede en M\u00e9xico y ya tom\u00f3 dos veces la plaza m\u00e1s importante del pa\u00eds, que no tiene due\u00f1o y esa sociedad, que no tiene partido, le dar\u00e1 el triunfo a Alejandra Del Moral.<\/p>\n","protected":false},"excerpt":{"rendered":"<p>n la elecci\u00f3n del 4 de junio se juega el futuro de los pr\u00f3ximos 30 a\u00f1os en el Estado de M\u00e9xico y ganar\u00e1 Alejandra Del Moral porque tiene el mejor proyecto de gobierno, el mejor perfil y es la m\u00e1s capacitada para gobernar y lo volver\u00e1 a demostrar en el segundo debate.<\/p>\n","protected":false},"author":3,"featured_media":583499,"comment_status":"open","ping_status":"open","sticky":false,"template":"","format":"standard","meta":{"_monsterinsights_skip_tracking":false,"_monsterinsights_sitenote_active":false,"_monsterinsights_sitenote_note":"","_monsterinsights_sitenote_category":0,"footnotes":""},"categories":[5],"tags":[43675,970,97760],"class_list":["post-583416","post","type-post","status-publish","format-standard","has-post-thumbnail","hentry","category-estado-de-mexico","tag-estado-de-mexico","tag-naucalpan","tag-paulina-alejandra-del-moral-vela"],"_links":{"self":[{"href":"https:\/\/www.diarioimagen.net\/index.php?rest_route=\/wp\/v2\/posts\/583416","targetHints":{"allow":["GET"]}}],"collection":[{"href":"https:\/\/www.diarioimagen.net\/index.php?rest_route=\/wp\/v2\/posts"}],"about":[{"href":"https:\/\/www.diarioimagen.net\/index.php?rest_route=\/wp\/v2\/types\/post"}],"author":[{"embeddable":true,"href":"https:\/\/www.diarioimagen.net\/index.php?rest_route=\/wp\/v2\/users\/3"}],"replies":[{"embeddable":true,"href":"https:\/\/www.diarioimagen.net\/index.php?rest_route=%2Fwp%2Fv2%2Fcomments&post=583416"}],"version-history":[{"count":0,"href":"https:\/\/www.diarioimagen.net\/index.php?rest_route=\/wp\/v2\/posts\/583416\/revisions"}],"wp:featuredmedia":[{"embeddable":true,"href":"https:\/\/www.diarioimagen.net\/index.php?rest_route=\/wp\/v2\/media\/583499"}],"wp:attachment":[{"href":"https:\/\/www.diarioimagen.net\/index.php?rest_route=%2Fwp%2Fv2%2Fmedia&parent=583416"}],"wp:term":[{"taxonomy":"category","embeddable":true,"href":"https:\/\/www.diarioimagen.net\/index.php?rest_route=%2Fwp%2Fv2%2Fcategories&post=583416"},{"taxonomy":"post_tag","embeddable":true,"href":"https:\/\/www.diarioimagen.net\/index.php?rest_route=%2Fwp%2Fv2%2Ftags&post=583416"}],"curies":[{"name":"wp","href":"https:\/\/api.w.org\/{rel}","templated":true}]}}