{"id":583451,"date":"2023-05-11T00:01:47","date_gmt":"2023-05-11T06:01:47","guid":{"rendered":"https:\/\/www.diarioimagen.net\/?p=583451"},"modified":"2023-05-10T23:44:08","modified_gmt":"2023-05-11T05:44:08","slug":"golpe-a-la-yugular","status":"publish","type":"post","link":"https:\/\/www.diarioimagen.net\/?p=583451","title":{"rendered":"Golpe a la yugular"},"content":{"rendered":"<h2>De pe a pa<\/h2>\n<h5>Alberto Vieyra G.<\/h5>\n<p>&nbsp;<\/p>\n<p>La tremenda Corte de Justicia de la Naci\u00f3n le asest\u00f3 un hist\u00f3rico tremendo palo a la yugular de un rijoso Presidente de la Rep\u00fablica, sepultando el \u201cplan B\u201d de la reforma electoral por violaciones graves al Poder Legislativo.<\/p>\n<p>Fueron nueve ministros los que le asestaron el golpazo a la yugular de la 4T, por violaciones al proceso legislativo, es decir que no s\u00f3lo ser\u00eda inconstitucional, sino que fueron leyes secundarias hechas sobre las rodillas y sin haber pasado por las comisiones de rigor como lo marca la ley y, en suma, que esos senadores y diputados de la 4T y sus r\u00e9moras aliadas legislaron a lo g\u00fcey. Pa\u00b4qu\u00e9 le buscamos gl\u00e1ndulas mamarias del color guinda.<\/p>\n<p>\u00bfQu\u00e9 nos dice semejante trancazo jur\u00eddico y pol\u00edtico contra AMLO y su partido?<\/p>\n<p>La hist\u00f3rica resoluci\u00f3n de la Corte nos da dos lecturas inconfundibles: Primera, AMLO se convirti\u00f3 en el gran legislador y junto con su partido est\u00e1n legislando con el h\u00edgado y los pies. Y segunda, que ya rompieron con el Poder Judicial al que a toda costa buscan ensuciar de \u201ccorrupto, antidemocr\u00e1tico\u201d por excederse en sus funciones y de que los ministros de la Corte est\u00e1n podridos\u201d.<\/p>\n<p>Como un desesperado recurso pol\u00edtico, AMLO se hacer pasar como v\u00edctimas de uno de los 3 poderes del Estado mexicano y para endulzar los o\u00eddos de muchos millones de decepcionados electores que ven que Morena y el Presidente que pregonaban una Cuarta Transformaci\u00f3n de M\u00e9xico, resultaron unos vulgares politicastros o gobernantes chindinguas.<\/p>\n<p>Es probable que, en la mente de Andr\u00e9s Manuel L\u00f3pez Obrador exista la idea de hacer un cambio verdadero en la Administraci\u00f3n P\u00fablica Federal, pero esa transformaci\u00f3n debe darse mediante el di\u00e1logo con las fuerzas pol\u00edticas antag\u00f3nicas al partido del Presidente porque de otro modo estaremos hablando de una absoluta dictadura, que quiere cambiarlo todo <em>por sus pistolas<\/em> y sin tener las mayor\u00edas absolutas o calificadas que se requieren en el Senado y en la C\u00e1mara de Diputados para reformar la Carta Magna de la Rep\u00fablica.<\/p>\n<p>Y como la Corte ha hecho morder el polvo a AMLO, por su ignorancia y autoritarismo est\u00e1 dedicado en cuerpo y alma a desprestigiar a las instituciones olvidando que los ministros de la Corte son constitucionalistas de tiempo completo y que las resoluciones de la Corte son inatacables.<\/p>\n<p>AMLO cree que, con argucias, simulaciones pol\u00edticas y recurriendo a la destrucci\u00f3n de las instituciones a las que jur\u00f3 mandar al diablo, se hace ver como el segundo gobernante m\u00e1s popular del mundo y como la mism\u00edsima pureza democr\u00e1tica y pol\u00edtica de M\u00e9xico. Su desesperaci\u00f3n lo ha llevado a cometer hist\u00f3ricos e inadmisibles errores pol\u00edticos que lo har\u00e1n pasar a la historia como el Presidente m\u00e1s ignorante, populista y mentiroso que gobierna desde el p\u00falpito ma\u00f1anero con m\u00e1s de ciento dos mil mentiras con las que ha dividido y confrontado a los compatriotas haciendo dos M\u00e9xicos: Un M\u00e9xico de conservadores fif\u00eds ricos y el M\u00e9xico de chairos pobres.<\/p>\n<p>Vaya nefasto error en un Presidente que desconoce la ciencia pol\u00edtica y el respeto que debe prodigar a todos los mexicanos, sean de la condici\u00f3n que sean y vale la pena recordar al ilustre <em>Patricio<\/em> Benito Ju\u00e1rez, cuando sustentaba en aquel 1867, que \u201cnada por encima del mundo, nada por debajo de la ley, entre los individuos y entre las naciones <strong>el respeto al derecho ajeno es la paz<\/strong>\u201d \u2026 y la conservaci\u00f3n de los dientes, dir\u00eda yo.<\/p>\n<p>As\u00ed que el palo de la Corte a la yugular de AMLO y su nefasta 4T, evita la destrucci\u00f3n del INE y apoderarse de nuestros votos para perpetuar su dictadura comunista en M\u00e9xico, pero bien dec\u00eda el escritor uruguayo Mario Benedetti que \u201clas bestias terminan por lo regular devor\u00e1ndose a s\u00ed mismas\u201d.<\/p>\n<p><em><a href=\"mailto:info@agenciamn.com\" target=\"_blank\" rel=\"noopener noreferrer\">info@agenciamn.com<\/a><\/em><\/p>\n","protected":false},"excerpt":{"rendered":"<p><span style=\"color: #005497;\"><strong>Alberto Vieyra G.<\/strong><\/span><\/p>\n","protected":false},"author":3,"featured_media":0,"comment_status":"open","ping_status":"open","sticky":false,"template":"","format":"standard","meta":{"_monsterinsights_skip_tracking":false,"_monsterinsights_sitenote_active":false,"_monsterinsights_sitenote_note":"","_monsterinsights_sitenote_category":0,"footnotes":""},"categories":[4596],"tags":[43697,4597,43674],"class_list":["post-583451","post","type-post","status-publish","format-standard","hentry","category-alberto-vieyra-g","tag-alberto-vieyra-g","tag-de-pe-a-pa","tag-opinion"],"_links":{"self":[{"href":"https:\/\/www.diarioimagen.net\/index.php?rest_route=\/wp\/v2\/posts\/583451","targetHints":{"allow":["GET"]}}],"collection":[{"href":"https:\/\/www.diarioimagen.net\/index.php?rest_route=\/wp\/v2\/posts"}],"about":[{"href":"https:\/\/www.diarioimagen.net\/index.php?rest_route=\/wp\/v2\/types\/post"}],"author":[{"embeddable":true,"href":"https:\/\/www.diarioimagen.net\/index.php?rest_route=\/wp\/v2\/users\/3"}],"replies":[{"embeddable":true,"href":"https:\/\/www.diarioimagen.net\/index.php?rest_route=%2Fwp%2Fv2%2Fcomments&post=583451"}],"version-history":[{"count":0,"href":"https:\/\/www.diarioimagen.net\/index.php?rest_route=\/wp\/v2\/posts\/583451\/revisions"}],"wp:attachment":[{"href":"https:\/\/www.diarioimagen.net\/index.php?rest_route=%2Fwp%2Fv2%2Fmedia&parent=583451"}],"wp:term":[{"taxonomy":"category","embeddable":true,"href":"https:\/\/www.diarioimagen.net\/index.php?rest_route=%2Fwp%2Fv2%2Fcategories&post=583451"},{"taxonomy":"post_tag","embeddable":true,"href":"https:\/\/www.diarioimagen.net\/index.php?rest_route=%2Fwp%2Fv2%2Ftags&post=583451"}],"curies":[{"name":"wp","href":"https:\/\/api.w.org\/{rel}","templated":true}]}}