{"id":583554,"date":"2023-05-12T00:02:46","date_gmt":"2023-05-12T06:02:46","guid":{"rendered":"https:\/\/www.diarioimagen.net\/?p=583554"},"modified":"2023-05-12T02:05:42","modified_gmt":"2023-05-12T08:05:42","slug":"morena-y-su-candidata-delfina-gomez-alvarez-van-arriba-en-varias-encuestas","status":"publish","type":"post","link":"https:\/\/www.diarioimagen.net\/?p=583554","title":{"rendered":"Morena y su candidata Delfina G\u00f3mez \u00c1lvarez van arriba en varias encuestas"},"content":{"rendered":"<p>&nbsp;<\/p>\n<ul>\n<li><strong><em>Lucha por la gubernatura mexiquense<\/em><\/strong><\/li>\n<\/ul>\n<p>&nbsp;<\/p>\n<p><a href=\"https:\/\/www.diarioimagen.net\/?attachment_id=583648\" rel=\"attachment wp-att-583648\"><img loading=\"lazy\" decoding=\"async\" class=\"aligncenter wp-image-583648\" src=\"https:\/\/www.diarioimagen.net\/wp-content\/uploads\/2023\/05\/morena-candidata.jpg\" alt=\"\" width=\"420\" height=\"392\" \/><\/a><\/p>\n<p>&nbsp;<\/p>\n<p><strong>Toluca, Estado de M\u00e9xico.\u2014<\/strong> La m\u00e1s reciente encuesta estatal publicada por el Centro de Planeaci\u00f3n Estrat\u00e9gica y Prospectiva Pol\u00edtica, S.C. (CEPLAN) dio una ventaja de 22.8 puntos a la candidata a gobernadora del Estado de M\u00e9xico por Morena, PT y PVEM, Delfina G\u00f3mez \u00c1lvarez, sobre la candidata priista, Alejandra Del Moral.<\/p>\n<p>El estudio de opini\u00f3n publicado da a conocer que el 54.3 por ciento de los encuestados asegur\u00f3 tener preferencia por la maestra Delfina G\u00f3mez, en tanto, el 31.5 por ciento mencion\u00f3 preferir a la candidata Del Moral.<\/p>\n<p>Asimismo, la encuesta detalla que a la pregunta expresa de \u201c\u00bfUsted prefiere que en<\/p>\n<p>el Estado de M\u00e9xico siga gobernando el PRI o que gobierne otro partido?\u201d, el 70.8<\/p>\n<p>por ciento asegur\u00f3 que prefiere que gobierne otro partido y el 19.9 por ciento indic\u00f3 que siga gobernando el PRI.<\/p>\n<p>El estudio de opini\u00f3n de CEPLAN tambi\u00e9n refiere que el 54.2 por ciento de las personas encuestadas consideran que la maestra Delfina G\u00f3mez representa un cambio para el Estado de M\u00e9xico; as\u00ed como el 56.1 por ciento tiene una opini\u00f3n positiva de la candidata morenista Delfina G\u00f3mez, en contraste con el 34.9 por ciento de la abanderada de los partidos conservadores.<\/p>\n<p>Respecto a la pregunta de \u201c\u00bfqui\u00e9n considera que tuvo un mejor desempe\u00f1o en el debate?\u201d, el 49 por ciento asegur\u00f3 que la maestra Delfina G\u00f3mez, en tanto Del Moral cont\u00f3 con el 31.5 por ciento.<\/p>\n<p>En relaci\u00f3n a las preferencias de gobierno, el 59.9 por ciento de las personas encuestadas considera que el partido Morena gobernar\u00eda mejor el Estado de M\u00e9xico por el 22.2 por ciento que indic\u00f3 que el PRI.<\/p>\n","protected":false},"excerpt":{"rendered":"<p>La m\u00e1s reciente encuesta estatal publicada por el Centro de Planeaci\u00f3n Estrat\u00e9gica y Prospectiva Pol\u00edtica, S.C. (CEPLAN) dio una ventaja de 22.8 puntos a la candidata a gobernadora del Estado de M\u00e9xico por Morena, PT y PVEM, Delfina G\u00f3mez \u00c1lvarez, sobre la candidata priista, Alejandra Del Moral.<\/p>\n","protected":false},"author":3,"featured_media":583649,"comment_status":"open","ping_status":"open","sticky":false,"template":"","format":"standard","meta":{"_monsterinsights_skip_tracking":false,"_monsterinsights_sitenote_active":false,"_monsterinsights_sitenote_note":"","_monsterinsights_sitenote_category":0,"footnotes":""},"categories":[5],"tags":[43675,452],"class_list":["post-583554","post","type-post","status-publish","format-standard","has-post-thumbnail","hentry","category-estado-de-mexico","tag-estado-de-mexico","tag-toluca"],"_links":{"self":[{"href":"https:\/\/www.diarioimagen.net\/index.php?rest_route=\/wp\/v2\/posts\/583554","targetHints":{"allow":["GET"]}}],"collection":[{"href":"https:\/\/www.diarioimagen.net\/index.php?rest_route=\/wp\/v2\/posts"}],"about":[{"href":"https:\/\/www.diarioimagen.net\/index.php?rest_route=\/wp\/v2\/types\/post"}],"author":[{"embeddable":true,"href":"https:\/\/www.diarioimagen.net\/index.php?rest_route=\/wp\/v2\/users\/3"}],"replies":[{"embeddable":true,"href":"https:\/\/www.diarioimagen.net\/index.php?rest_route=%2Fwp%2Fv2%2Fcomments&post=583554"}],"version-history":[{"count":0,"href":"https:\/\/www.diarioimagen.net\/index.php?rest_route=\/wp\/v2\/posts\/583554\/revisions"}],"wp:featuredmedia":[{"embeddable":true,"href":"https:\/\/www.diarioimagen.net\/index.php?rest_route=\/wp\/v2\/media\/583649"}],"wp:attachment":[{"href":"https:\/\/www.diarioimagen.net\/index.php?rest_route=%2Fwp%2Fv2%2Fmedia&parent=583554"}],"wp:term":[{"taxonomy":"category","embeddable":true,"href":"https:\/\/www.diarioimagen.net\/index.php?rest_route=%2Fwp%2Fv2%2Fcategories&post=583554"},{"taxonomy":"post_tag","embeddable":true,"href":"https:\/\/www.diarioimagen.net\/index.php?rest_route=%2Fwp%2Fv2%2Ftags&post=583554"}],"curies":[{"name":"wp","href":"https:\/\/api.w.org\/{rel}","templated":true}]}}