{"id":583582,"date":"2023-05-12T00:00:25","date_gmt":"2023-05-12T06:00:25","guid":{"rendered":"https:\/\/www.diarioimagen.net\/?p=583582"},"modified":"2023-05-12T00:00:50","modified_gmt":"2023-05-12T06:00:50","slug":"ingresan-10-millones-60-mil-turistas-internacionales-en-el-primer-trimestre","status":"publish","type":"post","link":"https:\/\/www.diarioimagen.net\/?p=583582","title":{"rendered":"Ingresan 10 millones 60 mil turistas internacionales en el primer trimestre"},"content":{"rendered":"<h2>Hora 14<\/h2>\n<h5>Mauricio Conde Olivares<\/h5>\n<p>&nbsp;<\/p>\n<p>Cuando el desempe\u00f1o de una vida profesional o dedicada a los servicios da la oportunidad de tomar vacaciones pueden ocurrir dos cosas, que las disfrutes o que irremediablemente las sufras. En verdad, es muy dif\u00edcil planificar los tiempos de asueto y mucho m\u00e1s cumplir los objetivos deseados.<\/p>\n<p>Muchos de ustedes me entender\u00e1n y otros no sabr\u00e1n ni porqu\u00e9 se los comento, confieso que yo estaba entre estos \u00faltimos, porque durante muchos a\u00f1os evad\u00ed tomar mis vacaciones ya que soy un afortunado a quien le pagan por hacer algo que definitivamente desempe\u00f1ar\u00eda y lo digo literalmente, de forma gratuita.<\/p>\n<p>Toda esta experiencia <em>in comento<\/em> deriva personalmente de una deformaci\u00f3n del desarrollo de la personalidad al provenir de una familia que en la mayor\u00eda de sus liderazgos se dedic\u00f3 a la pol\u00edtica partidista, al activismo social o a las artes pl\u00e1sticas, y como primer nieto al escoger carrera opt\u00e9 por una diferente v\u00eda, la de la narrativa, porque cuando tuve oportunidad me inscrib\u00ed en la Escuela de Periodismo \u201cCarlos Septi\u00e9n Garc\u00eda\u201d.<\/p>\n<p>Craso error, pues ni siguiera hab\u00eda terminado el primer semestre de la carrera, cuando en cena navide\u00f1a, como muchas que viv\u00ed previamente en el seno familiar, rodeado de mis t\u00edos para variar escuchaba de prospectiva pol\u00edtica, de corrientes de opini\u00f3n a favor y contra el gobierno en ese entonces, y de pronto, el suegro de uno de mis t\u00edos, que por cierto era Senador de la Rep\u00fablica, Don Carlos Dufoo L\u00f3pez, coment\u00f3 la candidatura para diputado federal a favor de un integrante de la mesa.<\/p>\n<p>Se hizo un silencio profundo al tiempo que el aludido daba las gracias por la referencia, ante la tajante intervenci\u00f3n de mi abuela, que al menos en nuestra familia era la matriarca, en el sentido de detener cualquier comentario porque entre ellos estaba sentado un aspirante a comunicador y no hab\u00eda secrec\u00eda en la pl\u00e1tica. Entend\u00ed la alusi\u00f3n, me par\u00e9, ped\u00ed permiso para retirarme y termin\u00e9 en la cocina con mi plato navide\u00f1o.<\/p>\n<p>De esa forma, aprend\u00ed la trascendencia de la decisi\u00f3n que asum\u00ed al optar por el periodismo para el resto de mis d\u00edas, por ello qued\u00e9 al margen del abrevadero familiar, del or\u00e1culo de los Olivares y de los Sosamontes, pues desde casa y muy temprano\u00a0 aprend\u00ed lo que es la independencia del comunicador frente al inter\u00e9s pol\u00edtico-partidista, no se subordinan sino que ambas partes conviven y deben respetarse entre s\u00ed.<\/p>\n<p>Pero que tiene que ver este acervo con mi periodo vacacional, qu\u00e9 sirvi\u00f3 de catarsis para este a\u00f1o adentrarme en el minimalismo y descubrir que era un acumulador en potencia mismo que por salud mental tendr\u00eda que usar los d\u00edas libres para liberar peso de sus hombros, y eso significaba tirar a la basura todo aquello que no fuera absolutamente indispensable.<\/p>\n<p>De esta forma, adem\u00e1s de atesorar datos que sirvieran de contexto a mis contenidos,\u00a0 tambi\u00e9n descubr\u00ed que cada vez que cambiaba de trabajo, sin propon\u00e9rmelo racionalmente creaba una c\u00e1psula del tiempo.<\/p>\n<p>Resulta que he sostenido a lo largo de mi vida profesional que no dedico emociones al dejar un trabajo y buscar de inmediato otro; le llamo autoconfianza, pero lo cierto es que s\u00e9 me ha revelado en estas vacaciones que no conozco bien a Mauricio Conde.<\/p>\n<p>Me explico. En estas vacaciones opt\u00e9 por quedarme en casa y en consecuencia darle mantenimiento. Me enfrent\u00e9 de pronto a un c\u00famulo de cajas y cajas repletas de documentos, revistas, proyectos, textos, fotograf\u00edas, tr\u00edpticos y toda aquella papeler\u00eda de publicidad y propaganda partidista o no, entre otros.<\/p>\n<p>Lo cierto, es que dichas cajas eran lo que hab\u00eda acumulado en cada una de las oficinas que encabec\u00e9 en mis \u00faltimos cuatro empleos. Simplemente, terminaba mi relaci\u00f3n laboral, empacaba todo lo que ten\u00eda en esos momentos archiv\u00e1ndolo en cajas y nunca m\u00e1s las revisaba, pero s\u00ed las acumul\u00e9 en un cl\u00f3set que qued\u00f3 atiborrado.<\/p>\n<p>Pues en estas vacaciones las enfrent\u00e9 y debo aceptar que tard\u00e9 m\u00e1s de dos d\u00edas en revisar documento por documento para determinar qu\u00e9 ten\u00eda valor para conservarlo o para irse directo a la basura; fue agotador mental y f\u00edsicamente, con hallazgos importantes que aparte de m\u00ed a nadie realmente le importan, hasta creo que ni a m\u00ed.<\/p>\n<p>M\u00e1s de doce bolsas de pl\u00e1stico tama\u00f1o jumbo despu\u00e9s, escuch\u00e9 la campanita del cami\u00f3n de la basura y despu\u00e9s de abrir la puerta, tuve que tragarme los ir\u00f3nicos comentarios del empleado recolector al recibirlas, en el sentido de: \u00a1ahora s\u00ed hubo limpieza en casa!, \u00bfVerdad?<\/p>\n<p>Por otra parte, le comento que el secretario de Turismo del Gobierno de M\u00e9xico, Miguel Torruco Marqu\u00e9s, dio a conocer que el ingreso de divisas por concepto de visitantes internacionales en enero-marzo de 2023 fue de 8 mil 338 millones de d\u00f3lares, esto es 23.1% m\u00e1s comparado con el mismo periodo de 2022; y superando tambi\u00e9n con un 18.4% lo captado en el primer trimestre de 2019, que fueron 7 mil 45 millones de d\u00f3lares.<\/p>\n<p>El titular de la Secretar\u00eda de Turismo (Sectur) destac\u00f3 que, con base en los resultados de la Encuesta de Viajeros Internacionales publicados por el Instituto Nacional de Estad\u00edstica y Geograf\u00eda (INEGI), entre enero y marzo de 2023, 10 millones 60 mil turistas internacionales ingresaron al pa\u00eds, lo que representa 17.3% m\u00e1s respecto a lo captado en enero-marzo de 2022; estando a 9.2% de alcanzar los 11 millones 75 mil turistas internacionales que ingresaron en el mismo periodo de 2019.<\/p>\n<p>Indic\u00f3 que el ingreso de divisas por concepto de turistas internacionales en enero-marzo 2023, fue de 7 mil 773 millones de d\u00f3lares, lo que representa 21.5% m\u00e1s comparado con el primer trimestre de 2022; superando tambi\u00e9n con 20.1% las divisas del mismo periodo de 2019, que fueron 6 mil 471 millones de d\u00f3lares. Se\u00f1al\u00f3 que el gasto medio de los turistas internacionales en el periodo enero-marzo 2023 fue de 772.6 d\u00f3lares, lo que significa 3.5% m\u00e1s comparado con el primer trimestre de 2022, y superando tambi\u00e9n con 32.2% los 584.3 d\u00f3lares registrados en el mismo periodo de 2019.<\/p>\n<p>Torruco Marqu\u00e9s inform\u00f3 que, en los primeros tres meses del 2023, llegaron a M\u00e9xico 5 millones 912 mil turistas de internaci\u00f3n v\u00eda a\u00e9rea, esto representa 15.9% m\u00e1s comparado con el mismo periodo de 2022, superando tambi\u00e9n con un 6.9% los turistas de internaci\u00f3n v\u00eda a\u00e9rea captados en enero-marzo de 2019, que fueron 5 millones 527 mil turistas.<\/p>\n<p>Coment\u00f3 que el ingreso de divisas por turistas de internaci\u00f3n v\u00eda a\u00e9rea entre enero y marzo de 2023 tuvo un aumento de 20.5% contra los primeros tres meses de 2022, al registrar 7 mil 118 millones de d\u00f3lares, lo que representa tambi\u00e9n un incremento del 21.9% respecto a los 5 mil 838 millones de d\u00f3lares captados en el primer trimestre de 2019.<\/p>\n<p>Puntualiz\u00f3 que el gasto medio de los turistas de internaci\u00f3n v\u00eda a\u00e9rea durante enero-marzo de 2023 registr\u00f3 un mil 204 d\u00f3lares; con un crecimiento de 4% comparado con el mismo periodo de 2022, y superando con un 14% el gasto medio de un mil 56.2 d\u00f3lares, registrado en el primer trimestre de 2019. El secretario de Turismo subray\u00f3 que, entre enero y marzo de 2023, ingresaron al pa\u00eds 18 millones 807 mil visitantes internacionales, registrando un crecimiento de 25.9% respecto al primer trimestre de 2022; estando solo a 23.6% de alcanzar la llegada de visitantes internacionales del mismo periodo de 2019.<\/p>\n<p>Detall\u00f3 que, en el primer trimestre del a\u00f1o, arribaron a los diferentes puertos del pa\u00eds, 2 millones 923 mil pasajeros v\u00eda crucero, superando en 8.1% los 2 millones 705 mil cruceristas que llegaron en el mismo periodo de 2019.<\/p>\n<p>Agreg\u00f3 que, el ingreso de divisas por excursionistas en cruceros ascendi\u00f3 a 241 millones de d\u00f3lares, lo que representa un incremento de 28.5% lo captado en los primeros tres meses de 2019, cuando se registraron 187.5 millones de d\u00f3lares.<\/p>\n<p>El titular de Sectur inform\u00f3 que, en enero-marzo de 2023, el saldo de la balanza por concepto de visitantes internacionales fue de 6 mil 607 millones de d\u00f3lares, esto es 19.9% m\u00e1s a lo registrado en el primer trimestre de 2022; superando tambi\u00e9n con un 40.1% el saldo de d\u00f3lares captados en el mismo periodo de 2019.<\/p>\n<p>El titular de Sectur reiter\u00f3 que, con base en los indicadores de los primeros tres meses del a\u00f1o, se podr\u00eda aseverar que para el cierre de 2023, M\u00e9xico captar\u00e1 31 mil 169 millones de d\u00f3lares por visitantes internacionales, al enfocarse en la captaci\u00f3n de divisas y el gasto per c\u00e1pita. De esta manera, nuestro pa\u00eds se consolidar\u00e1 como potencia tur\u00edstica en lo econ\u00f3mico, y los beneficios permear\u00e1n hacia las comunidades de las 235 plazas con vocaci\u00f3n tur\u00edstica, en cumplimiento de la instrucci\u00f3n del presidente Andr\u00e9s Manuel L\u00f3pez Obrador, de hacer del turismo una herramienta de reconciliaci\u00f3n social.<\/p>\n<p>Ahora, le informo que Quintana Roo ratific\u00f3 su liderazgo tur\u00edstico y calidad en sus servicios al recibir 391 Certificados y Distintivos para 77 empresas de Oth\u00f3n P. Blanco, Puerto Morelos, L\u00e1zaro C\u00e1rdenas, Isla Mujeres, Cozumel, Tulum, Benito Ju\u00e1rez y Solidaridad, en un evento que encabez\u00f3 la gobernadora Mara Lezama Espinosa.<\/p>\n<p>A nivel nacional, Quintana Roo ocupa el primer lugar nacional con la entrega de Distintivos H, reconocimiento que otorga la Sectur y la Secretar\u00eda de Salud a aquellos establecimientos fijos de alimentos y bebidas, por cumplir con est\u00e1ndares de higiene que marca la norma mexicana; empero, lo anterior ser\u00e1 motivo de otro an\u00e1lisis en posterior entrega de <strong><em>Hora 14<\/em><\/strong>.<\/p>\n<p><em><a href=\"mailto:%20mauricio_conde@msn.com\" target=\"_blank\" rel=\"noopener noreferrer\">mauricioconde59@outlook.com<\/a><\/em><br \/>\n<em>Twitter: <a href=\"https:\/\/twitter.com\/mauconde\" target=\"_blank\" rel=\"noopener\">@mauconde<\/a><\/em><\/p>\n","protected":false},"excerpt":{"rendered":"<p><span style=\"color: #005497;\"><strong>Mauricio Conde Olivares<\/strong><\/span><\/p>\n","protected":false},"author":3,"featured_media":0,"comment_status":"open","ping_status":"open","sticky":false,"template":"","format":"standard","meta":{"_monsterinsights_skip_tracking":false,"_monsterinsights_sitenote_active":false,"_monsterinsights_sitenote_note":"","_monsterinsights_sitenote_category":0,"footnotes":""},"categories":[35889],"tags":[43712,43674,44860],"class_list":["post-583582","post","type-post","status-publish","format-standard","hentry","category-mauricio-conde-olivares","tag-mauricio-conde-olivares","tag-opinion","tag-hora-14"],"_links":{"self":[{"href":"https:\/\/www.diarioimagen.net\/index.php?rest_route=\/wp\/v2\/posts\/583582","targetHints":{"allow":["GET"]}}],"collection":[{"href":"https:\/\/www.diarioimagen.net\/index.php?rest_route=\/wp\/v2\/posts"}],"about":[{"href":"https:\/\/www.diarioimagen.net\/index.php?rest_route=\/wp\/v2\/types\/post"}],"author":[{"embeddable":true,"href":"https:\/\/www.diarioimagen.net\/index.php?rest_route=\/wp\/v2\/users\/3"}],"replies":[{"embeddable":true,"href":"https:\/\/www.diarioimagen.net\/index.php?rest_route=%2Fwp%2Fv2%2Fcomments&post=583582"}],"version-history":[{"count":0,"href":"https:\/\/www.diarioimagen.net\/index.php?rest_route=\/wp\/v2\/posts\/583582\/revisions"}],"wp:attachment":[{"href":"https:\/\/www.diarioimagen.net\/index.php?rest_route=%2Fwp%2Fv2%2Fmedia&parent=583582"}],"wp:term":[{"taxonomy":"category","embeddable":true,"href":"https:\/\/www.diarioimagen.net\/index.php?rest_route=%2Fwp%2Fv2%2Fcategories&post=583582"},{"taxonomy":"post_tag","embeddable":true,"href":"https:\/\/www.diarioimagen.net\/index.php?rest_route=%2Fwp%2Fv2%2Ftags&post=583582"}],"curies":[{"name":"wp","href":"https:\/\/api.w.org\/{rel}","templated":true}]}}