{"id":583691,"date":"2023-05-15T00:02:27","date_gmt":"2023-05-15T06:02:27","guid":{"rendered":"https:\/\/www.diarioimagen.net\/?p=583691"},"modified":"2023-05-15T01:25:10","modified_gmt":"2023-05-15T07:25:10","slug":"se-trabajara-para-un-suficiente-abasto-de-agua-potable-en-edomex-del-moral","status":"publish","type":"post","link":"https:\/\/www.diarioimagen.net\/?p=583691","title":{"rendered":"Se trabajar\u00e1 para un suficiente abasto de agua potable en Edomex: Del Moral"},"content":{"rendered":"<p>&nbsp;<\/p>\n<ul>\n<li><strong><em>Recorrido por Santa Mar\u00eda Chimalhuac\u00e1n<\/em><\/strong><\/li>\n<\/ul>\n<p><strong>\u00a0<\/strong><\/p>\n<h6>Arturo Baena<\/h6>\n<p>&nbsp;<\/p>\n<div id=\"attachment_583808\" style=\"width: 470px\" class=\"wp-caption aligncenter\"><a href=\"https:\/\/www.diarioimagen.net\/?attachment_id=583808\" rel=\"attachment wp-att-583808\"><img loading=\"lazy\" decoding=\"async\" aria-describedby=\"caption-attachment-583808\" class=\"size-full wp-image-583808\" src=\"https:\/\/www.diarioimagen.net\/wp-content\/uploads\/2023\/05\/se-trabajara.jpg\" alt=\"\" width=\"460\" height=\"270\" \/><\/a><p id=\"caption-attachment-583808\" class=\"wp-caption-text\">La aliancista Alejandra Del Moral fue arropada por simpatizantes en su visita al ejido de Santa Mar\u00eda Chimalhuac\u00e1n.<\/p><\/div>\n<p>&nbsp;<\/p>\n<p><strong>Valle de M\u00e9xico.\u2014<\/strong> Entre militantes y simpatizantes que la arroparon, Alejandra Del Moral, candidata de la coalici\u00f3n Va por el Estado de M\u00e9xico, asegur\u00f3 que no le va a permitir a Morena destruir la entidad y trabajar\u00e1 por atender el suministro de agua en la entidad mexiquense.<\/p>\n<p>\u201cEl Estado de M\u00e9xico es sagrado, no se toca y no le vamos a permitir a Morena que venga a destruir nuestra casa que es el Estado de M\u00e9xico\u201d, dijo la ex alcaldesa ante cientos de simpatizantes aliancistas. Comprometida con las causas que aquejan a la comunidad del Ejido de Santa Mar\u00eda Chimalhuac\u00e1n, Del Moral dijo que siempre dar\u00e1 la cara porque no necesita que le hagan campa\u00f1a.<\/p>\n<p>\u201cPor eso vine a este ejido a dar la cara, yo s\u00ed vengo, yo no necesito que hagan campa\u00f1a por m\u00ed, ac\u00e1 estoy, cerca de la gente y dando la cara, vamos a trabajar juntas y juntos para que le vaya bien al Ejido de Santa Mar\u00eda Chimalhuac\u00e1n\u201d.<\/p>\n<p>En materia de salud, la abanderada del PRI, PAN, PRD y Nueva Alianza, dijo que rehabilitar\u00e1 y equipar\u00e1 \u201cla cl\u00ednica de consulta del ISSEMyM, vamos a realizar un programa integral de regularizaci\u00f3n de tenencia de la tierra para que tengan sus escrituras\u201d. Adem\u00e1s, la ex alcaldesa reiter\u00f3 su trabajo en coordinaci\u00f3n con autoridades municipales m\u00e1s all\u00e1 de colores de partido y dijo:\u00a0 \u201cA ustedes lo que les interesa son resultados y repavimentar las calles principales de la cabecera municipal, pero sobre todo un programa integral para pavimentar las calles del ejido Santa Mar\u00eda Chimalhuac\u00e1n\u201d.<\/p>\n<p>Entre los problemas que aquejan a los habitantes de la zona, es la distribuci\u00f3n del agua potable en los hogares de los mexiquenses de esa regi\u00f3n por lo que adem\u00e1s de rehabilitar, buscar\u00e1 relocalizar los pozos de agua y construir m\u00e1s redes para su distribuci\u00f3n.<\/p>\n","protected":false},"excerpt":{"rendered":"<p>Entre militantes y simpatizantes que la arroparon, Alejandra Del Moral, candidata de la coalici\u00f3n Va por el Estado de M\u00e9xico, asegur\u00f3 que no le va a permitir a Morena destruir la entidad y trabajar\u00e1 por atender el suministro de agua en la entidad mexiquense.<\/p>\n","protected":false},"author":3,"featured_media":583808,"comment_status":"open","ping_status":"open","sticky":false,"template":"","format":"standard","meta":{"_monsterinsights_skip_tracking":false,"_monsterinsights_sitenote_active":false,"_monsterinsights_sitenote_note":"","_monsterinsights_sitenote_category":0,"footnotes":""},"categories":[5],"tags":[48318,2833,34],"class_list":["post-583691","post","type-post","status-publish","format-standard","has-post-thumbnail","hentry","category-estado-de-mexico","tag-abasto-de-agua","tag-alejandra-del-moral-vela","tag-valle-de-mexico"],"_links":{"self":[{"href":"https:\/\/www.diarioimagen.net\/index.php?rest_route=\/wp\/v2\/posts\/583691","targetHints":{"allow":["GET"]}}],"collection":[{"href":"https:\/\/www.diarioimagen.net\/index.php?rest_route=\/wp\/v2\/posts"}],"about":[{"href":"https:\/\/www.diarioimagen.net\/index.php?rest_route=\/wp\/v2\/types\/post"}],"author":[{"embeddable":true,"href":"https:\/\/www.diarioimagen.net\/index.php?rest_route=\/wp\/v2\/users\/3"}],"replies":[{"embeddable":true,"href":"https:\/\/www.diarioimagen.net\/index.php?rest_route=%2Fwp%2Fv2%2Fcomments&post=583691"}],"version-history":[{"count":0,"href":"https:\/\/www.diarioimagen.net\/index.php?rest_route=\/wp\/v2\/posts\/583691\/revisions"}],"wp:featuredmedia":[{"embeddable":true,"href":"https:\/\/www.diarioimagen.net\/index.php?rest_route=\/wp\/v2\/media\/583808"}],"wp:attachment":[{"href":"https:\/\/www.diarioimagen.net\/index.php?rest_route=%2Fwp%2Fv2%2Fmedia&parent=583691"}],"wp:term":[{"taxonomy":"category","embeddable":true,"href":"https:\/\/www.diarioimagen.net\/index.php?rest_route=%2Fwp%2Fv2%2Fcategories&post=583691"},{"taxonomy":"post_tag","embeddable":true,"href":"https:\/\/www.diarioimagen.net\/index.php?rest_route=%2Fwp%2Fv2%2Ftags&post=583691"}],"curies":[{"name":"wp","href":"https:\/\/api.w.org\/{rel}","templated":true}]}}