{"id":583697,"date":"2023-05-15T00:02:00","date_gmt":"2023-05-15T06:02:00","guid":{"rendered":"https:\/\/www.diarioimagen.net\/?p=583697"},"modified":"2023-05-15T01:21:38","modified_gmt":"2023-05-15T07:21:38","slug":"fernando-delgadillo-ofrecera-un-show-con-su-trova-de-ayer-y-hoy","status":"publish","type":"post","link":"https:\/\/www.diarioimagen.net\/?p=583697","title":{"rendered":"Fernando Delgadillo ofrecer\u00e1 un show con su trova de ayer y hoy"},"content":{"rendered":"<p>&nbsp;<\/p>\n<h3 style=\"text-align: center;\">El 20 de mayo en Sal\u00f3n Las Tertulias<\/h3>\n<p>&nbsp;<\/p>\n<ul>\n<li><strong><em>El cantautor estrenar\u00e1 temas y complacer\u00e1 peticiones en una noche inolvidable<\/em><\/strong><\/li>\n<\/ul>\n<p><strong>\u00a0<\/strong><\/p>\n<h6>Arturo Arellano<\/h6>\n<p>&nbsp;<\/p>\n<div id=\"attachment_583800\" style=\"width: 470px\" class=\"wp-caption aligncenter\"><a href=\"https:\/\/www.diarioimagen.net\/?attachment_id=583800\" rel=\"attachment wp-att-583800\"><img loading=\"lazy\" decoding=\"async\" aria-describedby=\"caption-attachment-583800\" class=\"size-full wp-image-583800\" src=\"https:\/\/www.diarioimagen.net\/wp-content\/uploads\/2023\/05\/FERNANDO03.jpg\" alt=\"\" width=\"460\" height=\"270\" \/><\/a><p id=\"caption-attachment-583800\" class=\"wp-caption-text\">Fernando Delgadillo, es uno de los trovadores m\u00e1s reconocidos de M\u00e9xico y Latinoam\u00e9rica, con un repertorio entre el amor, el desamor y los temas de causa social.<\/p><\/div>\n<p>&nbsp;<\/p>\n<p>Fernando Delgadillo, es por hoy uno de los trovadores m\u00e1s reconocidos de M\u00e9xico y Latinoam\u00e9rica, con un repertorio que oscila entre el amor, el desamor y los temas de causa social, que fusiona perfectamente en cada una de sus presentaciones.<\/p>\n<p>Ahora bien, ofrecer\u00e1 un show intimo este 20 de mayo en el Sal\u00f3n Las Tertulias de la Ciudad de M\u00e9xico, hasta donde llegar\u00e1, incluso, con temas nuevos, que ser\u00e1n estrenados esa misma noche, por lo que te invita a no perderte de lo que ser\u00e1 uno de sus conciertos m\u00e1s completos.<\/p>\n<p>El \u00eddolo de j\u00f3venes y adultos, platic\u00f3 los detalles en entrevista para <strong>DIARIOIMAGEN<\/strong>, empezando por decir que este recinto es tambi\u00e9n nuevo para \u00e9l \u201cMe va a tocar conocerlo, no me he presentado antes, ser\u00e1 un encuentro con todos aquellos que quieran estar con nosotros, el tiempo a veces es en contra y a veces a favor, no se sabe, hasta el mero momento, pero tengo un repertorio dividido en dos partes, primero las que preparo para mi concierto, temas favoritos, canciones un poco m\u00e1s tra\u00eddas del pasado, incluso, algunas nuevas\u201d dijo.<\/p>\n<p>Mientras que la segunda parte son las peticiones, \u201clo que nos va encargando el p\u00fablico en general, sobre todo canciones que canto solo en los conciertos y que la gente recibe muy bien. Sobre los temas nuevos, puedo decir que la primera impresi\u00f3n siempre es un poco esperando algo parecido a lo anterior, pero a veces sucede a veces no. Regularmente he tenido suerte en eso, a la gente le gustan\u201d.<\/p>\n<p>Asimismo, celebr\u00f3 que tiene p\u00fablico de todo tipo \u201cesa es la verdad, de repente me van a ver los de mi generaci\u00f3n, luego los padres de mi generaci\u00f3n, los hijos y hasta los nietos, depende el foro, hay teatros que permiten todas las edades y otros que no, como los bares, pero si he tenido de todo, eso me da mucho gusto, porque de alguna manera las canciones se van heredando\u201d.<\/p>\n<p style=\"text-align: center;\"><strong>Cada canci\u00f3n es un ser particular<\/strong><\/p>\n<p>Y en esta enorme carrera musical, reconoce que siempre est\u00e1 evolucionando \u201cYo creo que siempre estamos cambiando, es inevitable, nos adaptamos al nuevo tiempo y a los receptores, hay transformaciones. Si me pongo a revisar las canciones primeras ya no tienen mucho sentido, algunas s\u00ed, pero no todas. Entonces siempre somos observadores o participantes de las circunstancias y con ello es con lo que escribimos. Hay muchos temas que no he abordado, creo que no alcanza uno a hacer todas las canciones que quisiera, pero en eso estamos\u201d.<\/p>\n<p>Agreg\u00f3 que en el tema de la composici\u00f3n \u201cuna cosa es tener la idea, un punto en la distancia, pero a veces llegar a \u00e9l, es complicado; luego la conclusi\u00f3n, ha habido ocasiones que me lleva a\u00f1os para terminar una canci\u00f3n y otras que surgen en un solo ratito. Como que cada canci\u00f3n es un ser particular, se defiende a s\u00ed misma y habla por s\u00ed misma en su texto y su m\u00fasica, el lenguaje de las emociones\u201d.<\/p>\n<p>Asimismo, destaca que su tarea de composici\u00f3n siempre se ha valido de la inspiraci\u00f3n y de la parte t\u00e9cnica en igual forma \u201cEstamos en el descubrimiento y tratando de no repetirnos.<\/p>\n<p>Las dos formas son parte de una canci\u00f3n buena, trascendente, por ejemplo, cuando uno se gu\u00eda por el misterio, por lo que no sabemos, por aquello que est\u00e1 en los sue\u00f1os o en un plan de pura sensibilidad, es bueno, pero tambi\u00e9n es cierto, que inspiraci\u00f3n y trabajo deben estar juntos. A m\u00ed me ha pasado de las dos manearas\u201d.<\/p>\n<p>Y calific\u00f3 como muy acertado aquel comentario que se adjudica a Beethoven, en el que presuntamente coment\u00f3 que los compositores son traductores del lenguaje de Dios \u201ccreo que es acertado lo que dice el maestro, yo he considerado que el lenguaje de Dios puede ser la po\u00e9tica y si observamos el trabajo de Beethoven, nos encontramos precisamente con la po\u00e9tica, lo que nos hace alcanzar esa emoci\u00f3n tan grande de encontrarnos frente a algo divino\u201d.<\/p>\n<p style=\"text-align: center;\"><strong>\u201cHoy ten miedo de mi\u201d fue un antes y un despu\u00e9s <\/strong><\/p>\n<p>Por otro lado, y como todo buen artista se\u00f1ala que no tiene un tema favorito en su repertorio, pero si uno que ha marcado un antes y un despu\u00e9s en su carrera \u201cantes consideraba varias canciones, pero en realidad si puedo decir que a partir de \u2018Hoy Ten miedo de m\u00ed\u2019 las cosas fueron totalmente distintas, se abrieron muchas puertas, ya como que tuve m\u00e1s la mirada y los o\u00eddos atentos ante las canciones que presento y que la gente disfrutaba, ese tema si coyuntural\u201d.<\/p>\n<p>Y asegura que siempre la \u00faltima palabra la tiene el p\u00fablico \u201cContinuamente me ha sucedido, que creo que un tema ser\u00e1 muy exitoso y bien recibido, pero la gente termina eligiendo otro. Entonces lo \u00fanico que uno puede asegurar es que no hay garant\u00edas, como dicen los cient\u00edficos \u2018el esfuerzo no garantiza el \u00e9xito\u2019, es una combinaci\u00f3n bien rara, a veces hay temas que creo que van a ser como el acabose, pero pues no, y son otros los que cobran mayor vida vigencia, incluso, mucho tiempo tarde, no en su presentaci\u00f3n, no en su primera impresi\u00f3n, sino m\u00e1s de fondo a\u00f1os despu\u00e9s\u201d.<\/p>\n<p>En este recorrido refiere que, si bien, ha tenido muchas canciones exitosas, siempre se est\u00e1 persiguiendo algo mejor \u201cSiempre lo buscamos (un tema exitoso), incluso, aunque lo encontremos, no significa que vamos a parar, se pudo presentar una visi\u00f3n con la que cualquiera que le ponga sentidos y atenci\u00f3n va a vibrar, pero uno como artista siempre quiere la que sigue, somos eternos insatisfechos, por un rato estamos contentos, pero luego iremos detr\u00e1s de lo que sigue\u201d.<\/p>\n<p>Y en esa b\u00fasqueda refiere que \u201clo m\u00edo siempre han sido las canciones, es el principio y la meta, a veces es un foro, una canci\u00f3n con alguien o con todos, muchos planes, proyectos que vamos teniendo, mientras estamos trabajando, pero hay que seguirle dando a la guitarra y no detenernos nunca, ir por esos hallazgos, en amor, desamor, lo que trae consigo la vida la existencia, el humor y por supuesto los temas sociales\u201d.<\/p>\n<p>En ese \u00faltimo sentido destac\u00f3 que \u201cDe todo hay, a veces si est\u00e1n las canciones que uno tiene planeado en torno a temas sociales, pero tambi\u00e9n est\u00e1 el poder de adaptarlos para que sean m\u00e1s perdurables, porque me pongo a hablar de alg\u00fan tema en particular, que son los achaques de este momento pol\u00edtico y est\u00e1 bien, pero me ha pasado que tienen una vigencia breve, muchos m\u00e1s breve que alguna emoci\u00f3n m\u00e1s humana\u201d.<\/p>\n<p>Fernando Delgadillo se va a presentar el 20 de mayo en el Sal\u00f3n Las Tertulias y los boletos ya est\u00e1n disponibles en Ticketmaster o al tel\u00e9fono 5554669740. Para que no te pierdas completamente en vivo temas como \u201cHoy Ten Miedo De Mi\u201d, \u201cDe La Canci\u00f3n de Protesta\u201d, \u201cDe Las Tardes\u201d, \u201cEntre Pairos y derivas\u201d, \u201cLlamadas an\u00f3nimas\u201d, \u201cno me pidas ser tu amigo\u201d, \u201cHoy hace un buen d\u00eda\u201d, entre muchas otras.<\/p>\n<p><strong>\u00a0<\/strong><\/p>\n<blockquote><p><strong>Fernando Delgadillo se va a presentar el 20 de mayo en el Sal\u00f3n Las Tertulias y los boletos ya est\u00e1n disponibles en Ticketmaster o al tel\u00e9fono 5554669740 en un precio de 960 pesos. Para que no te pierdas completamente en vivo temas como \u201cHoy Ten Miedo De Mi\u201d, \u201cDe La Canci\u00f3n de Protesta\u201d, \u201cDe Las Tardes\u201d, \u201cEntre Pairos y derivas\u201d, \u201cLlamadas an\u00f3nimas\u201d, \u201cno me pidas ser tu amigo\u201d, \u201cHoy hace un buen d\u00eda\u201d, entre muchas otras <\/strong><\/p><\/blockquote>\n","protected":false},"excerpt":{"rendered":"<p>Fernando Delgadillo, es por hoy uno de los trovadores m\u00e1s reconocidos de M\u00e9xico y Latinoam\u00e9rica, con un repertorio que oscila entre el amor, el desamor y los temas de causa social, que fusiona perfectamente en cada una de sus presentaciones.<\/p>\n","protected":false},"author":3,"featured_media":583800,"comment_status":"open","ping_status":"open","sticky":false,"template":"","format":"standard","meta":{"_monsterinsights_skip_tracking":false,"_monsterinsights_sitenote_active":false,"_monsterinsights_sitenote_note":"","_monsterinsights_sitenote_category":0,"footnotes":""},"categories":[12],"tags":[97877,97876],"class_list":["post-583697","post","type-post","status-publish","format-standard","has-post-thumbnail","hentry","category-espectaculos","tag-fernando-delgadillo-espectaculos","tag-salon-las-tertulias"],"_links":{"self":[{"href":"https:\/\/www.diarioimagen.net\/index.php?rest_route=\/wp\/v2\/posts\/583697","targetHints":{"allow":["GET"]}}],"collection":[{"href":"https:\/\/www.diarioimagen.net\/index.php?rest_route=\/wp\/v2\/posts"}],"about":[{"href":"https:\/\/www.diarioimagen.net\/index.php?rest_route=\/wp\/v2\/types\/post"}],"author":[{"embeddable":true,"href":"https:\/\/www.diarioimagen.net\/index.php?rest_route=\/wp\/v2\/users\/3"}],"replies":[{"embeddable":true,"href":"https:\/\/www.diarioimagen.net\/index.php?rest_route=%2Fwp%2Fv2%2Fcomments&post=583697"}],"version-history":[{"count":0,"href":"https:\/\/www.diarioimagen.net\/index.php?rest_route=\/wp\/v2\/posts\/583697\/revisions"}],"wp:featuredmedia":[{"embeddable":true,"href":"https:\/\/www.diarioimagen.net\/index.php?rest_route=\/wp\/v2\/media\/583800"}],"wp:attachment":[{"href":"https:\/\/www.diarioimagen.net\/index.php?rest_route=%2Fwp%2Fv2%2Fmedia&parent=583697"}],"wp:term":[{"taxonomy":"category","embeddable":true,"href":"https:\/\/www.diarioimagen.net\/index.php?rest_route=%2Fwp%2Fv2%2Fcategories&post=583697"},{"taxonomy":"post_tag","embeddable":true,"href":"https:\/\/www.diarioimagen.net\/index.php?rest_route=%2Fwp%2Fv2%2Ftags&post=583697"}],"curies":[{"name":"wp","href":"https:\/\/api.w.org\/{rel}","templated":true}]}}