{"id":583715,"date":"2023-05-15T00:15:37","date_gmt":"2023-05-15T06:15:37","guid":{"rendered":"https:\/\/www.diarioimagen.net\/?p=583715"},"modified":"2023-05-15T01:41:10","modified_gmt":"2023-05-15T07:41:10","slug":"educacion-pobreza-y-crimen-organizado","status":"publish","type":"post","link":"https:\/\/www.diarioimagen.net\/?p=583715","title":{"rendered":"Educaci\u00f3n, pobreza y crimen organizado"},"content":{"rendered":"<h2>Por la Derecha..!<\/h2>\n<h5>Luis \u00c1ngel Garc\u00eda<\/h5>\n<p>&nbsp;<\/p>\n<p>Una de las promesas de campa\u00f1a que m\u00e1s ponder\u00f3 la 4T es que, al d\u00eda siguiente de la toma de posesi\u00f3n del mandatario, esto es para el 2 de diciembre de 2018, los narcotraficantes y sicarios depondr\u00edan las armas e iban a usar el tractor para sembrar semillas l\u00edcitas y no marihuana o amapola. El nuevo r\u00e9gimen, en el an\u00e1lisis del combate al crimen organizado opt\u00f3 por la estrategia de erradicar el origen de la pobreza, el desempleo y la falta de educaci\u00f3n como f\u00f3rmula para evitar el reclutamiento de j\u00f3venes y campesinos, migrantes y hasta de ni\u00f1os como sicarios, halcones o \u201cmulas\u201d en el transporte de la droga. Asignatura pendiente que dejar\u00e1 este gobierno.<\/p>\n<p>Es evidente que la pol\u00edtica de \u201cabrazos, no balazos\u201d, independientemente de la militarizaci\u00f3n de la seguridad p\u00fablica, y los programas asistenciales como \u201cSembrando vida\u201d y \u201cJ\u00f3venes construyendo el futuro\u201d, no posibilitaron la erradicaci\u00f3n de la pobreza, ni incorporaron a los j\u00f3venes a un empleo formal y tampoco les proporcionaban recursos para salir de la miseria ni les daba la oportunidad de tener educaci\u00f3n de calidad para ser mejores y m\u00e1s competitivos profesionistas. Los programas sociales se implementaron para otorgar d\u00e1divas y subsidios a la gente de escasos recursos para poder sobrevivir; nunca se pens\u00f3 en sacarlos de la pobreza, por el contrario, se dise\u00f1\u00f3 un modelo econ\u00f3mico que increment\u00f3 el n\u00famero de nuevos pobres, m\u00e1s de cuatro millones de mexicanos que \u2014a\u00fan con empleo formal\u2014, no tienen recursos para adquirir dos canastas b\u00e1sicas al mes.<\/p>\n<p>Los programas sociales se usan con fines electoreros; es decir, la 4T da paliativos a la pobreza a cambio de su voto, por eso atienden a los viejitos y a los \u201cninis\u201d, pero esas d\u00e1divas que graciosamente otorga el gobierno s\u00f3lo encantan a j\u00f3venes mediocres que se reconocen pobres como destino manifiesto.<\/p>\n<p>El incumplimiento de la promesa de campa\u00f1a, que ahora sabemos no ten\u00eda la intenci\u00f3n de atender, ha posibilitado el que vivamos la \u00e9poca m\u00e1s violenta en la historia del pa\u00eds, con m\u00e1s de 150 mil homicidios dolosos en menos de cinco a\u00f1os, donde el crimen organizado ha desplazado a las autoridades formales y de facto se ha empoderado en m\u00e1s de la tercera parte del pa\u00eds, donde ya se perdi\u00f3 la gobernabilidad. Obvio hay que decir que las masacres \u2014negadas por el gobierno\u2014, se incrementan producto de enfrentamientos entre bandas rivales y un ej\u00e9rcito de sicarios \u2014ni\u00f1os y j\u00f3venes\u2014, que dista mucho de menguar y que no dejan las armas por un tractor.<\/p>\n<p>Un estudio realizado por investigadores de Estados Unidos, M\u00e9xico y Polonia (InSight Crime) establece que los reclutadores de la delincuencia organizada convencen a sus potenciales miembros con promesas de pertenencia social; es decir, los j\u00f3venes no quieren vivir con tres mil pesos al mes, cuando los criminales les ofrecen un mundo lleno de dinero, joyas, autos de lujo, mujeres, buenos vinos y casas bonitas. El estudio comprende casi ochenta entrevistas de profundidad con vig\u00edas, traficantes, sicarios y jefes.<\/p>\n<p>Los sicarios, para los narcotraficantes, revisten un papel fundamental para sus actividades, sobre todo desde que se inici\u00f3 la lucha contra ellos en\u00a0 2006; esa acci\u00f3n beligerante caus\u00f3 muchas bajas entre los sicarios, por lo que el trabajo de los reclutadores se increment\u00f3. En M\u00e9xico, entrevistaron a gente de Tepito, quienes reconocieron que el ingreso a un grupo delictivo es un paso l\u00f3gico a la luz de una extensa exposici\u00f3n a la criminalidad en su entorno social y crianza, \u201clos reclutas\u201d est\u00e1n \u201cpreparados mentalmente\u201d para pertenecer a un grupo, motivados por deseos personales de riqueza, poder y estatus.<\/p>\n<p>As\u00ed que mientras el gobierno, que ha ideologizado la educaci\u00f3n, trunque las leg\u00edtimas aspiraciones de los estudiantes y profesionistas que quieren ascender en la escala social, mientras no se quiera erradicar la pobreza ni se puedan crear empleos bien remunerados y se simule el combate al crimen organizado, esta ser\u00e1 una asignatura pendiente.<\/p>\n","protected":false},"excerpt":{"rendered":"<p><span style=\"color: #005497;\"><strong>Luis \u00c1ngel Garc\u00eda<\/strong><\/span><\/p>\n","protected":false},"author":3,"featured_media":0,"comment_status":"open","ping_status":"open","sticky":false,"template":"","format":"standard","meta":{"_monsterinsights_skip_tracking":false,"_monsterinsights_sitenote_active":false,"_monsterinsights_sitenote_note":"","_monsterinsights_sitenote_category":0,"footnotes":""},"categories":[92115],"tags":[92117,43674,92116],"class_list":["post-583715","post","type-post","status-publish","format-standard","hentry","category-luis-angel-garcia","tag-luis-angel-garcia","tag-opinion","tag-por-la-derecha"],"_links":{"self":[{"href":"https:\/\/www.diarioimagen.net\/index.php?rest_route=\/wp\/v2\/posts\/583715","targetHints":{"allow":["GET"]}}],"collection":[{"href":"https:\/\/www.diarioimagen.net\/index.php?rest_route=\/wp\/v2\/posts"}],"about":[{"href":"https:\/\/www.diarioimagen.net\/index.php?rest_route=\/wp\/v2\/types\/post"}],"author":[{"embeddable":true,"href":"https:\/\/www.diarioimagen.net\/index.php?rest_route=\/wp\/v2\/users\/3"}],"replies":[{"embeddable":true,"href":"https:\/\/www.diarioimagen.net\/index.php?rest_route=%2Fwp%2Fv2%2Fcomments&post=583715"}],"version-history":[{"count":0,"href":"https:\/\/www.diarioimagen.net\/index.php?rest_route=\/wp\/v2\/posts\/583715\/revisions"}],"wp:attachment":[{"href":"https:\/\/www.diarioimagen.net\/index.php?rest_route=%2Fwp%2Fv2%2Fmedia&parent=583715"}],"wp:term":[{"taxonomy":"category","embeddable":true,"href":"https:\/\/www.diarioimagen.net\/index.php?rest_route=%2Fwp%2Fv2%2Fcategories&post=583715"},{"taxonomy":"post_tag","embeddable":true,"href":"https:\/\/www.diarioimagen.net\/index.php?rest_route=%2Fwp%2Fv2%2Ftags&post=583715"}],"curies":[{"name":"wp","href":"https:\/\/api.w.org\/{rel}","templated":true}]}}