{"id":583718,"date":"2023-05-15T00:00:12","date_gmt":"2023-05-15T06:00:12","guid":{"rendered":"https:\/\/www.diarioimagen.net\/?p=583718"},"modified":"2023-05-14T22:58:18","modified_gmt":"2023-05-15T04:58:18","slug":"cancun-destino-preferido-para-los-habitantes-del-medio-oeste-de-eu","status":"publish","type":"post","link":"https:\/\/www.diarioimagen.net\/?p=583718","title":{"rendered":"Canc\u00fan, destino preferido para los habitantes del medio oeste de EU"},"content":{"rendered":"<h2>Hora 14<\/h2>\n<h5>Mauricio Conde Olivares<\/h5>\n<p>&nbsp;<\/p>\n<p>Conforme a los lineamientos de Prosperidad Compartida de la Presidenta Municipal, Ana Paty Peralta, el Sistema para el Desarrollo Integral de la Familia (DIF) Benito Ju\u00e1rez cuenta con el Centro Especializado para la Atenci\u00f3n de la Violencia (CEPAV) y la delegaci\u00f3n de la Procuradur\u00eda de Protecci\u00f3n de las Ni\u00f1as, Ni\u00f1os, Adolescentes y la Familia, para la atenci\u00f3n multidisciplinaria de la mujer y su familia.<\/p>\n<p>La directora general del Sistema DIF Benito Ju\u00e1rez, Doris Marisol Sendo Rodr\u00edguez, precis\u00f3 que el CEPAV brinda servicios presenciales de asesor\u00eda jur\u00eddica, terapia psicol\u00f3gica y trabajo social de lunes a viernes de 8:30 a 16:00 horas y cuenta con la l\u00ednea telef\u00f3nica 998-393-5507 para atender llamadas las 24 horas con asesor\u00eda jur\u00eddica o todas las canalizaciones que se requieran.<\/p>\n<p>Inform\u00f3 que en el primer trimestre de este a\u00f1o, el CEPAV brind\u00f3 355 atenciones psicol\u00f3gicas a familias, personas v\u00edctimas de violencia y\/o generadoras de violencia, y se brindaron mil 149 servicios de prevenci\u00f3n y atenci\u00f3n para un entorno libre de violencia en mujeres y hombres generadores o v\u00edctimas de violencia.<\/p>\n<p>Asimismo, dijo que se realizaron 430 atenciones multidisciplinarias a personas generadoras o v\u00edctimas de violencia, y se proporcionaron tres mil 347 servicios jur\u00eddicos dirigidos a ni\u00f1as, ni\u00f1os, adolescentes, v\u00edctimas de maltrato y\u00a0 mujeres y hombres en situaci\u00f3n de violencia familiar.<\/p>\n<p>Coment\u00f3 que de igual manera, se realizaron 63 planes de restituci\u00f3n de derechos para ni\u00f1as, ni\u00f1os, adolescentes que se\u00a0 encuentran en situaci\u00f3n de atenci\u00f3n prioritaria; se elaboraron 64 diagn\u00f3sticos de vulnerabilidad de derechos de ni\u00f1as, ni\u00f1os y adolescentes, y se firmaron 61 convenios de pensi\u00f3n alimenticia a familias en situaci\u00f3n prioritaria para mediaci\u00f3n ante controversias familiares.<\/p>\n<p>De acuerdo a la coordinadora del CEPAV, Evelyn Gonz\u00e1lez Sol\u00eds, se realizaron 407 acompa\u00f1amientos a ni\u00f1as, ni\u00f1os y adolescentes a diferentes \u00f3rganos institucionales y se realizaron 108 comparecencias de hechos a familias en situaci\u00f3n prioritaria para mediaci\u00f3n ante controversias familiares as\u00ed como mil 97 visitas domiciliarias e institucionales para investigaciones sociales, de Juzgados orales, familiares, penales, fiscal\u00eda, DIF estatales y asociaciones Civiles.<\/p>\n<p>Agreg\u00f3 que se impartieron ocho pl\u00e1ticas y talleres con temas para la prevenci\u00f3n de la violencia con un total de 163 mujeres usuarias v\u00edctimas de violencia, as\u00ed como tres cursos de capacitaci\u00f3n para el autoempleo dirigido a mujeres receptoras de violencia en cualquiera de sus modalidades con un total de 45 mujeres egresadas con oficios alternos.<\/p>\n<p>Gonz\u00e1lez Sol\u00eds, refiri\u00f3 que el CEPAV ofrece talleres como reposter\u00eda, belleza en general y costura, y para apoyar la econom\u00eda familiar, se les da prioridad a las usuarias del centro para que participen en brigadas, bazares y\/o eventos donde pueden vender sus manualidades, postres y comida.<\/p>\n<p>Mencion\u00f3 que de igual manera, el CEPAV realiza trabajo de coordinaci\u00f3n con distintas instancias para la atenci\u00f3n de la mujer y sus hijas e hijos, y coadyuva en la b\u00fasqueda de programas, becas y apoyos a mujeres v\u00edctimas de violencia, a quienes se les acompa\u00f1a en el seguimiento de sus casos.<\/p>\n<p>\u201cEn coordinaci\u00f3n con el \u00e1rea de psicolog\u00eda, se habilit\u00f3 una l\u00ednea telef\u00f3nica 24 horas para atender situaciones extremas de crisis, ansiedad y posibles casos de intento de suicidio para la mujer y su familia. Tambi\u00e9n trabajamos de manera permanente en una campa\u00f1a en redes de informaci\u00f3n y sensibilizaci\u00f3n para la prevenci\u00f3n de la violencia a la mujer y su familia\u201d, apunt\u00f3.<\/p>\n<p>La Coordinadora de CEPAV, precis\u00f3 que entre otras acciones, se sign\u00f3 un convenio de colaboraci\u00f3n con el Instituto Estatal de Educaci\u00f3n para los J\u00f3venes y Adultos (IEEJA) las mujeres y sus familias, podr\u00e1n terminar sus estudios y recibir sus certificados.<\/p>\n<p>Por \u00faltimo, se\u00f1al\u00f3 que el CEPAV realiza visitas de manera constante a las empresas p\u00fablicas, privadas y diversos sectores como el hotelero para llevarles pl\u00e1ticas, talleres y cursos de manera gratuita, como parte de las acciones dirigidas a la prevenci\u00f3n de la violencia familiar.<\/p>\n<p>Hablemos ahora de otro tema. Le comento que en el marco de la gira de trabajo por Chicago, Illinois, en los Estados Unidos, que realiz\u00f3 la comitiva encabezada por el secretario de Turismo del Gobierno de M\u00e9xico, Miguel Torruco Marqu\u00e9s, y la c\u00f3nsul general de M\u00e9xico en Chicago, embajadora Reyna Torres Mend\u00edvil, m\u00e1s de 300 tour operadores y agentes de viajes, integrantes de CCRA International de este estado, expresaron un gran inter\u00e9s por ofrecer a sus clientes los destinos tur\u00edsticos de M\u00e9xico.<\/p>\n<p>Acompa\u00f1ado de Peter Pincus, director Comercial de CCRA International, organizaci\u00f3n que representa 500 mil cuartos noches para M\u00e9xico, el titular de la Secretar\u00eda de Turismo (Sectur) destac\u00f3 la importancia de hacer este encuentro con la industria tur\u00edstica de esta entidad, ya que Illinois es el tercer estado emisor de turistas de Estados Unidos hacia M\u00e9xico, solo detr\u00e1s de California y Texas.<\/p>\n<p>Torruco Marqu\u00e9s present\u00f3 el Seminario \u201cAs\u00ed es M\u00e9xico\u201d en el cual expuso que nuestro pa\u00eds es una mezcla de colores y sabores que tiene todo tipo de atractivos: sol, monta\u00f1as, selva y desiertos; as\u00ed como la amplia oferta cultural, hist\u00f3rica y gastron\u00f3mica.<\/p>\n<p>Destac\u00f3 que M\u00e9xico es uno de los cinco pa\u00edses con mayor biodiversidad del mundo; que 12% de las especies que viven en el mundo se encuentran en nuestro pa\u00eds; adem\u00e1s, cuenta con 35 sitios declarados Patrimonio de la Humanidad que lo colocan en el primer lugar de Am\u00e9rica Latina y el 7\u00b0 a nivel mundial.<\/p>\n<p>Resalt\u00f3 que nuestro pa\u00eds tiene 132 Pueblos M\u00e1gicos, pero tambi\u00e9n tenemos 32 Barrios M\u00e1gicos, de los cuales seis ya han recibido su nombramiento en Quintana Roo, San Luis Potos\u00ed, Hidalgo, Sonora, Oaxaca y Michoac\u00e1n.<\/p>\n<p>Adem\u00e1s, para detonar el turismo en la regi\u00f3n del sureste, se trabaja en el Tren Maya que beneficiar\u00e1 a los estados de: Yucat\u00e1n, Quintana Roo, Campeche, Tabasco y Chiapas, con 1 mil 554 kil\u00f3metros de v\u00eda ferroviaria, 21 estaciones, 14 paraderos y 117 experiencias tur\u00edsticas de alto impacto.<\/p>\n<p>Indic\u00f3 que lo que antes era una prisi\u00f3n como Alcatraz, ahora se ha convertido en un museo ubicado en medio de una isla paradisiaca, donde llegan visitantes desde Mazatl\u00e1n y San Blas: Islas Mar\u00edas; un lugar privilegiado para los amantes de la naturaleza, ubicado a m\u00e1s de 100 kil\u00f3metros de la costa en el Oc\u00e9ano Pac\u00edfico, donde el visitante puede disfrutar de sus ocho atractivos tur\u00edsticos.<\/p>\n<p>Precis\u00f3 tambi\u00e9n que, con el prop\u00f3sito de diversificar la actividad tur\u00edstica en diferentes destinos de M\u00e9xico, se han desarrollado proyectos ancla y eventos de alto impacto como la Carrera del Desierto, en Puerto Pe\u00f1asco, Sonora; Nayarit desde el Cielo, un evento de paracaidismo extremo en Mexcaltit\u00e1n, San Blas y Nuevo Nayarit; o la Carrera Mar a Mar en Baja California Sur, entre otros.<\/p>\n<p>Precis\u00f3 que, en 2019, los estadounidenses que viajaron a M\u00e9xico por v\u00eda a\u00e9rea fueron 10.5 millones, en tanto, los mexicanos que viajaron a Estados Unidos por v\u00eda a\u00e9rea fueron 18 millones.<\/p>\n<p>Agreg\u00f3 que, en 2022, la llegada a\u00e9rea de turistas que viven en Estados Unidos a nuestro pa\u00eds fue de 13 millones, esto es 24% m\u00e1s que el a\u00f1o previo a la pandemia; generando un beneficio econ\u00f3mico de 14 mil 380 millones de d\u00f3lares, 37% m\u00e1s que el 2019.<\/p>\n<p>En el caso de Chicago, Illinois, el a\u00f1o pasado se registraron cerca de 10 mil 760 vuelos a M\u00e9xico y 1.5 millones de pasajeros. Para 2023, los vuelos programados de Chicago a nuestro pa\u00eds son 10 mil 439 vuelos, pero con una oferta de 1.8 millones de asientos programados.<\/p>\n<p>Torruco Marqu\u00e9s refiri\u00f3 que a los viajeros estadounidenses le gusta el sol y la playa, pero tambi\u00e9n las experiencias urbanas y culturales. Los 5 destinos m\u00e1s visitados en M\u00e9xico por los estadounidenses de Chicago y el medio oeste de EU en 2022, fueron Canc\u00fan, Ciudad de M\u00e9xico, Guadalajara, Morelia y Los Cabos.<\/p>\n<p>\u201cAgradezco y felicito a nuestros socios de la industria, por su dedicaci\u00f3n, pasi\u00f3n, creatividad y verdadera colaboraci\u00f3n, la cual sigue generando resultados impresionantes para la industria tur\u00edstica de M\u00e9xico y su gente. Quiero agradecer nuevamente a Peter Pincus, por organizar este seminario y a todos por acompa\u00f1arnos\u201d concluy\u00f3 Torruco Marqu\u00e9s.<\/p>\n<p>Por otra parte, le informo que HotelDO, la plataforma de viajes con la cadena Meli\u00e1 con 23 a\u00f1os de experiencia y liderazgo en Latinoam\u00e9rica, anunci\u00f3 que, del viernes 12 y hasta el domingo 14 de mayo, ofreci\u00f3 un Outlet \u00fanico, dise\u00f1ado para aquellos que disfrutan recorrer el mundo.<\/p>\n<p>\u201cDurante este Outlet de Viajes, HotelDO ofrecimos descuentos que pueden ser de hasta un 50% para sus agencias afiliadas. As\u00ed mismo, entre las exclusivas ofertas que preparamos, destacan grandes promociones en la compra de paquetes de viaje, es decir, al adquirir m\u00e1s de un servicio, la que puede aprovecharse, de mejor manera, con la m\u00e1s conveniente pasarela de pagos, al no cobrar ninguna tasa bancaria\u201d, coment\u00f3 Alejandro Torres, Director Comercial Minorista de HotelDO M\u00e9xico; empero, lo anterior ser\u00e1 motivo de otro an\u00e1lisis en posterior entrega de <strong><em>Hora 14<\/em><\/strong>.<\/p>\n<p><em><a href=\"mailto:%20mauricio_conde@msn.com\" target=\"_blank\" rel=\"noopener noreferrer\">mauricioconde59@outlook.com<\/a><\/em><br \/>\n<em>Twitter: <a href=\"https:\/\/twitter.com\/mauconde\" target=\"_blank\" rel=\"noopener\">@mauconde<\/a><\/em><\/p>\n","protected":false},"excerpt":{"rendered":"<p><span style=\"color: #005497;\"><strong>Mauricio Conde Olivares<\/strong><\/span><\/p>\n","protected":false},"author":3,"featured_media":0,"comment_status":"open","ping_status":"open","sticky":false,"template":"","format":"standard","meta":{"_monsterinsights_skip_tracking":false,"_monsterinsights_sitenote_active":false,"_monsterinsights_sitenote_note":"","_monsterinsights_sitenote_category":0,"footnotes":""},"categories":[35889],"tags":[43712,43674,44860],"class_list":["post-583718","post","type-post","status-publish","format-standard","hentry","category-mauricio-conde-olivares","tag-mauricio-conde-olivares","tag-opinion","tag-hora-14"],"_links":{"self":[{"href":"https:\/\/www.diarioimagen.net\/index.php?rest_route=\/wp\/v2\/posts\/583718","targetHints":{"allow":["GET"]}}],"collection":[{"href":"https:\/\/www.diarioimagen.net\/index.php?rest_route=\/wp\/v2\/posts"}],"about":[{"href":"https:\/\/www.diarioimagen.net\/index.php?rest_route=\/wp\/v2\/types\/post"}],"author":[{"embeddable":true,"href":"https:\/\/www.diarioimagen.net\/index.php?rest_route=\/wp\/v2\/users\/3"}],"replies":[{"embeddable":true,"href":"https:\/\/www.diarioimagen.net\/index.php?rest_route=%2Fwp%2Fv2%2Fcomments&post=583718"}],"version-history":[{"count":0,"href":"https:\/\/www.diarioimagen.net\/index.php?rest_route=\/wp\/v2\/posts\/583718\/revisions"}],"wp:attachment":[{"href":"https:\/\/www.diarioimagen.net\/index.php?rest_route=%2Fwp%2Fv2%2Fmedia&parent=583718"}],"wp:term":[{"taxonomy":"category","embeddable":true,"href":"https:\/\/www.diarioimagen.net\/index.php?rest_route=%2Fwp%2Fv2%2Fcategories&post=583718"},{"taxonomy":"post_tag","embeddable":true,"href":"https:\/\/www.diarioimagen.net\/index.php?rest_route=%2Fwp%2Fv2%2Ftags&post=583718"}],"curies":[{"name":"wp","href":"https:\/\/api.w.org\/{rel}","templated":true}]}}