{"id":583720,"date":"2023-05-15T00:02:21","date_gmt":"2023-05-15T06:02:21","guid":{"rendered":"https:\/\/www.diarioimagen.net\/?p=583720"},"modified":"2023-05-14T23:05:13","modified_gmt":"2023-05-15T05:05:13","slug":"mario-delgado-se-deslinda-de-planton-en-la-suprema-corte","status":"publish","type":"post","link":"https:\/\/www.diarioimagen.net\/?p=583720","title":{"rendered":"Mario Delgado se deslinda de plant\u00f3n en la Suprema Corte"},"content":{"rendered":"<h2>La Retaguardia<\/h2>\n<h5>Adriana Moreno Cordero<\/h5>\n<p>&nbsp;<\/p>\n<ul>\n<li><strong><em>Gobernadores morenistas dejan ver preferencia por una y otra \u201ccorcholata\u201d<\/em><\/strong><\/li>\n<\/ul>\n<p>&nbsp;<\/p>\n<p>No es ocioso indicar que las fisuras en Morena contin\u00faan y amenazan con\u00a0 convertirse en importantes y severas fracturas, lo que resulta especialmente significativo si consideramos estar en la cuenta regresiva de las elecciones a celebrarse el pr\u00f3ximo 4 de junio en Coahuila y Estado de M\u00e9xico.<\/p>\n<p>Tampoco es lugar com\u00fan reiterarlo. Ah\u00ed est\u00e1n las recientes declaraciones del l\u00edder nacional del partido oficial, <strong>Mario Mart\u00edn Delgado<\/strong>, quien de plano se deslind\u00f3 de quienes se plantaron a las afueras de la Suprema Corte de Justicia de la Naci\u00f3n, (SCJN), para gritar de manera injustificada y majadera, una serie de improperios a quien preside el m\u00e1ximo Tribunal de la Naci\u00f3n, la ministra <strong>Norma Luc\u00eda Pi\u00f1a Hern\u00e1ndez,<\/strong> y a la voz de que \u201cel pueblo es grosero\u201d, (\u00bfser\u00e1 el \u201csabio y bueno\u201d), seg\u00fan ellos, justifican su vulgar actitud.<\/p>\n<p>Este grupo de gente dice ser \u201cobradoristas\u201d y sin embargo, han manifestado todo su rechazo a Mario Delgado, acus\u00e1ndolo de corrupto y de aprovecharse de su posici\u00f3n. Pero entonces, s\u00ed est\u00e1n con el gobernador de Veracruz, <strong>Cuitl\u00e1huac Garc\u00eda<\/strong> \u2014el consentido del presidente <strong>Andr\u00e9s Manuel L\u00f3pez Obrador<\/strong>\u2014, quien, una vez que la Suprema Corte resolvi\u00f3 dar marcha atr\u00e1s a la primera parte del desafortunado \u201cplan B\u201d del Presidente, anunci\u00f3 que vendr\u00eda a la Ciudad de M\u00e9xico para sumarse y reforzar el plant\u00f3n a las afueras de la SCJN. Vale se\u00f1alar que a la fecha, otros gobernadores morenistas no le han hecho caso.<\/p>\n<p>De lo anterior, bien puede concluirse que el enfrentamiento es ahora entre Cuitl\u00e1huac Garc\u00eda y el propio Delgado Carrillo, quien asegur\u00f3 que los del plant\u00f3n en la Corte \u201c\u2026 se asumen como morenistas para ciertas causas y tienes a varios grupos a lo largo del pa\u00eds, pero no puedes decir que Morena est\u00e9 mandando gente que est\u00e9 afuera de la Corte a mentarle la madre a la misma (ministra Luc\u00eda) Pi\u00f1a\u201d y agreg\u00f3 que a lo mejor, esos que gritan groser\u00edas a las afueras del m\u00e1ximo tribunal, son los mismos que lo agredieron verbalmente en Coahuila.<\/p>\n<p>Hay que recordar que esos fueron tambi\u00e9n gente del candidato del PT al gobierno coahuilense, <strong>Ricardo Mej\u00eda Berdeja<\/strong>, concretamente, su esposa, pero por ah\u00ed salt\u00f3 uno que otro que se dijo obradorista\u00a0 y rechaz\u00f3 a la dirigencia que encabeza Delgado Carrillo.<\/p>\n<p>Es abigarrado, sin duda, el escenario en el que se le abre la posibilidad a Morena de tener para 2024, un candidato presidencial de unidad, gracias al elector mayor que reside en Palacio Nacional y lo que diga \u201csu dedito\u201d.<\/p>\n<p>Lo que no se puede soslayar, es que las divisiones est\u00e1n entre los aspirantes \u201ccorcholatas\u201d presidenciales. Se sabe que la flamante jefa de Gobierno de la Ciudad de M\u00e9xico, <strong>Claudia Sheinbaum,<\/strong> ya siente que va en \u201ccaballo de hacienda\u201d; sin embargo pudiera ser que en la tercera semana de junio, cuando Mario Delgado ha convocado a los aspirantes morenistas, podr\u00eda dar el banderazo para arrancar lo que inici\u00f3 como una adelantada carreras o, tal vez, justo para esa fecha, ya se tenga una carta de acuerdos entre las cuatro \u201ccorcholatas\u201d para que salga la candidatura de unidad sin necesidad de ninguna encuesta, pues para eso est\u00e1 el gran elector, \u00bfo no?.<\/p>\n<p style=\"text-align: center;\"><strong>Municiones<\/strong><\/p>\n<p><strong>***<\/strong> Los gobernadores morenistas, adem\u00e1s de hacer muy unidos comunicados en apoyo leal a su jefe, el presidente L\u00f3pez Obrador, ahora tambi\u00e9n se dividen para pronunciarse por la \u201ccorcholata\u201d o \u201ccorcholato\u201d de su preferencia. Ah\u00ed est\u00e1 el caso del gobernador de Baja California Sur, <strong>V\u00edctor Castro<\/strong>, que recibi\u00f3 con \u201cmanteles largos\u201d ni m\u00e1s ni menos que al flamante secretario de Gobernaci\u00f3n, <strong>Ad\u00e1n Augusto L\u00f3pez<\/strong>, conocido tambi\u00e9n como \u201cel otro L\u00f3pez, a la voz de \u201cVamos con la<strong>\u00a0Cuarta Transformaci\u00f3n<\/strong>, la causa ahora es Ad\u00e1n Augusto L\u00f3pez Hern\u00e1ndez, adelante\u201d. O sea, el gobernador bajacaliforniano est\u00e1 a gusto con el titular de la Segob que es su amigo de muchos a\u00f1os.<\/p>\n<p><strong>***<\/strong> Por cierto, el responsable de la pol\u00edtica interna del pa\u00eds, fue el \u00fanico que se pleg\u00f3 a la instrucci\u00f3n de Mario Delgado y el fin de semana estuvo en Coahuila para apoyar al candidato de Morena al gobierno de dicha entidad, Armando Guadiana, de quien por cierto, conforme pasan los d\u00edas, se dice que su campa\u00f1a tiende a desinflarse. Y estuvo, s\u00ed, pero en calidad de algo as\u00ed como \u201ctestigo de piedra\u201d, pues no subi\u00f3 al templete ni pronunci\u00f3 discurso alguno. Lo m\u00e1s probable es que no se haya querido aventurar a recibir otra rechifla como la que recibi\u00f3 en el estadio de beisbol, de donde de plano, lo sacaron.<\/p>\n<p><strong>***<\/strong> En esta misma tesitura, un gobernador que abiertamente se ha pronunciado por la jefa de Gobierno, Claudia Sheinbaum, es el oaxaque\u00f1o Salom\u00f3n Jara, que se ocup\u00f3 en organizarle a la funcionaria, sendos eventos de apoyo por aquellas tierras, en Juchit\u00e1n y Huatulco, a donde la funcionaria capitalina acudi\u00f3 para dar la conferencia \u201cPol\u00edticas de Gobierno al servicio del Pueblo\u201d, en las que evit\u00f3 hablar del desastre que tiene en el Metro. Lo curioso es que en la entidad tambi\u00e9n se encontraba promocion\u00e1ndose el secretario de Relaciones Exteriores, <strong>Marcelo Ebrard<\/strong>, quien ahora se hace llamar \u201cBond, Casaubon\u201d y que ante el abierto desaire del gobernador Jara, por las \u201cex benditas redes sociales\u201d, dijo que \u00e9l si estaba con el pueblo y hasta bail\u00f3. \u00a1Qu\u00e9 tal!<\/p>\n<p>*** Otro que se anda moviendo en Morena es ni m\u00e1s ni menos que <strong>John Ackerman<\/strong>, que despu\u00e9s de haber estado en \u201clos cuernos de la luna\u201d del lopezobradorismo, hoy anda dando patadas de ahogado y cada vez que puede, cuestiona al dirigente nacional de Morena sobre todo, en eso de la\u00a0 carrera presidencial de las \u201ccorcholatas\u201d. Ya anunci\u00f3 que para el pr\u00f3ximo 9 de junio, reunir\u00e1 en el Club de Periodistas a lo que queda de sus huestes para supervisar que la dirigencia del partido oficial propicien el tan llevado y tra\u00eddo \u201cpiso parejo\u201d, algo que se ve cada vez m\u00e1s lejano, as\u00ed que el investigador no conseguir\u00e1 hacer ruido. Eso de tratar de revivir viejos polvos, no es muy recomendable ni para Ackerman ni para su distinguida familia, empezando por la ex secretaria de la Funci\u00f3n P\u00fablica, <strong>Irma Er\u00e9ndira Sandoval.<\/strong> Finalmente, el hermano de la ex funcionaria, <strong>Netza\u00ed Sandoval<\/strong>, no lleg\u00f3 a ocupar un ansiado lugar en el INE.<\/p>\n<p><u><a href=\"mailto:morcora@gmail.com\" target=\"_blank\" rel=\"noopener noreferrer\"><em>morcora@gmail.com<\/em><\/a><\/u><\/p>\n","protected":false},"excerpt":{"rendered":"<p><span style=\"color: #005497;\"><strong>Adriana Moreno Cordero<\/strong><\/span><\/p>\n","protected":false},"author":3,"featured_media":0,"comment_status":"open","ping_status":"open","sticky":false,"template":"","format":"standard","meta":{"_monsterinsights_skip_tracking":false,"_monsterinsights_sitenote_active":false,"_monsterinsights_sitenote_note":"","_monsterinsights_sitenote_category":0,"footnotes":""},"categories":[69370],"tags":[69369,69368,43674],"class_list":["post-583720","post","type-post","status-publish","format-standard","hentry","category-adriana-moreno-cordero","tag-adriana-moreno-cordero","tag-la-retaguardia","tag-opinion"],"_links":{"self":[{"href":"https:\/\/www.diarioimagen.net\/index.php?rest_route=\/wp\/v2\/posts\/583720","targetHints":{"allow":["GET"]}}],"collection":[{"href":"https:\/\/www.diarioimagen.net\/index.php?rest_route=\/wp\/v2\/posts"}],"about":[{"href":"https:\/\/www.diarioimagen.net\/index.php?rest_route=\/wp\/v2\/types\/post"}],"author":[{"embeddable":true,"href":"https:\/\/www.diarioimagen.net\/index.php?rest_route=\/wp\/v2\/users\/3"}],"replies":[{"embeddable":true,"href":"https:\/\/www.diarioimagen.net\/index.php?rest_route=%2Fwp%2Fv2%2Fcomments&post=583720"}],"version-history":[{"count":0,"href":"https:\/\/www.diarioimagen.net\/index.php?rest_route=\/wp\/v2\/posts\/583720\/revisions"}],"wp:attachment":[{"href":"https:\/\/www.diarioimagen.net\/index.php?rest_route=%2Fwp%2Fv2%2Fmedia&parent=583720"}],"wp:term":[{"taxonomy":"category","embeddable":true,"href":"https:\/\/www.diarioimagen.net\/index.php?rest_route=%2Fwp%2Fv2%2Fcategories&post=583720"},{"taxonomy":"post_tag","embeddable":true,"href":"https:\/\/www.diarioimagen.net\/index.php?rest_route=%2Fwp%2Fv2%2Ftags&post=583720"}],"curies":[{"name":"wp","href":"https:\/\/api.w.org\/{rel}","templated":true}]}}