{"id":583732,"date":"2023-05-15T00:08:43","date_gmt":"2023-05-15T06:08:43","guid":{"rendered":"https:\/\/www.diarioimagen.net\/?p=583732"},"modified":"2023-05-14T23:39:45","modified_gmt":"2023-05-15T05:39:45","slug":"oposicion-dispersa","status":"publish","type":"post","link":"https:\/\/www.diarioimagen.net\/?p=583732","title":{"rendered":"Oposici\u00f3n dispersa"},"content":{"rendered":"<h2>Punto por punto<\/h2>\n<h5>Augusto Corro<\/h5>\n<p>&nbsp;<\/p>\n<p>El fin de semana Marko Cort\u00e9s, l\u00edder del Partido Acci\u00f3n Nacional (PAN), estuvo en Jalisco e invit\u00f3 nuevamente a la organizaci\u00f3n Movimiento Ciudadano (MC) a sumarse a la alianza Va por M\u00e9xico.<\/p>\n<p>La invitaci\u00f3n no logr\u00f3 una respuesta positiva. Este juego pol\u00edtico de la unidad partidista tiene a la oposici\u00f3n en un camino sin rumbo. El problema es que el tiempo pol\u00edtico empieza a reducirse.<\/p>\n<p>Nos referimos a la lucha pol\u00edtica por la Presidencia de la Rep\u00fablica en 2024, en la que\u00a0 Movimiento de Regeneraci\u00f3n Nacional (Morena) lleva la delantera en las preferencias electorales, seg\u00fan las encuestas recientes.<\/p>\n<p>Situados en la realidad, los partidos pol\u00edticos opositores tienen problemas para designar a su representante a la mencionada contienda electoral. Los nombres de los posibles aspirantes reflejan una pobreza de l\u00edderes en sus filas.<\/p>\n<p>Los morenistas ya tienen a sus cuatro \u201ccorcholatas\u201d que se eliminar\u00e1n entre ellas y quien gane la encuesta ser\u00e1 la abanderada o abanderado. Es decir que ese paso hacia las presidenciales ya lo tienen superado.<\/p>\n<p>S\u00f3lo tienen que resolver las broncas internas de Morena, que dividir\u00e1 a esa organizaci\u00f3n pol\u00edtica, porque los que no sean designados no se dar\u00e1n por vencidos tan f\u00e1cilmente.<\/p>\n<p>Mientras en la oposici\u00f3n, los dirigentes, cartuchos quemados, se mueven sin br\u00fajula, su ruta la determina el viento.<\/p>\n<p>Por ejemplo, Marko Cort\u00e9s, sin proyecto alguno, convoca a la unidad en discursos sin sentido. Sus propios compa\u00f1eros le dicen que abra el partido a la sociedad civil, pero \u00e9l no escucha consejos.<\/p>\n<p>Prefiere el dirigente panista seguir por los caminos trillados de la pol\u00edtica, con precandidatos a la Presidencia de la Rep\u00fablica que no ofrecen nada nuevo. Ah\u00ed est\u00e1n dos que hacen mucho ruido, pero m\u00e1s.<\/p>\n<p>Uno de ellos es el diputado Santiago Creel, quien fue secretario de Gobernaci\u00f3n de Vicente Fox Quesada. Gracias a su manejo pol\u00edtico, se multiplicaron las casas de juego en el pa\u00eds.<\/p>\n<p>Adem\u00e1s, fue se\u00f1alado por su propio jefe, el guanajuatense, de ser uno de los dos \u201cmes\u00edas\u201d que salvar\u00e1n a M\u00e9xico. Por supuesto, hay panistas con mejores credenciales, pero Santiago Creel es el m\u00e1s citado en los aspirantes presidenciales.<\/p>\n<p>La otra \u201cmes\u00edas\u201d de Fox es la senadora sonorense Lilly T\u00e9llez, quien tambi\u00e9n busca la silla presidencial, apoyada en los esc\u00e1ndalos pol\u00edticos que protagoniza en el Senado.<\/p>\n<p>La sonorense es vocera de la l\u00ednea dura de Acci\u00f3n Nacional. Su pensamiento pol\u00edtico la lleva a solidarizarse con el partido de extrema derecha, Vox de Espa\u00f1a. No niega ni esconde sus preferencias pol\u00edticas.<\/p>\n<p>En el Partido Revolucionario Institucional (PRI) se padece el mismo mal que en el PAN. La organizaci\u00f3n poderosa en otros tiempos, ahora se maneja con una especie de dictadorzuelo, que controla a esa organizaci\u00f3n pol\u00edtica.<\/p>\n<p>Recientemente, las autoridades electorales le autorizaron al l\u00edder una mayor permanencia como presidente del Revolucionario Institucional. Su gesti\u00f3n terminar\u00e1 hasta el pr\u00f3ximo a\u00f1o. Podr\u00e1 enfrentar el proceso electoral de 2024.<\/p>\n<p>De tal manera que \u201cAlito\u201d se encargar\u00e1 de aprobar las candidaturas de los aspirantes a diferentes cargos de elecci\u00f3n popular como gobernadores, diputados, senadores, etc.<\/p>\n<p>Inclusive, el mismo l\u00edder tricolor ya manifest\u00f3 su deseo de participar como precandidato a las presidenciales de 2024. Tambi\u00e9n en esa organizaci\u00f3n pol\u00edtica se encuentran aspirantes con mejores credenciales que \u201cAlito\u201d para representar a su partido; pero no los toman en cuenta.<\/p>\n<p>En el otro partido de la alianza Va por M\u00e9xico, el Partido de la Revoluci\u00f3n Democr\u00e1tica (PRD), la pol\u00edtica no avanza. El dirigente Jes\u00fas Zambrano ya se acostumbr\u00f3 a la tranquilidad que le brinda esperar y obedecer lo que le dicten los otros integrantes de la alianza partidista opositora.<\/p>\n<p>El PRD se encuentra en v\u00edas de extinci\u00f3n, su lucha es por mantener el registro para sobrevivir.<\/p>\n<p>Son, pues, los mencionados partidos pol\u00edticos que buscan la unidad para enfrentar al oficialista Morena. \u00bfPodr\u00e1n integrar una coalici\u00f3n que preocupe a los morenistas?<\/p>\n<p>\u00bfUsted qu\u00e9 opina amable lector?<\/p>\n<p><a href=\"mailto:augustocorro2742@gmail.com\" target=\"_blank\" rel=\"noopener\"><em>augustocorro2742@gmail.com<\/em><\/a><\/p>\n","protected":false},"excerpt":{"rendered":"<p><span style=\"color: #005497;\"><strong>Augusto Corro<\/strong><\/span><\/p>\n","protected":false},"author":3,"featured_media":0,"comment_status":"open","ping_status":"open","sticky":false,"template":"","format":"standard","meta":{"_monsterinsights_skip_tracking":false,"_monsterinsights_sitenote_active":false,"_monsterinsights_sitenote_note":"","_monsterinsights_sitenote_category":0,"footnotes":""},"categories":[157],"tags":[43686,43674,11515],"class_list":["post-583732","post","type-post","status-publish","format-standard","hentry","category-augusto-corro","tag-augusto-corro","tag-opinion","tag-punto-por-punto"],"_links":{"self":[{"href":"https:\/\/www.diarioimagen.net\/index.php?rest_route=\/wp\/v2\/posts\/583732","targetHints":{"allow":["GET"]}}],"collection":[{"href":"https:\/\/www.diarioimagen.net\/index.php?rest_route=\/wp\/v2\/posts"}],"about":[{"href":"https:\/\/www.diarioimagen.net\/index.php?rest_route=\/wp\/v2\/types\/post"}],"author":[{"embeddable":true,"href":"https:\/\/www.diarioimagen.net\/index.php?rest_route=\/wp\/v2\/users\/3"}],"replies":[{"embeddable":true,"href":"https:\/\/www.diarioimagen.net\/index.php?rest_route=%2Fwp%2Fv2%2Fcomments&post=583732"}],"version-history":[{"count":0,"href":"https:\/\/www.diarioimagen.net\/index.php?rest_route=\/wp\/v2\/posts\/583732\/revisions"}],"wp:attachment":[{"href":"https:\/\/www.diarioimagen.net\/index.php?rest_route=%2Fwp%2Fv2%2Fmedia&parent=583732"}],"wp:term":[{"taxonomy":"category","embeddable":true,"href":"https:\/\/www.diarioimagen.net\/index.php?rest_route=%2Fwp%2Fv2%2Fcategories&post=583732"},{"taxonomy":"post_tag","embeddable":true,"href":"https:\/\/www.diarioimagen.net\/index.php?rest_route=%2Fwp%2Fv2%2Ftags&post=583732"}],"curies":[{"name":"wp","href":"https:\/\/api.w.org\/{rel}","templated":true}]}}