{"id":583868,"date":"2023-05-16T00:02:39","date_gmt":"2023-05-16T06:02:39","guid":{"rendered":"https:\/\/www.diarioimagen.net\/?p=583868"},"modified":"2023-05-16T00:37:08","modified_gmt":"2023-05-16T06:37:08","slug":"la-cnte-le-juega-las-contras-a-lopez-obrador","status":"publish","type":"post","link":"https:\/\/www.diarioimagen.net\/?p=583868","title":{"rendered":"La CNTE le juega las contras a L\u00f3pez Obrador"},"content":{"rendered":"<h2>La Retaguardia<\/h2>\n<h5>Adriana Moreno Cordero<\/h5>\n<p>&nbsp;<\/p>\n<ul>\n<li><strong><em>Gobernadores morenistas no le van a hacer caso a Marcelo Ebrard<\/em><\/strong><\/li>\n<\/ul>\n<p>&nbsp;<\/p>\n<p>En el D\u00eda del Maestro, los antiguos aliados del presidente <strong>Andr\u00e9s Manuel L\u00f3pez Obrador<\/strong>, al parecer se le voltearon y mientras el tabasque\u00f1o anunciaba \u201ccon bombo y platillo\u201d un aumento de 8.2 por ciento a los trabajadores del magisterio, miembros de la Coordinadora Nacional de Trabajadores de la Educaci\u00f3n, (CNTE) marcharon por las calles principales de la capital de la Rep\u00fablica, a la voz de \u201cgobierne quien gobierne, los derechos se defienden\u201d, demandando que este generoso aumento no resulta suficiente porque es inferior a lo que la inflaci\u00f3n ha aumentado.<\/p>\n<p>Nada bien le cay\u00f3 al inquilino de Palacio Nacional que el gremio que lo ayud\u00f3 llegar a la Presidencia de la Rep\u00fablica, le juegue ahora las contras y en el desaire total, los de la CNTE acordaron no asistir a la comida que ofreci\u00f3 L\u00f3pez Obrador a los maestros y en cambio, instalaron un plant\u00f3n en la mism\u00edsima plancha del Z\u00f3calo capitalino, a donde llegaron procedente de San Cosme.<\/p>\n<p>\u201cEl Presidente dijo que recibiremos un incremento de 8.2% al salario de los maestros. Nosotros decimos categ\u00f3ricamente que esto es mentira, que el incremento del salario se ve superado por la inflaci\u00f3n, que es del 10%, por la p\u00e9rdida del poder adquisitivo que lleva en este sexenio, ya es m\u00e1s del 40 por ciento\u201d, se\u00f1al\u00f3 el l\u00edder de la Secci\u00f3n 9, de la Coordinadora, <strong>Pedro Hern\u00e1ndez<\/strong>.<\/p>\n<p>Tampoco le cay\u00f3 muy bien que digamos al inquilino de Palacio Nacional, que en la comida de referencia, en la que de seguro hubo \u201ctamalitos de chipil\u00edn\u201d, el secretario general del Sindicato Nacional de Trabajadores de la Educaci\u00f3n, (SNTE), <strong>Alfonso Cepeda<\/strong>, le haya dado su lista de peticiones al Ejecutivo en la que demanda m\u00e1s recursos, plazas y espacios para influir en la entrega de ascensos y promociones en la carrera magisterial. M\u00e1s a\u00fan porque las comidas en Palacio Nacional, de acuerdo a la experiencia, se hacen para \u201cpasar la charola\u201d.<\/p>\n<p>Y del papel que pudo haber hecho la flamante e imperceptible secretaria de Educaci\u00f3n P\u00fablica, <strong>Leticia Ram\u00edrez Amaya<\/strong>, pues ni qu\u00e9 decir; no puede responder preguntas b\u00e1sicas que competen a la dependencia que encabeza, menos lo referente a un posible conflicto, en este caso, con la CNTE, o las exigencias del SNTE.<\/p>\n<p>Desde luego hay que recordar que la se\u00f1ora Ram\u00edrez Amaya no ha igualado la labor realizada por su antecesora, <strong>Delfina G\u00f3mez<\/strong>, que dej\u00f3 hecha un desastre a la SEP y con un importante desfalco, que por cierto, nunca ha sido aclarado, ni lo ser\u00e1, por lo menos en esta errada y llamada cuarta transformaci\u00f3n.<\/p>\n<p>\u00bfSer\u00e1 que al Presidente le interese tener de su parte a los miembros de la Coordinadora?, esto, para las elecciones de 2024, donde contra viento y marea est\u00e1 empe\u00f1ado en imponer a una de sus \u201ccorcholatas\u201d, sea de unidad o no.<\/p>\n<p>Asimismo, habr\u00e1 que estar atentos a lo que haga la CNTE en las ya muy pr\u00f3ximas elecciones a celebrarse el 4 de junio en el Estado de M\u00e9xico y Coahuila.<\/p>\n<p>Y a prop\u00f3sito de \u201ccorcholatas y corcholatos\u201d, en Palacio Nacional las cosas se ponen cada vez m\u00e1s complicadas, sin que el mism\u00edsimo L\u00f3pez Obrador lo pueda resolver. Ya se consignaba en este espacio en anterior entrega que, abiertamente los gobernadores emanados de Morena han mostrado su preferencia por uno y otra \u201ccorcholata\u201d y es precisamente la flamante jefa de Gobierno de la Ciudad de M\u00e9xico, Claudia Sheinbaum, la que se lleva la mayor\u00eda de las preferencias entre los mandatarios estatales, ello, en detrimento del secretario de Relaciones Exteriores, <strong>Marcelo Ebrard,<\/strong> que est\u00e1 a punto de explotar por aquello de que la contienda interna presidencial morenista tiene todo menos \u201cpiso parejo\u201d, hizo un llamado a los gobernadores morenistas a calmarse y que si en todo caso quieren apoyar a alg\u00fan aspirante, pues que pidan licencia en sus cargos.<\/p>\n<p>Espec\u00edficamente se\u00f1al\u00f3 el canciller: \u201cLa prudencia de hacer caso a la ley y a lo que nos est\u00e1 marcando el propio Presidente de la Rep\u00fablica. No te puedes convertir en el promotor de la campa\u00f1a o precampa\u00f1a de una u otro de los que estamos participando, eso es lo que no debe ser, ese es el l\u00edmite\u201d. Sin embargo, los mandatarios estatales morenistas no est\u00e1n dispuestos a hacerle mucho caso, ni siquiera un poco, al titular de la SRE.<\/p>\n<p style=\"text-align: center;\"><strong>Municiones<\/strong><\/p>\n<p>*** Papelazo el que hizo el flamante coordinador de la bancada de Morena en la C\u00e1mara de Diputados, <strong>Ignacio Mier Velazco<\/strong>, cuando presuroso, hizo manifiesto el sentir de su fracci\u00f3n parlamentaria y de \u00e9l mismo para que por medio de consulta \u201cpatito\u201d, de esas que tanto le gustan al presidente L\u00f3pez Obrador, ahora para que \u201cel pueblo sabio y bueno\u201d, elija por votaci\u00f3n directa a los ministros y magistrados del Poder Judicial. Bueno, no podr\u00eda esperarse mucho del diputado por Puebla, pues no es abogado, no obstante, se hubiera asesorado con especialistas que le dijeran que las reformas constitucionales no pueden someterse a la \u201cconsulta popular\u201d de la que tanto alardean en esta errada y llamada Cuarta Transformaci\u00f3n.<\/p>\n<p>*** De pasada y sobre este mismo tema, que alguien le avise lo mismo al primo del diputado Ignacio Mier. Resulta que el presidente de la Mesa Directiva del Senado de la Rep\u00fablica, <strong>Alejandro Armenta<\/strong>, sigue insistiendo, al igual que su pariente, en que \u201ces necesario democratizar al Poder Judicial, que los jueces y magistrados sean elegidos de manera directa por la ciudadan\u00eda, y que est\u00e9n sujetos a la rendici\u00f3n de cuentas en el manejo de los recursos p\u00fablicos\u201d.\u00a0Cabe destacar que el senador Armenta tampoco es abogado, sin embargo, sigue cuestionando la situaci\u00f3n de privilegio que tienen ministros y magistrados al considerar inadmisible que tengan sueldos cercanos a los 300 mil pesos mensuales, aguinaldos de alrededor de 586 mil pesos,\u00a0primas vacacionales por 95 mil pesos, vi\u00e1ticos por 723 mil 690 pesos anuales, as\u00ed como una pensi\u00f3n vitalicia de casi la totalidad de su sueldo cuando se retiran.\u00a0En entrevista, Alejandro Armenta record\u00f3 que el pasado 27 de abril, enlist\u00f3 un proyecto para reformar el art\u00edculo 94 de la Constituci\u00f3n, a fin de que se realicen elecciones para definir a los integrantes del Poder Judi-cial,\u00a0tal como sucede con el Ejecutivo federal y los miembros del Poder Legislativo.<\/p>\n<p>*** El senador Armenta refiri\u00f3 que la austeridad republicana \u201ces un principio que atiende las necesidades sociales del pa\u00eds, por lo cual, el Presidente, as\u00ed como las y los senadores de Morena adoptaron ese compromiso, para evitar los dispendios y el abuso en el uso de los recursos p\u00fablicos, a diferencia de jueces y magistrados\u201d. Bueno, en esto \u00faltimo tendr\u00eda que ser m\u00e1s cauto el presidente de la Mesa Directiva de la C\u00e1mara alta, pues se han exhibido los lujos que se pueden dar los cercanos al presidente L\u00f3pez Obrador con aquello de la austeridad republicana que nunca lleg\u00f3 a ser \u201cpobreza franciscana\u201d, como lo anunci\u00f3 hacia la mitad de su gesti\u00f3n el tabasque\u00f1o. \u00a1Qu\u00e9 tal!<\/p>\n<p><u><a href=\"mailto:morcora@gmail.com\" target=\"_blank\" rel=\"noopener noreferrer\"><em>morcora@gmail.com<\/em><\/a><\/u><\/p>\n","protected":false},"excerpt":{"rendered":"<p><span style=\"color: #005497;\"><strong>Adriana Moreno Cordero<\/strong><\/span><\/p>\n","protected":false},"author":3,"featured_media":0,"comment_status":"open","ping_status":"open","sticky":false,"template":"","format":"standard","meta":{"_monsterinsights_skip_tracking":false,"_monsterinsights_sitenote_active":false,"_monsterinsights_sitenote_note":"","_monsterinsights_sitenote_category":0,"footnotes":""},"categories":[69370],"tags":[69369,69368,43674],"class_list":["post-583868","post","type-post","status-publish","format-standard","hentry","category-adriana-moreno-cordero","tag-adriana-moreno-cordero","tag-la-retaguardia","tag-opinion"],"_links":{"self":[{"href":"https:\/\/www.diarioimagen.net\/index.php?rest_route=\/wp\/v2\/posts\/583868","targetHints":{"allow":["GET"]}}],"collection":[{"href":"https:\/\/www.diarioimagen.net\/index.php?rest_route=\/wp\/v2\/posts"}],"about":[{"href":"https:\/\/www.diarioimagen.net\/index.php?rest_route=\/wp\/v2\/types\/post"}],"author":[{"embeddable":true,"href":"https:\/\/www.diarioimagen.net\/index.php?rest_route=\/wp\/v2\/users\/3"}],"replies":[{"embeddable":true,"href":"https:\/\/www.diarioimagen.net\/index.php?rest_route=%2Fwp%2Fv2%2Fcomments&post=583868"}],"version-history":[{"count":0,"href":"https:\/\/www.diarioimagen.net\/index.php?rest_route=\/wp\/v2\/posts\/583868\/revisions"}],"wp:attachment":[{"href":"https:\/\/www.diarioimagen.net\/index.php?rest_route=%2Fwp%2Fv2%2Fmedia&parent=583868"}],"wp:term":[{"taxonomy":"category","embeddable":true,"href":"https:\/\/www.diarioimagen.net\/index.php?rest_route=%2Fwp%2Fv2%2Fcategories&post=583868"},{"taxonomy":"post_tag","embeddable":true,"href":"https:\/\/www.diarioimagen.net\/index.php?rest_route=%2Fwp%2Fv2%2Ftags&post=583868"}],"curies":[{"name":"wp","href":"https:\/\/api.w.org\/{rel}","templated":true}]}}