{"id":583963,"date":"2023-05-17T00:06:38","date_gmt":"2023-05-17T06:06:38","guid":{"rendered":"https:\/\/www.diarioimagen.net\/?p=583963"},"modified":"2023-05-18T01:41:05","modified_gmt":"2023-05-18T07:41:05","slug":"la-uaemex-promueve-la-politica-de-cero-tolerancia-a-cualquier-tipo-de-violencia","status":"publish","type":"post","link":"https:\/\/www.diarioimagen.net\/?p=583963","title":{"rendered":"La UAEM\u00e9x promueve la pol\u00edtica de cero tolerancia a cualquier tipo de violencia"},"content":{"rendered":"<p>&nbsp;<\/p>\n<ul>\n<li><em><strong>\u00a1T\u00fa denuncia s\u00ed funciona!<\/strong><\/em><\/li>\n<\/ul>\n<p><strong>\u00a0<\/strong><\/p>\n<p><a href=\"https:\/\/www.diarioimagen.net\/?attachment_id=584052\" rel=\"attachment wp-att-584052\"><img loading=\"lazy\" decoding=\"async\" class=\"aligncenter wp-image-584052\" src=\"https:\/\/www.diarioimagen.net\/wp-content\/uploads\/2023\/05\/uaem-promueve.jpg\" alt=\"\" width=\"420\" height=\"398\" \/><\/a><\/p>\n<p>&nbsp;<\/p>\n<p><strong>Toluca, Estado de M\u00e9xico.\u2014 <\/strong>Con el objetivo de erradicar la violencia en sus distintos tipos y modalidades, con especial \u00e9nfasis en la violencia de g\u00e9nero, la Universidad Aut\u00f3noma del Estado de M\u00e9xico (UAEM\u00e9x) promueve la denuncia para generar un espacio libre de violencia dentro de la comunidad universitaria.<\/p>\n<p>Desde el inicio de operaciones de la Direcci\u00f3n de Responsabilidad Universitaria se han resuelto 402 asuntos y se han sancionado 241 personas, 124 estudiantes y 117 docentes. La administraci\u00f3n 2021-2025, ha impulsado acciones certeras y eficaces ante casos de violencia y acoso, por ello cuenta con modernos procedimientos y normas que sancionan la vulneraci\u00f3n de los derechos universitarios y humanos. Adem\u00e1s, se ha contratado y capacitado a personal especializado para dar seguimiento a las denuncias de acoso, hostigamiento, violencia sexual, cyberbullying y bullying, consideradas faltas graves.<\/p>\n<p>La Oficina de la Abogada General cuenta con la Direcci\u00f3n de Responsabilidad Universitaria, que atiende procedimientos relacionados con docentes y estudiantes, y la Direcci\u00f3n de Responsabilidad Administrativa, dependiente de la Direcci\u00f3n General de Control de la Gesti\u00f3n Universitaria, la cual da seguimiento a los casos en los que est\u00e9 involucrado personal administrativo.<\/p>\n<p>La UAEM\u00e9x reitera su pol\u00edtica de cero tolerancia a cualquier tipo de violencia dentro de la comunidad universitaria.<\/p>\n","protected":false},"excerpt":{"rendered":"<p>Con el objetivo de erradicar la violencia en sus distintos tipos y modalidades, con especial \u00e9nfasis en la violencia de g\u00e9nero, la Universidad Aut\u00f3noma del Estado de M\u00e9xico (UAEM\u00e9x) promueve la denuncia para generar un espacio libre de violencia dentro de la comunidad universitaria.<\/p>\n","protected":false},"author":3,"featured_media":584053,"comment_status":"open","ping_status":"open","sticky":false,"template":"","format":"standard","meta":{"_monsterinsights_skip_tracking":false,"_monsterinsights_sitenote_active":false,"_monsterinsights_sitenote_note":"","_monsterinsights_sitenote_category":0,"footnotes":""},"categories":[5],"tags":[69789,67878,5066],"class_list":["post-583963","post","type-post","status-publish","format-standard","has-post-thumbnail","hentry","category-estado-de-mexico","tag-promueve","tag-uaemex","tag-violencia"],"_links":{"self":[{"href":"https:\/\/www.diarioimagen.net\/index.php?rest_route=\/wp\/v2\/posts\/583963","targetHints":{"allow":["GET"]}}],"collection":[{"href":"https:\/\/www.diarioimagen.net\/index.php?rest_route=\/wp\/v2\/posts"}],"about":[{"href":"https:\/\/www.diarioimagen.net\/index.php?rest_route=\/wp\/v2\/types\/post"}],"author":[{"embeddable":true,"href":"https:\/\/www.diarioimagen.net\/index.php?rest_route=\/wp\/v2\/users\/3"}],"replies":[{"embeddable":true,"href":"https:\/\/www.diarioimagen.net\/index.php?rest_route=%2Fwp%2Fv2%2Fcomments&post=583963"}],"version-history":[{"count":0,"href":"https:\/\/www.diarioimagen.net\/index.php?rest_route=\/wp\/v2\/posts\/583963\/revisions"}],"wp:featuredmedia":[{"embeddable":true,"href":"https:\/\/www.diarioimagen.net\/index.php?rest_route=\/wp\/v2\/media\/584053"}],"wp:attachment":[{"href":"https:\/\/www.diarioimagen.net\/index.php?rest_route=%2Fwp%2Fv2%2Fmedia&parent=583963"}],"wp:term":[{"taxonomy":"category","embeddable":true,"href":"https:\/\/www.diarioimagen.net\/index.php?rest_route=%2Fwp%2Fv2%2Fcategories&post=583963"},{"taxonomy":"post_tag","embeddable":true,"href":"https:\/\/www.diarioimagen.net\/index.php?rest_route=%2Fwp%2Fv2%2Ftags&post=583963"}],"curies":[{"name":"wp","href":"https:\/\/api.w.org\/{rel}","templated":true}]}}