{"id":583978,"date":"2023-05-17T00:02:23","date_gmt":"2023-05-17T06:02:23","guid":{"rendered":"https:\/\/www.diarioimagen.net\/?p=583978"},"modified":"2023-05-17T03:12:57","modified_gmt":"2023-05-17T09:12:57","slug":"inauguran-la-plaza-de-la-unidad-sindical-y-el-monumento-al-magisterio-mexiquense","status":"publish","type":"post","link":"https:\/\/www.diarioimagen.net\/?p=583978","title":{"rendered":"Inauguran la Plaza de la Unidad Sindical y el Monumento al Magisterio Mexiquense"},"content":{"rendered":"<p>&nbsp;<\/p>\n<ul>\n<li><em><strong>Conmemoraci\u00f3n del D\u00eda del Maestro en Toluca<\/strong><\/em><\/li>\n<\/ul>\n<p>&nbsp;<\/p>\n<div id=\"attachment_584073\" style=\"width: 470px\" class=\"wp-caption aligncenter\"><a href=\"https:\/\/www.diarioimagen.net\/?attachment_id=584073\" rel=\"attachment wp-att-584073\"><img loading=\"lazy\" decoding=\"async\" aria-describedby=\"caption-attachment-584073\" class=\"size-full wp-image-584073\" src=\"https:\/\/www.diarioimagen.net\/wp-content\/uploads\/2023\/05\/inauguran-plaza.jpg\" alt=\"\" width=\"460\" height=\"270\" \/><\/a><p id=\"caption-attachment-584073\" class=\"wp-caption-text\">El Sindicato de Maestros al Servicio del Estado de M\u00e9xico inaugur\u00f3 la Plaza de la Unidad Sindical y el Monumento al Magisterio Mexiquense.<\/p><\/div>\n<p>&nbsp;<\/p>\n<p><strong>Toluca, Estado de M\u00e9xico.\u2014<\/strong> En el marco de la conmemoraci\u00f3n del D\u00eda del Maestro, el Sindicato de Maestros al Servicio del Estado de M\u00e9xico (SMSEM) inaugur\u00f3 la Plaza de la Unidad Sindical y el Monumento al Magisterio Mexiquense, adem\u00e1s de la remodelaci\u00f3n de un gimnasio de usos m\u00faltiples en las instalaciones de la organizaci\u00f3n localizadas en Santa Cruz Azcapotzaltongo.<\/p>\n<p>Como parte de esta conmemoraci\u00f3n, el Secretario General del SMSEM y el Secretario de Educaci\u00f3n encabezaron la primera Guardia de Honor al pie de este monumento, con la imagen de la Diosa Minerva y la representaci\u00f3n de lo que es un maestro mexiquense: \u201cL\u00edderes acad\u00e9micos, artesanos del saber, ap\u00f3stoles de la educaci\u00f3n e incandescentes faros de luz\u201d que orientan el devenir de la sociedad.<\/p>\n<p>\u201cEs en esta monumental obra en donde abrevamos las figuras de un maestro se\u00f1alando el rumbo, intentando seguir el fulgor resplandeciente de las aulas escolares y dirigiendo a un grupo de alumnos de diferentes edades, hasta recibir el birrete de graduaci\u00f3n\u201d, explic\u00f3 el dirigente magisterial.<\/p>\n<p>Luego de expresar una felicitaci\u00f3n a los m\u00e1s de 105 mil maestros afiliados a la organizaci\u00f3n, el l\u00edder del magisterio mexiquense reconoci\u00f3 el respaldo y apoyo del titular del Ejecutivo estatal, as\u00ed como el acompa\u00f1amiento de los titulares de Educaci\u00f3n y Finanzas, al autorizar el est\u00edmulo econ\u00f3mico con motivo del D\u00eda de las Maestras y Maestras 2023.<\/p>\n<p>Asimismo, hizo un llamado a trabajar juntos y unidos para seguir construyendo \u201cun Estado de M\u00e9xico cada vez m\u00e1s justo, moderno, equitativo e igualitario\u201d.<\/p>\n<p>Por su parte, el representante del gobierno estatal expres\u00f3 el reconocimiento a la labor que realizan los maestros en favor del desarrollo personal, familiar y social de los mexiquenses y afirm\u00f3 que la Secretar\u00eda de Educaci\u00f3n reconoce la importancia del SMSEM y su compromiso social demostrado d\u00eda con d\u00eda. En el acto estuvieron presentes integrantes del Comit\u00e9 Ejecutivo Estatal del SMSEM, ex l\u00edderes de la organizaci\u00f3n, subsecretarios y directores de las secretar\u00edas de Educaci\u00f3n y Finanzas, as\u00ed como comisiones especiales, delegados sindicales y representantes de otros sindicatos magisteriales.<\/p>\n","protected":false},"excerpt":{"rendered":"<p>En el marco de la conmemoraci\u00f3n del D\u00eda del Maestro, el Sindicato de Maestros al Servicio del Estado de M\u00e9xico (SMSEM) inaugur\u00f3 la Plaza de la Unidad Sindical y el Monumento al Magisterio Mexiquense, adem\u00e1s de la remodelaci\u00f3n de un gimnasio de usos m\u00faltiples en las instalaciones de la organizaci\u00f3n localizadas en Santa Cruz Azcapotzaltongo.<\/p>\n","protected":false},"author":3,"featured_media":584073,"comment_status":"open","ping_status":"open","sticky":false,"template":"","format":"standard","meta":{"_monsterinsights_skip_tracking":false,"_monsterinsights_sitenote_active":false,"_monsterinsights_sitenote_note":"","_monsterinsights_sitenote_category":0,"footnotes":""},"categories":[5],"tags":[43675,657,452],"class_list":["post-583978","post","type-post","status-publish","format-standard","has-post-thumbnail","hentry","category-estado-de-mexico","tag-estado-de-mexico","tag-smsem","tag-toluca"],"_links":{"self":[{"href":"https:\/\/www.diarioimagen.net\/index.php?rest_route=\/wp\/v2\/posts\/583978","targetHints":{"allow":["GET"]}}],"collection":[{"href":"https:\/\/www.diarioimagen.net\/index.php?rest_route=\/wp\/v2\/posts"}],"about":[{"href":"https:\/\/www.diarioimagen.net\/index.php?rest_route=\/wp\/v2\/types\/post"}],"author":[{"embeddable":true,"href":"https:\/\/www.diarioimagen.net\/index.php?rest_route=\/wp\/v2\/users\/3"}],"replies":[{"embeddable":true,"href":"https:\/\/www.diarioimagen.net\/index.php?rest_route=%2Fwp%2Fv2%2Fcomments&post=583978"}],"version-history":[{"count":0,"href":"https:\/\/www.diarioimagen.net\/index.php?rest_route=\/wp\/v2\/posts\/583978\/revisions"}],"wp:featuredmedia":[{"embeddable":true,"href":"https:\/\/www.diarioimagen.net\/index.php?rest_route=\/wp\/v2\/media\/584073"}],"wp:attachment":[{"href":"https:\/\/www.diarioimagen.net\/index.php?rest_route=%2Fwp%2Fv2%2Fmedia&parent=583978"}],"wp:term":[{"taxonomy":"category","embeddable":true,"href":"https:\/\/www.diarioimagen.net\/index.php?rest_route=%2Fwp%2Fv2%2Fcategories&post=583978"},{"taxonomy":"post_tag","embeddable":true,"href":"https:\/\/www.diarioimagen.net\/index.php?rest_route=%2Fwp%2Fv2%2Ftags&post=583978"}],"curies":[{"name":"wp","href":"https:\/\/api.w.org\/{rel}","templated":true}]}}