{"id":583979,"date":"2023-05-17T00:03:58","date_gmt":"2023-05-17T06:03:58","guid":{"rendered":"https:\/\/www.diarioimagen.net\/?p=583979"},"modified":"2023-05-17T03:11:54","modified_gmt":"2023-05-17T09:11:54","slug":"promete-delfina-gomez-atender-a-fondo-los-casos-de-desapariciones-en-el-edomex","status":"publish","type":"post","link":"https:\/\/www.diarioimagen.net\/?p=583979","title":{"rendered":"Promete Delfina G\u00f3mez atender a fondo los casos de desapariciones en el Edomex"},"content":{"rendered":"<p>&nbsp;<\/p>\n<ul>\n<li><em><strong>Destaca la importancia de actuar inmediatamente<\/strong><\/em><\/li>\n<\/ul>\n<p>&nbsp;<\/p>\n<div id=\"attachment_584071\" style=\"width: 470px\" class=\"wp-caption aligncenter\"><a href=\"https:\/\/www.diarioimagen.net\/?attachment_id=584071\" rel=\"attachment wp-att-584071\"><img loading=\"lazy\" decoding=\"async\" aria-describedby=\"caption-attachment-584071\" class=\"size-full wp-image-584071\" src=\"https:\/\/www.diarioimagen.net\/wp-content\/uploads\/2023\/05\/promete-delfina.jpg\" alt=\"\" width=\"460\" height=\"270\" \/><\/a><p id=\"caption-attachment-584071\" class=\"wp-caption-text\">Delfina \u00c1lvarez, candidata a gobernadora del Estado de M\u00e9xico por Morena, PT y PVEM, asegur\u00f3 que en su gobierno se trabajar\u00e1 en poner un alto a desapariciones.<\/p><\/div>\n<p>&nbsp;<\/p>\n<p><strong>Huixquilucan, Estado de M\u00e9xico.\u2014<\/strong> La maestra Delfina G\u00f3mez, candidata a gobernadora del Estado de M\u00e9xico por Morena, PT y PVEM, asegur\u00f3 que en su gobierno se trabajar\u00e1 en poner un alto a las desapariciones y destac\u00f3 la importancia de que las autoridades act\u00faen de manera inmediata para hacer frente a este grave problema.<\/p>\n<p>Durante su visita al municipio de Huixquilucan, la maestra indic\u00f3 que los altos \u00edndices de violencia, desapariciones y feminicidios que se viven en el Estado de M\u00e9xico lo han llevado a ocupar el primer lugar a nivel nacional en la comisi\u00f3n de estos delitos.<\/p>\n<p>\u201cEs importante actuar inmediatamente en casos de desapariciones, los minutos son oro. Muchas autoridades todav\u00eda tienden a esperar 72 horas para dar atenci\u00f3n, hay que dar atenci\u00f3n inmediata y eso reducir\u00eda este problema\u201d, se\u00f1al\u00f3 la maestra Delfina G\u00f3mez.<\/p>\n<p>Asimismo, la candidata a gobernadora del Estado de M\u00e9xico por la candidatura com\u00fan \u201cJuntos Hacemos Historia en el Estado de M\u00e9xico\u201d integrada por los partidos Morena, PT y PVEM, record\u00f3 la desaparici\u00f3n de una ni\u00f1a en Texcoco y que afortunadamente pudieron encontrarla gracias a una pronta actuaci\u00f3n de las autoridades.<\/p>\n<p>\u201cCuando fui presidenta municipal de Texcoco, hubo una peque\u00f1ita que desapareci\u00f3, la sustrajeron y su mam\u00e1 trabajaba en un mercado.<\/p>\n<p>Lo que hicimos fue dedicarnos y abocarnos de manera inmediata a encontrar a la peque\u00f1a; afortunadamente los medios de comunicaci\u00f3n nos apoyaron, los compa\u00f1eros de seguridad trabajaron muy r\u00e1pido y s\u00ed logramos encontrarla. Esta peque\u00f1a estaba en Nicaragua y pudimos ir por ella y la trajimos a su casa con su familia\u201d, coment\u00f3 la candidata morenista Delfina G\u00f3mez.<\/p>\n<p>La maestra Delfina G\u00f3mez record\u00f3 que durante su recorrido por los 125 municipios del Estado de M\u00e9xico, ha tenido la oportunidad de platicar con familias que han sido v\u00edctimas de desaparici\u00f3n.<\/p>\n<p>\u201cHemos tenido la oportunidad de platicar con algunas familias que padecen una desaparici\u00f3n de alg\u00fan familiar y de verdad es muy triste y lamentable, creo que las familias est\u00e1n muertas en vida, porque no solamente sufre la v\u00edctima, sino tambi\u00e9n la familia ante el impacto de tener un familiar desaparecido\u201d, asegur\u00f3 la maestra Delfina G\u00f3mez.<\/p>\n<p>La candidata morenista Delfina G\u00f3mez agreg\u00f3 que ante una situaci\u00f3n de desaparici\u00f3n, tambi\u00e9n es importante atender a los familiares que con el impacto pueden verse afectados en su salud y econ\u00f3micamente.<\/p>\n<p>\u201cNo s\u00f3lo se tiene que atender a la v\u00edctima, se tiene que atender a la familia porque tambi\u00e9n queda en indefensi\u00f3n. Por eso es importante otorgar en tiempo y forma la atenci\u00f3n a quienes llegan a desaparecer\u201d, asegur\u00f3 la maestra Delfina G\u00f3mez.<\/p>\n<p>M\u00e1s tarde, la maestra Delfina G\u00f3mez visit\u00f3 los municipios de Nicol\u00e1s Romero, donde expuso sus propuestas ante m\u00e1s de 15 mil personas; Nextlalpan y Tonanitla acompa\u00f1ada y respaldada por Martha Guerrero, presidenta del Comit\u00e9 Ejecutivo Estatal de Morena; Jos\u00e9 Couttolenc, secretario general del PVEM en el Estado de M\u00e9xico; as\u00ed como de Norberto Morales Poblete dirigente estatal del Partido del Trabajo.<\/p>\n","protected":false},"excerpt":{"rendered":"<p>La maestra Delfina G\u00f3mez, candidata a gobernadora del Estado de M\u00e9xico por Morena, PT y PVEM, asegur\u00f3 que en su gobierno se trabajar\u00e1 en poner un alto a las desapariciones y destac\u00f3 la importancia de que las autoridades act\u00faen de manera inmediata para hacer frente a este grave problema.<\/p>\n","protected":false},"author":3,"featured_media":584071,"comment_status":"open","ping_status":"open","sticky":false,"template":"","format":"standard","meta":{"_monsterinsights_skip_tracking":false,"_monsterinsights_sitenote_active":false,"_monsterinsights_sitenote_note":"","_monsterinsights_sitenote_category":0,"footnotes":""},"categories":[5],"tags":[80864,43675,1097,366],"class_list":["post-583979","post","type-post","status-publish","format-standard","has-post-thumbnail","hentry","category-estado-de-mexico","tag-desapariciones","tag-estado-de-mexico","tag-huixquilucan","tag-pt"],"_links":{"self":[{"href":"https:\/\/www.diarioimagen.net\/index.php?rest_route=\/wp\/v2\/posts\/583979","targetHints":{"allow":["GET"]}}],"collection":[{"href":"https:\/\/www.diarioimagen.net\/index.php?rest_route=\/wp\/v2\/posts"}],"about":[{"href":"https:\/\/www.diarioimagen.net\/index.php?rest_route=\/wp\/v2\/types\/post"}],"author":[{"embeddable":true,"href":"https:\/\/www.diarioimagen.net\/index.php?rest_route=\/wp\/v2\/users\/3"}],"replies":[{"embeddable":true,"href":"https:\/\/www.diarioimagen.net\/index.php?rest_route=%2Fwp%2Fv2%2Fcomments&post=583979"}],"version-history":[{"count":0,"href":"https:\/\/www.diarioimagen.net\/index.php?rest_route=\/wp\/v2\/posts\/583979\/revisions"}],"wp:featuredmedia":[{"embeddable":true,"href":"https:\/\/www.diarioimagen.net\/index.php?rest_route=\/wp\/v2\/media\/584071"}],"wp:attachment":[{"href":"https:\/\/www.diarioimagen.net\/index.php?rest_route=%2Fwp%2Fv2%2Fmedia&parent=583979"}],"wp:term":[{"taxonomy":"category","embeddable":true,"href":"https:\/\/www.diarioimagen.net\/index.php?rest_route=%2Fwp%2Fv2%2Fcategories&post=583979"},{"taxonomy":"post_tag","embeddable":true,"href":"https:\/\/www.diarioimagen.net\/index.php?rest_route=%2Fwp%2Fv2%2Ftags&post=583979"}],"curies":[{"name":"wp","href":"https:\/\/api.w.org\/{rel}","templated":true}]}}