{"id":583981,"date":"2023-05-17T00:04:20","date_gmt":"2023-05-17T06:04:20","guid":{"rendered":"https:\/\/www.diarioimagen.net\/?p=583981"},"modified":"2023-05-17T03:11:21","modified_gmt":"2023-05-17T09:11:21","slug":"realiza-el-ieem-simulacro-de-resultados-electorales-preliminares","status":"publish","type":"post","link":"https:\/\/www.diarioimagen.net\/?p=583981","title":{"rendered":"Realiza el IEEM simulacro de resultados electorales preliminares"},"content":{"rendered":"<p>&nbsp;<\/p>\n<p><a href=\"https:\/\/www.diarioimagen.net\/?attachment_id=584069\" rel=\"attachment wp-att-584069\"><img loading=\"lazy\" decoding=\"async\" class=\"aligncenter size-full wp-image-584069\" src=\"https:\/\/www.diarioimagen.net\/wp-content\/uploads\/2023\/05\/realiza-iem.jpg\" alt=\"\" width=\"460\" height=\"270\" \/><\/a><\/p>\n<p>&nbsp;<\/p>\n<p><strong>Valle de M\u00e9xico.\u2014 <\/strong>Rumbo a la jornada del pr\u00f3ximo 4 de junio, el Instituto Electoral del Estado de M\u00e9xico (IEEM) llev\u00f3 a cabo el Primer Simulacro del Programa de Resultados Electorales Preliminares (PREP), el mecanismo de informaci\u00f3n que proporciona los resultados previos y no definitivos de la elecci\u00f3n.<\/p>\n<p>La Comisi\u00f3n Especial para la Atenci\u00f3n del Programa de Resultados Electorales Preliminares (CEPAPREP) presidida por la Consejera Electoral Patricia Lozano Sanabria, e integrada por los Consejeros Francisco Bello Corona y Sandra L\u00f3pez Bringas, as\u00ed como por las representaciones de los Partidos Pol\u00edticos, encabez\u00f3 este ejercicio cuyo objetivo fue evaluar el funcionamiento del sistema inform\u00e1tico, as\u00ed como sus respectivos procedimientos.<\/p>\n","protected":false},"excerpt":{"rendered":"<p>Rumbo a la jornada del pr\u00f3ximo 4 de junio, el Instituto Electoral del Estado de M\u00e9xico (IEEM) llev\u00f3 a cabo el Primer Simulacro del Programa de Resultados Electorales Preliminares (PREP), el mecanismo de informaci\u00f3n que proporciona los resultados previos y no definitivos de la elecci\u00f3n.<\/p>\n","protected":false},"author":3,"featured_media":584069,"comment_status":"open","ping_status":"open","sticky":false,"template":"","format":"standard","meta":{"_monsterinsights_skip_tracking":false,"_monsterinsights_sitenote_active":false,"_monsterinsights_sitenote_note":"","_monsterinsights_sitenote_category":0,"footnotes":""},"categories":[5],"tags":[97896,9565],"class_list":["post-583981","post","type-post","status-publish","format-standard","has-post-thumbnail","hentry","category-estado-de-mexico","tag-patricia-lozano-sanabria","tag-prep"],"_links":{"self":[{"href":"https:\/\/www.diarioimagen.net\/index.php?rest_route=\/wp\/v2\/posts\/583981","targetHints":{"allow":["GET"]}}],"collection":[{"href":"https:\/\/www.diarioimagen.net\/index.php?rest_route=\/wp\/v2\/posts"}],"about":[{"href":"https:\/\/www.diarioimagen.net\/index.php?rest_route=\/wp\/v2\/types\/post"}],"author":[{"embeddable":true,"href":"https:\/\/www.diarioimagen.net\/index.php?rest_route=\/wp\/v2\/users\/3"}],"replies":[{"embeddable":true,"href":"https:\/\/www.diarioimagen.net\/index.php?rest_route=%2Fwp%2Fv2%2Fcomments&post=583981"}],"version-history":[{"count":0,"href":"https:\/\/www.diarioimagen.net\/index.php?rest_route=\/wp\/v2\/posts\/583981\/revisions"}],"wp:featuredmedia":[{"embeddable":true,"href":"https:\/\/www.diarioimagen.net\/index.php?rest_route=\/wp\/v2\/media\/584069"}],"wp:attachment":[{"href":"https:\/\/www.diarioimagen.net\/index.php?rest_route=%2Fwp%2Fv2%2Fmedia&parent=583981"}],"wp:term":[{"taxonomy":"category","embeddable":true,"href":"https:\/\/www.diarioimagen.net\/index.php?rest_route=%2Fwp%2Fv2%2Fcategories&post=583981"},{"taxonomy":"post_tag","embeddable":true,"href":"https:\/\/www.diarioimagen.net\/index.php?rest_route=%2Fwp%2Fv2%2Ftags&post=583981"}],"curies":[{"name":"wp","href":"https:\/\/api.w.org\/{rel}","templated":true}]}}