{"id":583987,"date":"2023-05-17T00:03:46","date_gmt":"2023-05-17T06:03:46","guid":{"rendered":"https:\/\/www.diarioimagen.net\/?p=583987"},"modified":"2023-05-17T03:18:08","modified_gmt":"2023-05-17T09:18:08","slug":"ximena-sarinana-sera-la-narradora-de-allegro-sinfonico-para-ninos","status":"publish","type":"post","link":"https:\/\/www.diarioimagen.net\/?p=583987","title":{"rendered":"Ximena Sari\u00f1ana ser\u00e1 la narradora de Allegro Sinf\u00f3nico para Ni\u00f1os"},"content":{"rendered":"<p>&nbsp;<\/p>\n<h3 style=\"text-align: center;\">En el Auditorio Nacional<\/h3>\n<p>&nbsp;<\/p>\n<ul>\n<li><strong><em>La cantautora se sumar\u00e1 a este concierto a cargo de la Orquesta Sinf\u00f3nica de Miner\u00eda, bajo la direcci\u00f3n de Ra\u00fal Aquiles Delgado<\/em><\/strong><\/li>\n<\/ul>\n<p>&nbsp;<\/p>\n<div id=\"attachment_584086\" style=\"width: 470px\" class=\"wp-caption aligncenter\"><a href=\"https:\/\/www.diarioimagen.net\/?attachment_id=584086\" rel=\"attachment wp-att-584086\"><img loading=\"lazy\" decoding=\"async\" aria-describedby=\"caption-attachment-584086\" class=\"size-full wp-image-584086\" src=\"https:\/\/www.diarioimagen.net\/wp-content\/uploads\/2023\/05\/ximena-auditorio.jpg\" alt=\"\" width=\"460\" height=\"270\" \/><\/a><p id=\"caption-attachment-584086\" class=\"wp-caption-text\">El programa creado por el Auditorio Nacional para acercar al p\u00fablico infantil a la m\u00fasica sinf\u00f3nica se presentar\u00e1 el pr\u00f3ximo 20 de agosto.<\/p><\/div>\n<p>&nbsp;<\/p>\n<p>La cantante, compositora y actriz Ximena Sari\u00f1ana se sumar\u00e1 como narradora en el gran regreso de <em>Allegro sinf\u00f3nico para ni\u00f1os<\/em> al Auditorio Nacional, el pr\u00f3ximo domingo 20 de agosto. Esta vez la Orquesta Sinf\u00f3nica de Miner\u00eda estar\u00e1 bajo la batuta del maestro Ra\u00fal Aquiles Delgado y el repertorio incluir\u00e1 <em>El carnaval de los animales<\/em>, de Camille Saint-Sa\u00ebns, y el cuento musical <em>Pedro y el lobo<\/em>, de Sergu\u00e9i Prok\u00f3fiev, que sonar\u00e1 simult\u00e1neamente a la proyecci\u00f3n de la pel\u00edcula <em>Sergei Prokofiev\u2019s Peter &amp; The Wolf<\/em>, dirigida por Suzie Templeton, ganadora del \u00d3scar 2008 a Mejor cortometraje de animaci\u00f3n, que transform\u00f3 la cl\u00e1sica historia en un tema m\u00e1s actual y humano, al incluir aspectos relacionados con la ecolog\u00eda y la convivencia con los animales y la naturaleza.<\/p>\n<p>Ximena Sari\u00f1ana debut\u00f3 en el Auditorio Nacional en junio de 2019, como parte de la gira promocional de su \u00e1lbum <em>\u00bfD\u00f3nde bailar\u00e1n las ni\u00f1as?<\/em> Recientemente anunci\u00f3 que est\u00e1 por conseguir el cuarto <em>sold out<\/em> de la serie de presentaciones que ofrecer\u00e1 este a\u00f1o en el Lunario los pr\u00f3ximos 30 de junio y 1, 2 y 8 de julio, para celebrar el 15 aniversario de su disco debut titulado <em>Mediocre<\/em> (2008), nominado al Grammy internacional por Mejor \u00e1lbum de rock latino o alternativo. Actualmente promociona tambi\u00e9n su nueva pel\u00edcula <em>\u00bfC\u00f3mo matar a mam\u00e1? <\/em>(2023) del director Jos\u00e9 Ram\u00f3n Ch\u00e1vez.<\/p>\n<p><em>Allegro sinf\u00f3nico para ni\u00f1os<\/em> es un programa creado por el Auditorio Nacional en 2017 con el fin de acercar al p\u00fablico infantil a la m\u00fasica sinf\u00f3nica de forma l\u00fadica, a trav\u00e9s de obras c\u00e9lebres. La primera parte de este concierto estar\u00e1 conformada por <em>El carnaval de los animales<\/em>, obra escrita en 1886. Con esta suite de 14 movimientos, Camille Saint-Sa\u00ebns (1835-1921) cre\u00f3 una metamorfosis musical evocadora de diversas especies: leones, elefantes, gallinas, tortugas, canguros, burros, peces y un cisne, entre otros. Destinada a los d\u00edas de carnaval, en esta composici\u00f3n se asigna un instrumento a cada uno de los animales, como el contrabajo al elefante o el violonchelo al cisne.<\/p>\n<p>A la manera del estadounidense Carl Stalling, quien sonoriz\u00f3 las caricaturas de Warner Brothers mezclando a compositores y obras, Saint-Sa\u00ebns emple\u00f3 m\u00fasica de otros autores, situ\u00e1ndola en un contexto muy distinto del original, por ejemplo, <em>Tortugas<\/em> recurre al can-can de <em>Orfeo en los infiernos <\/em>de Jacques Offenbach, interpret\u00e1ndolo en <em>tempo <\/em>lento; <em>L\u2019\u00c9l\u00e9phant <\/em>es la <em>Danse des sylphes<\/em> de Hector Berlioz, en una tesitura m\u00e1s grave.<\/p>\n<p>La segunda parte se convertir\u00e1 en un concierto sinf\u00f3nico visual, en el que la Orquesta Sinf\u00f3nica de Miner\u00eda interpretar\u00e1 la magn\u00edfica partitura que el gran compositor Sergu\u00e9i Prok\u00f3fiev (1891-1953) compuso para su cuento musicalizado <em>Pedro y el lobo<\/em>, mientras se proyecta el multipremiado cortometraje basado en esta obra, realizado por la directora Suzie Templeton.<\/p>\n<p><em>Pedro y el lobo<\/em> es una de las piezas musicales m\u00e1s famosas de Prok\u00f3fiev, el texto fue escrito por \u00e9l mismo en 1936 y se estren\u00f3 en mayo de ese a\u00f1o. Este cuento musical narra la historia de Pedro, un ni\u00f1o que vive con su abuelo y tiene como amigos a un p\u00e1jaro, un gato y un pato que viven cerca de un bosque en el que merodean los lobos. En esta obra cada personaje es representado por el sonido de un instrumento musical, por ejemplo, Pedro es interpretado por las cuerdas, su abuelo por el fagot y el lobo por los cornos.<\/p>\n<p>Esta composici\u00f3n musicalizar\u00e1 la aclamada cinta <em>Sergei Prokofiev\u2019s Peter &amp; the Wolf<\/em>, realizada en 2006 por la cineasta Suzie Templeton, en la que se emplearon diversas t\u00e9cnicas de animaci\u00f3n: <em>stop-motion<\/em> (cuadro por cuadro), marionetas, maquetas y escenarios a escala, as\u00ed como tecnolog\u00eda vanguardista para la post-producci\u00f3n.<\/p>\n<p>El cortometraje tuvo un presupuesto aproximado de 6 millones de euros y m\u00e1s de 100 artistas trabajaron en su creaci\u00f3n, desde animadores hasta escultores. La pel\u00edcula se estren\u00f3 en el Royal Albert Hall de Londres en 2006, musicalizada por la Philharmonia Orchestra de Londres. La cinta recibi\u00f3 tambi\u00e9n una nominaci\u00f3n al premio Bafta por Mejor animaci\u00f3n en 2007 y gan\u00f3 el Festival Internacional de Animaci\u00f3n Annecy, en Francia, uno de los m\u00e1s prestigiosos de Europa.<\/p>\n<p>En esta versi\u00f3n la historia se sit\u00faa en Polonia y el cuento original se transforma en un relato m\u00e1s contempor\u00e1neo y humano, al plantear personajes entra\u00f1ables y conceptos relacionados con la conservaci\u00f3n de las especies y el respeto a sus h\u00e1bitats, ya que Pedro desea salvar al lobo, mientras que su abuelo, la gente del pueblo y los cazadores, buscan capturarlo.<\/p>\n<p>El concierto<em> Allegro sinf\u00f3nico para ni\u00f1os <\/em>se presentar\u00e1 el domingo 20 de agosto a las 17:30 horas en el Auditorio Nacional (Reforma 50, Bosque de Chapultepec). Boletos: De $300 a $1550, disponibles en taquillas del foro sin cargo extra y en el Sistema Ticketmaster.<\/p>\n","protected":false},"excerpt":{"rendered":"<p>La cantante, compositora y actriz Ximena Sari\u00f1ana se sumar\u00e1 como narradora en el gran regreso de <em>Allegro sinf\u00f3nico para ni\u00f1os<\/em> al Auditorio Nacional, el pr\u00f3ximo domingo 20 de agosto. Esta vez la Orquesta Sinf\u00f3nica de Miner\u00eda estar\u00e1 bajo la batuta del maestro Ra\u00fal Aquiles Delgado y el repertorio incluir\u00e1 <em>El carnaval de los animales<\/em>,<\/p>\n","protected":false},"author":3,"featured_media":584086,"comment_status":"open","ping_status":"open","sticky":false,"template":"","format":"standard","meta":{"_monsterinsights_skip_tracking":false,"_monsterinsights_sitenote_active":false,"_monsterinsights_sitenote_note":"","_monsterinsights_sitenote_category":0,"footnotes":""},"categories":[12],"tags":[73149,4490],"class_list":["post-583987","post","type-post","status-publish","format-standard","has-post-thumbnail","hentry","category-espectaculos","tag-allegro-sinfonico","tag-ximena-sarinana"],"_links":{"self":[{"href":"https:\/\/www.diarioimagen.net\/index.php?rest_route=\/wp\/v2\/posts\/583987","targetHints":{"allow":["GET"]}}],"collection":[{"href":"https:\/\/www.diarioimagen.net\/index.php?rest_route=\/wp\/v2\/posts"}],"about":[{"href":"https:\/\/www.diarioimagen.net\/index.php?rest_route=\/wp\/v2\/types\/post"}],"author":[{"embeddable":true,"href":"https:\/\/www.diarioimagen.net\/index.php?rest_route=\/wp\/v2\/users\/3"}],"replies":[{"embeddable":true,"href":"https:\/\/www.diarioimagen.net\/index.php?rest_route=%2Fwp%2Fv2%2Fcomments&post=583987"}],"version-history":[{"count":0,"href":"https:\/\/www.diarioimagen.net\/index.php?rest_route=\/wp\/v2\/posts\/583987\/revisions"}],"wp:featuredmedia":[{"embeddable":true,"href":"https:\/\/www.diarioimagen.net\/index.php?rest_route=\/wp\/v2\/media\/584086"}],"wp:attachment":[{"href":"https:\/\/www.diarioimagen.net\/index.php?rest_route=%2Fwp%2Fv2%2Fmedia&parent=583987"}],"wp:term":[{"taxonomy":"category","embeddable":true,"href":"https:\/\/www.diarioimagen.net\/index.php?rest_route=%2Fwp%2Fv2%2Fcategories&post=583987"},{"taxonomy":"post_tag","embeddable":true,"href":"https:\/\/www.diarioimagen.net\/index.php?rest_route=%2Fwp%2Fv2%2Ftags&post=583987"}],"curies":[{"name":"wp","href":"https:\/\/api.w.org\/{rel}","templated":true}]}}